{"id":124978,"date":"2018-07-24T07:52:30","date_gmt":"2018-07-24T05:52:30","guid":{"rendered":"https:\/\/www.ifun.de\/?p=124978"},"modified":"2018-07-25T09:13:01","modified_gmt":"2018-07-25T07:13:01","slug":"macbook-pro-2018-spannungsregler-zu-schwach-fuer-i9-prozessor","status":"publish","type":"post","link":"https:\/\/www.ifun.de\/macbook-pro-2018-spannungsregler-zu-schwach-fuer-i9-prozessor-124978\/","title":{"rendered":"MacBook Pro 2018: &#8222;Spannungsregler zu schwach f\u00fcr i9-Prozessor&#8220;"},"content":{"rendered":"<p>Auf die offensichtlich vorhandenen Leistungsprobleme des MacBook Pro 2018 im Zusammenspiel mit der gr\u00f6\u00dften Prozessoroption &#8222;2,9 GHz 6\u2011Core Intel Core i9 &#8220; mussten wir <a href=\"https:\/\/www.ifun.de\/im-video-macbook-pro-2017-schneller-als-macbook-pro-2018-124816\/\" title=\"Im Video: MacBook Pro 2017 schneller als MacBook Pro 2018\">bereits<\/a> <a href=\"https:\/\/www.ifun.de\/macbook-pro-2018-mit-i9-prozessor-nur-im-kuehlschrank-die-volle-leistung-124760\/\" title=\"MacBook Pro 2018: \u201eMit i9-Prozessor nur im K\u00fchlschrank die volle Leistung\u201c\">hinweisen<\/a>. Das Thema wird uns wohl noch einige Zeit begleiten, insbesondere wenn sich die neuesten Erkenntnisse diesbez\u00fcglich bewahrheiten: Wie es scheint, ist der Grund f\u00fcr die Leistungseinbr\u00fcche nicht im Bereich der Prozessork\u00fchlung zu suchen, vielmehr liefere der von Apple verbaute Spannungsregler nicht ausreichend Leistung.<\/p>\n<p>Auf der Diskussionsplattform Reddit befasst sich ein <a href=\"https:\/\/www.reddit.com\/r\/macbookpro\/comments\/91256u\/optimal_cpu_tuning_settings_for_i9_mbp_to_stop\/\">umfangreicher Thread<\/a> mit dieser Theorie, inklusive einer Anleitung, Apples Vorgaben (unter Verlust der Garantie) zu optimieren. Die eigentliche Ursache l\u00e4sst sich allerdings nicht durch softwareseitige Einstellungen bek\u00e4mpfen. Wenn die bisherigen Analysen zutreffen, kann der im Englischen Voltage Regulator Module (VRM) genannte Spannungsregler die vom i9-Prozessor ben\u00f6tigte Leistung nicht in vollem Umfang liefern und arbeitet somit permanent am Maximum. In der Folge w\u00fcrde sich die Lebenszeit des Moduls deutlich verringern, ein Defekt h\u00e4tte wohl den Ausfall der Hauptplatine zur Folge.<\/p>\n<blockquote>\n<p>Wenn Apple nichts tut \u2026 und euer System auf diese Weise drosselt und st\u00e4ndig zwischen 800 MHz und Full-Turbo hin und her wechselt, l\u00e4uft der Spannungsregler unter extremer Last. Dies wirkt sich nahezu sicher negativ auf die Lebensdauer des VRM aus und wird in der Folge einen fr\u00fchzeitigen Ausfall der Hauptplatine verursachen.<\/p>\n<\/blockquote>\n<p>Louis Rossmann, bekannter YouTuber und Inhaber einer Computerwerkstatt in New York, hat sich des Themas ebenfalls angenommen und best\u00e4tigt die Einsch\u00e4tzungen auf Reddit.<\/p>\n<p><div class=\"responsive-video\"><iframe loading=\"lazy\" width=\"560\" height=\"315\" src=\"https:\/\/www.youtube-nocookie.com\/embed\/Xjor24HO2HA\" frameborder=\"0\" allow=\"autoplay; encrypted-media\" allowfullscreen><\/iframe><\/div><\/p>\n<p>Es ist uns wichtig anzumerken, dass die beschriebenen Probleme bislang ausschlie\u00dflich im Zusammenhang mit der Maximalkonfiguration mit Intels i9-Prozessor auftreten. Zur Standardausstattung mit Intels i7-Prozessor gibt es bislang keine Berichte diesbez\u00fcglich. Dennoch, 20 Jahre nachdem Apple Intel mit der &#8222;Toasted&#8220;-Werbekampagne auf die Schippe genommen hat, scheint der Mac-Hersteller selbst Probleme damit zu haben, den Leistungshunger und die Temperaturentwicklung der Prozessoren im Zaum zu halten.<img loading=\"lazy\" decoding=\"async\" src=\"http:\/\/vg06.met.vgwort.de\/na\/6fd80a325c5d486591029798a70299f5\" width=\"1\" height=\"1\" class=\"tracking\"><\/p>\n<h2>Apples &#8222;Toasted&#8220;-Werbeclip aus dem Jahr 1997<\/h2>\n<p><div class=\"responsive-video\"><iframe loading=\"lazy\" width=\"700\" height=\"315\" src=\"https:\/\/www.youtube-nocookie.com\/embed\/zE6aKeK61A4\" frameborder=\"0\" allow=\"autoplay; encrypted-media\" allowfullscreen><\/iframe><\/div><\/p>\n<p><h8>Danke Sebstian<\/h8><\/p>\n","protected":false},"excerpt":{"rendered":"<a href=\"https:\/\/www.ifun.de\/macbook-pro-2018-spannungsregler-zu-schwach-fuer-i9-prozessor-124978\/\"><img width=\"150\" height=\"150\" src=\"https:\/\/images.ifun.de\/wp-content\/uploads\/2018\/07\/apple-intel-werbung-toasted-150x150.jpg\" class=\"alignright tfe wp-post-image\" alt=\"Apple Intel Werbung Toasted\" decoding=\"async\" loading=\"lazy\" \/><\/a><p>Auf die offensichtlich vorhandenen Leistungsprobleme des MacBook Pro 2018 im Zusammenspiel mit der gr\u00f6\u00dften Prozessoroption &#8222;2,9 GHz 6\u2011Core Intel Core i9 &#8220; mussten wir bereits hinweisen. Das Thema wird uns wohl noch einige Zeit begleiten, insbesondere wenn sich die neuesten Erkenntnisse diesbez\u00fcglich bewahrheiten: Wie es scheint, ist der Grund f\u00fcr die Leistungseinbr\u00fcche nicht im Bereich [&hellip;]<\/p>\n","protected":false},"author":2,"featured_media":124985,"comment_status":"open","ping_status":"closed","sticky":false,"template":"","format":"standard","meta":{"_acf_changed":false,"footnotes":""},"categories":[16],"tags":[224,177,4218],"class_list":["post-124978","post","type-post","status-publish","format-standard","has-post-thumbnail","hentry","category-mac","tag-macbook-pro","tag-problem","tag-vrm"],"acf":[],"aioseo_notices":[],"subheadline":["Ausf\u00e4lle angeblich vorprogrammiert"],"featured_image":["https:\/\/images.ifun.de\/wp-content\/uploads\/2018\/07\/power-gadget.jpg"],"rest_api_enabler":{"subheadline":"Ausf\u00e4lle angeblich vorprogrammiert","featured_image":"https:\/\/images.ifun.de\/wp-content\/uploads\/2018\/07\/power-gadget.jpg"},"_links":{"self":[{"href":"https:\/\/www.ifun.de\/apiv2\/wp\/v2\/posts\/124978","targetHints":{"allow":["GET"]}}],"collection":[{"href":"https:\/\/www.ifun.de\/apiv2\/wp\/v2\/posts"}],"about":[{"href":"https:\/\/www.ifun.de\/apiv2\/wp\/v2\/types\/post"}],"author":[{"embeddable":true,"href":"https:\/\/www.ifun.de\/apiv2\/wp\/v2\/users\/2"}],"replies":[{"embeddable":true,"href":"https:\/\/www.ifun.de\/apiv2\/wp\/v2\/comments?post=124978"}],"version-history":[{"count":8,"href":"https:\/\/www.ifun.de\/apiv2\/wp\/v2\/posts\/124978\/revisions"}],"predecessor-version":[{"id":124987,"href":"https:\/\/www.ifun.de\/apiv2\/wp\/v2\/posts\/124978\/revisions\/124987"}],"wp:featuredmedia":[{"embeddable":true,"href":"https:\/\/www.ifun.de\/apiv2\/wp\/v2\/media\/124985"}],"wp:attachment":[{"href":"https:\/\/www.ifun.de\/apiv2\/wp\/v2\/media?parent=124978"}],"wp:term":[{"taxonomy":"category","embeddable":true,"href":"https:\/\/www.ifun.de\/apiv2\/wp\/v2\/categories?post=124978"},{"taxonomy":"post_tag","embeddable":true,"href":"https:\/\/www.ifun.de\/apiv2\/wp\/v2\/tags?post=124978"}],"curies":[{"name":"wp","href":"https:\/\/api.w.org\/{rel}","templated":true}]}}