{"id":124952,"date":"2018-07-23T14:35:30","date_gmt":"2018-07-23T12:35:30","guid":{"rendered":"https:\/\/www.ifun.de\/?p=124952"},"modified":"2018-07-23T14:38:31","modified_gmt":"2018-07-23T12:38:31","slug":"ruecknahmepflicht-von-elektroaltgeraeten-deutsche-umwelthilfe-kritisiert-apple","status":"publish","type":"post","link":"https:\/\/www.ifun.de\/ruecknahmepflicht-von-elektroaltgeraeten-deutsche-umwelthilfe-kritisiert-apple-124952\/","title":{"rendered":"R\u00fccknahmepflicht von Elektroaltger\u00e4ten: Deutsche Umwelthilfe kritisiert Apple"},"content":{"rendered":"<p>Apple pr\u00e4sentiert sich gerne als Vorreiter in Sachen Umweltschutz und konnte durch verantwortungsvollen Materialeinsatz mittlerweile sogar <a href=\"https:\/\/www.ifun.de\/greenpeace-guide-to-greener-electronics-dickes-lob-fuer-apple-114148\/\" title=\"Greenpeace Guide to Greener Electronics: Dickes Lob f\u00fcr Apple\">Greenpeace zufriedenstellen<\/a>. Die Deutsche Umwelthilfe (DUH) sieht mit Blick auf die Recycling-Prozesse allerdings noch Optimierungsbedarf und <a href=\"https:\/\/www.duh.de\/presse\/pressemitteilungen\/pressemitteilung\/180723-zwei-jahre-ruecknahmepflicht-von-elektroaltgeraeten\/\">kritisiert<\/a> \u201emassive Rechtsverst\u00f6\u00dfe\u201c des iPhone-Herstellers.<\/p>\n<p><a href=\"https:\/\/images.ifun.de\/wp-content\/uploads\/2018\/07\/duh.jpg\"><img loading=\"lazy\" decoding=\"async\" src=\"https:\/\/images.ifun.de\/wp-content\/uploads\/2018\/07\/duh.jpg\" alt=\"Duh\" width=\"500\" height=\"493\" class=\"alignnone size-full wp-image-124955\" srcset=\"https:\/\/images.ifun.de\/wp-content\/uploads\/2018\/07\/duh.jpg 500w, https:\/\/images.ifun.de\/wp-content\/uploads\/2018\/07\/duh-300x296.jpg 300w\" sizes=\"auto, (max-width: 500px) 100vw, 500px\" \/><\/a><\/p>\n<h6>Bild: Deutsche Umwelthilfe<\/h6>\n<p>Aufh\u00e4nger f\u00fcr die Pressemitteilung der DUH ist die vor zwei Jahren in Deutschland eingef\u00fchrte R\u00fccknahmepflicht von Elektroaltger\u00e4ten. Verbraucher k\u00f6nnen demnach ihre Altger\u00e4te kostenlos bei H\u00e4ndlern abgeben, die Elektroger\u00e4te auf einer Fl\u00e4che von mindestens 400 Quadratmetern verkaufen. Bei Onlineh\u00e4ndlern wird hier die Versand- und Lagerfl\u00e4che gewertet &#8211; Apple selbst sieht sich allerdings nicht an diese R\u00fccknahmepflicht gebunden. Den Verbrauchersch\u00fctzern zufolge sind Verst\u00f6\u00dfe bei einer Vielzahl von Unternehmen an der Tagesordnung, zudem werde die Einhaltung vom Gesetzgeber nicht kontrolliert. Bei Apple wird unter anderem ein fehlendes Netz von Abgabestellen kritisiert.<\/p>\n<blockquote>\n<p>Das Missachten gesetzlicher Pflichten wird durch das v\u00f6llige Fehlen beh\u00f6rdlicher Kontrollen salonf\u00e4hig gemacht. Die f\u00fcr den Vollzug verantwortlichen Bundesl\u00e4nder und unteren Beh\u00f6rden m\u00fcssen Umweltgesetze endlich ernst nehmen und Verst\u00f6\u00dfe bestrafen, sonst nimmt sie keiner mehr ernst. Solange die f\u00fcr die Kontrolle des Elektrogesetzes zust\u00e4ndigen Landesbeh\u00f6rden unt\u00e4tig bleiben, wird die DUH die Einhaltung notfalls auf dem Rechtsweg durchsetzen.<\/p>\n<\/blockquote>\n<p>Die Umwelthilfe hat f\u00fcr ihre unangemeldeten Tests sowohl den Apple Store Kurf\u00fcrstendamm als auch den Apple Onlinestore ausgew\u00e4hlt und bem\u00e4ngelt, das Serviceangebot sei weder ausreichend, noch verbraucherfreundlich. Allerdings steht Apple hier keineswegs alleine, die gro\u00dfe Mehrheit der gepr\u00fcften Betriebe sieht sich in \u00e4hnlicher Form kritisiert.<\/p>\n<p>Zumindest mit Blick auf Apple l\u00e4sst sich sagen, dass es wohl weniger an der fehlenden Bereitschaft des Unternehmens, sondern eher an fehlender Aufkl\u00e4rung liegt. Apple muss der Auswertung der DUH zufolge seine Mitarbeiter mit Blick auf die R\u00fccknahmepflicht besser instruieren. Ebenso zeigt sich der Verbraucher allerdings schlecht informiert, nur wenige Unternehmen leisten diesbez\u00fcglich aktive Informationsarbeit. Die deutsche Umwelthilfe bietet <a href=\"https:\/\/www.duh.de\/projekte\/elektro-rueckgabe\/\">hier ausf\u00fchrliche Informationen zur R\u00fccknahmepflicht<\/a> an. Die detaillierten Testergebnisse gibt\u2019s <a href=\"https:\/\/www.duh.de\/fileadmin\/user_upload\/download\/Projektinformation\/Kreislaufwirtschaft\/Elektroger%C3%A4te\/180723_DUH_Testbesuchsergebnisse_R%C3%BCcknahme_Elektroaltger%C3%A4te_H%C3%A4ndler.pdf\">hier als PDF<\/a>. <\/p>\n","protected":false},"excerpt":{"rendered":"<a href=\"https:\/\/www.ifun.de\/ruecknahmepflicht-von-elektroaltgeraeten-deutsche-umwelthilfe-kritisiert-apple-124952\/\"><img width=\"150\" height=\"150\" src=\"https:\/\/images.ifun.de\/wp-content\/uploads\/2018\/07\/trash-150x150.jpg\" class=\"alignright tfe wp-post-image\" alt=\"Trash\" decoding=\"async\" loading=\"lazy\" \/><\/a><p>Apple pr\u00e4sentiert sich gerne als Vorreiter in Sachen Umweltschutz und konnte durch verantwortungsvollen Materialeinsatz mittlerweile sogar Greenpeace zufriedenstellen. Die Deutsche Umwelthilfe (DUH) sieht mit Blick auf die Recycling-Prozesse allerdings noch Optimierungsbedarf und kritisiert \u201emassive Rechtsverst\u00f6\u00dfe\u201c des iPhone-Herstellers. Bild: Deutsche Umwelthilfe Aufh\u00e4nger f\u00fcr die Pressemitteilung der DUH ist die vor zwei Jahren in Deutschland eingef\u00fchrte R\u00fccknahmepflicht [&hellip;]<\/p>\n","protected":false},"author":2,"featured_media":124957,"comment_status":"open","ping_status":"closed","sticky":false,"template":"","format":"standard","meta":{"_acf_changed":false,"footnotes":""},"categories":[3],"tags":[4736,76],"class_list":["post-124952","post","type-post","status-publish","format-standard","has-post-thumbnail","hentry","category-apple","tag-apple","tag-umwelt"],"acf":[],"aioseo_notices":[],"subheadline":["Mitarbeiter unzureichend informiert"],"featured_image":["https:\/\/images.ifun.de\/wp-content\/uploads\/2018\/07\/trash.jpg"],"rest_api_enabler":{"subheadline":"Mitarbeiter unzureichend informiert","featured_image":"https:\/\/images.ifun.de\/wp-content\/uploads\/2018\/07\/trash.jpg"},"_links":{"self":[{"href":"https:\/\/www.ifun.de\/apiv2\/wp\/v2\/posts\/124952","targetHints":{"allow":["GET"]}}],"collection":[{"href":"https:\/\/www.ifun.de\/apiv2\/wp\/v2\/posts"}],"about":[{"href":"https:\/\/www.ifun.de\/apiv2\/wp\/v2\/types\/post"}],"author":[{"embeddable":true,"href":"https:\/\/www.ifun.de\/apiv2\/wp\/v2\/users\/2"}],"replies":[{"embeddable":true,"href":"https:\/\/www.ifun.de\/apiv2\/wp\/v2\/comments?post=124952"}],"version-history":[{"count":8,"href":"https:\/\/www.ifun.de\/apiv2\/wp\/v2\/posts\/124952\/revisions"}],"predecessor-version":[{"id":124962,"href":"https:\/\/www.ifun.de\/apiv2\/wp\/v2\/posts\/124952\/revisions\/124962"}],"wp:featuredmedia":[{"embeddable":true,"href":"https:\/\/www.ifun.de\/apiv2\/wp\/v2\/media\/124957"}],"wp:attachment":[{"href":"https:\/\/www.ifun.de\/apiv2\/wp\/v2\/media?parent=124952"}],"wp:term":[{"taxonomy":"category","embeddable":true,"href":"https:\/\/www.ifun.de\/apiv2\/wp\/v2\/categories?post=124952"},{"taxonomy":"post_tag","embeddable":true,"href":"https:\/\/www.ifun.de\/apiv2\/wp\/v2\/tags?post=124952"}],"curies":[{"name":"wp","href":"https:\/\/api.w.org\/{rel}","templated":true}]}}