{"id":124870,"date":"2018-07-20T08:29:16","date_gmt":"2018-07-20T06:29:16","guid":{"rendered":"https:\/\/www.ifun.de\/?p=124870"},"modified":"2018-07-20T08:29:16","modified_gmt":"2018-07-20T06:29:16","slug":"neuer-apple-store-mailand-kuenstler-gestalten-eroeffnungsmotiv","status":"publish","type":"post","link":"https:\/\/www.ifun.de\/neuer-apple-store-mailand-kuenstler-gestalten-eroeffnungsmotiv-124870\/","title":{"rendered":"Neuer Apple Store Mailand: K\u00fcnstler gestalten Er\u00f6ffnungsmotiv"},"content":{"rendered":"<p>Mit <a href=\"https:\/\/www.apple.com\/it\/retail\/piazzalibertycosafarai\/\">Apple Piazza Liberty<\/a> \u00f6ffnet in Mailand n\u00e4chste Woche der siebzehnte italienische Apple Store seine T\u00fcren. Im Vorfeld der Er\u00f6ffnung bezieht Apple wie in der j\u00fcngsten Vergangenheit \u00f6fter geschehen lokale K\u00fcnstler mit ein. Auf diese Weise entstanden 21 Kunstwerke um das Thema \u201eWas machst Du morgen, Mailand?\u201c, die nun den noch verh\u00fcllten, mit seiner gro\u00dfen Au\u00dfentreppe an ein Amphitheater erinnernden neuen Mail\u00e4nder Apple Store schm\u00fccken.<\/p>\n<p><a href=\"https:\/\/images.ifun.de\/wp-content\/uploads\/2018\/07\/apple-milano.jpg\"><img loading=\"lazy\" decoding=\"async\" src=\"https:\/\/images.ifun.de\/wp-content\/uploads\/2018\/07\/apple-milano.jpg\" alt=\"Apple Milano\" width=\"500\" height=\"446\" class=\"alignnone size-full wp-image-124874\" srcset=\"https:\/\/images.ifun.de\/wp-content\/uploads\/2018\/07\/apple-milano.jpg 500w, https:\/\/images.ifun.de\/wp-content\/uploads\/2018\/07\/apple-milano-300x268.jpg 300w\" sizes=\"auto, (max-width: 500px) 100vw, 500px\" \/><\/a><\/p>\n<p>Die Kunstwerke formen die Buchstaben des gro\u00dffl\u00e4chig angebrachten Schriftzugs \u201eCosa farai domani, Milano?\u201c. Apple w\u00fcrdigt mit dieser Aktion den Ruf der norditalienischen Stadt als Metropole f\u00fcr Mode und Design.<\/p>\n<blockquote>\n<p>Jeden Tag erfinden K\u00fcnstler und Designer in Mailand die Zukunft neu. Zwanzig von ihnen fragten wir, was sie morgen tun w\u00fcrden, und hier sind ihre Antworten: eine Momentaufnahme der kreativen Energie der Stadt.<\/p>\n<\/blockquote>\n<p><a href=\"https:\/\/images.ifun.de\/wp-content\/uploads\/2018\/07\/apple-piazza-mailand.jpg\"><img loading=\"lazy\" decoding=\"async\" src=\"https:\/\/images.ifun.de\/wp-content\/uploads\/2018\/07\/apple-piazza-mailand.jpg\" alt=\"Apple Piazza Mailand\" width=\"700\" height=\"467\" class=\"alignnone size-full wp-image-124872\" srcset=\"https:\/\/images.ifun.de\/wp-content\/uploads\/2018\/07\/apple-piazza-mailand.jpg 700w, https:\/\/images.ifun.de\/wp-content\/uploads\/2018\/07\/apple-piazza-mailand-300x200.jpg 300w\" sizes=\"auto, (max-width: 700px) 100vw, 700px\" \/><\/a><\/p>\n<p><h8>Via <a href=\"https:\/\/twitter.com\/storetellee\">Storeteller<\/a><\/h8><\/p>\n","protected":false},"excerpt":{"rendered":"<a href=\"https:\/\/www.ifun.de\/neuer-apple-store-mailand-kuenstler-gestalten-eroeffnungsmotiv-124870\/\"><img width=\"150\" height=\"150\" src=\"https:\/\/images.ifun.de\/wp-content\/uploads\/2018\/07\/apple-milano-150x150.jpg\" class=\"alignright tfe wp-post-image\" alt=\"Apple Milano\" decoding=\"async\" loading=\"lazy\" \/><\/a><p>Mit Apple Piazza Liberty \u00f6ffnet in Mailand n\u00e4chste Woche der siebzehnte italienische Apple Store seine T\u00fcren. Im Vorfeld der Er\u00f6ffnung bezieht Apple wie in der j\u00fcngsten Vergangenheit \u00f6fter geschehen lokale K\u00fcnstler mit ein. Auf diese Weise entstanden 21 Kunstwerke um das Thema \u201eWas machst Du morgen, Mailand?\u201c, die nun den noch verh\u00fcllten, mit seiner gro\u00dfen [&hellip;]<\/p>\n","protected":false},"author":2,"featured_media":124874,"comment_status":"open","ping_status":"closed","sticky":false,"template":"","format":"standard","meta":{"_acf_changed":false,"footnotes":""},"categories":[3],"tags":[49,1290,3559],"class_list":["post-124870","post","type-post","status-publish","format-standard","has-post-thumbnail","hentry","category-apple","tag-apple-store","tag-italien","tag-mailand"],"acf":[],"aioseo_notices":[],"featured_image":["https:\/\/images.ifun.de\/wp-content\/uploads\/2018\/07\/apple-mailand-kunst.jpg"],"subheadline":["\"Grand Opening\" n\u00e4chsten Donnerstag"],"rest_api_enabler":{"featured_image":"https:\/\/images.ifun.de\/wp-content\/uploads\/2018\/07\/apple-mailand-kunst.jpg","subheadline":"\"Grand Opening\" n\u00e4chsten Donnerstag"},"_links":{"self":[{"href":"https:\/\/www.ifun.de\/apiv2\/wp\/v2\/posts\/124870","targetHints":{"allow":["GET"]}}],"collection":[{"href":"https:\/\/www.ifun.de\/apiv2\/wp\/v2\/posts"}],"about":[{"href":"https:\/\/www.ifun.de\/apiv2\/wp\/v2\/types\/post"}],"author":[{"embeddable":true,"href":"https:\/\/www.ifun.de\/apiv2\/wp\/v2\/users\/2"}],"replies":[{"embeddable":true,"href":"https:\/\/www.ifun.de\/apiv2\/wp\/v2\/comments?post=124870"}],"version-history":[{"count":3,"href":"https:\/\/www.ifun.de\/apiv2\/wp\/v2\/posts\/124870\/revisions"}],"predecessor-version":[{"id":124876,"href":"https:\/\/www.ifun.de\/apiv2\/wp\/v2\/posts\/124870\/revisions\/124876"}],"wp:featuredmedia":[{"embeddable":true,"href":"https:\/\/www.ifun.de\/apiv2\/wp\/v2\/media\/124874"}],"wp:attachment":[{"href":"https:\/\/www.ifun.de\/apiv2\/wp\/v2\/media?parent=124870"}],"wp:term":[{"taxonomy":"category","embeddable":true,"href":"https:\/\/www.ifun.de\/apiv2\/wp\/v2\/categories?post=124870"},{"taxonomy":"post_tag","embeddable":true,"href":"https:\/\/www.ifun.de\/apiv2\/wp\/v2\/tags?post=124870"}],"curies":[{"name":"wp","href":"https:\/\/api.w.org\/{rel}","templated":true}]}}