{"id":124858,"date":"2018-07-19T20:03:55","date_gmt":"2018-07-19T18:03:55","guid":{"rendered":"https:\/\/www.ifun.de\/?p=124858"},"modified":"2018-07-19T20:03:55","modified_gmt":"2018-07-19T18:03:55","slug":"macbook-pro-2018-alle-thunderbolt-3-anschluesse-mit-voller-leistung","status":"publish","type":"post","link":"https:\/\/www.ifun.de\/macbook-pro-2018-alle-thunderbolt-3-anschluesse-mit-voller-leistung-124858\/","title":{"rendered":"MacBook Pro 2018: Alle Thunderbolt-3-Anschl\u00fcsse mit voller Leistung"},"content":{"rendered":"<p>Als Nachschlag zu den vergangene Woche vorgestellten <a href=\"https:\/\/ifun.de\/applestore\/https:\/\/www.apple.com\/de\/mac\/\" title=\"MacBook Pro\">MacBook-Pro-Modellen<\/a> gibt es noch eine interessante Info f\u00fcr Kaufinteressenten: Auch beim kleineren 13-Zoll-Modell liefern nun alle verf\u00fcgbaren Thunderbolt-Anschl\u00fcsse die volle Bandbreite von bis zu 40 Gbit\/s.<\/p>\n<p><a href=\"https:\/\/images.ifun.de\/wp-content\/uploads\/2018\/07\/macbook-pro-2018-seite.jpg\"><img loading=\"lazy\" decoding=\"async\" src=\"https:\/\/images.ifun.de\/wp-content\/uploads\/2018\/07\/macbook-pro-2018-seite.jpg\" alt=\"Macbook Pro 2018 Seite\" width=\"500\" height=\"355\" class=\"alignnone size-full wp-image-124860\" srcset=\"https:\/\/images.ifun.de\/wp-content\/uploads\/2018\/07\/macbook-pro-2018-seite.jpg 500w, https:\/\/images.ifun.de\/wp-content\/uploads\/2018\/07\/macbook-pro-2018-seite-300x213.jpg 300w\" sizes=\"auto, (max-width: 500px) 100vw, 500px\" \/><\/a><\/p>\n<p>Besitzer der in den vergangenen beiden Jahren vorgestellten Ger\u00e4te m\u00fcssen hier noch mit der Einschr\u00e4nkung leben, dass lediglich die Anschl\u00fcsse auf der linken Seite der Ger\u00e4te die volle Bandbreite zulassen. Die Leistung der Anschl\u00fcsse auf der rechten Ger\u00e4teseite war durch technische Einschr\u00e4nkungen seitens der Prozessoren limitiert. Grund daf\u00fcr ist die Tatsache, dass die Intel-Chips schlicht nicht die ausreichende Anzahl von PCI-Verbindungen zur Verf\u00fcgung stellen.<\/p>\n<p>Mit den in den 2018er-Modellen verbauten Prozessoren vom Typ Core i5 und Core i7 f\u00e4llt diese Beschr\u00e4nkung nun weg. Beide unterst\u00fctzen bis zu 16 PCI-Verbindungen und bieten damit ausreichend Bandbreite f\u00fcr die volle Thunderbolt-3-Geschwindigkeit an allen vier Anschl\u00fcssen. Apple beschreibt diesen Umstand bislang zwar nicht explizit in den Dokumentationen, hat den Sachverhalt laut der amerikanischen Webseite <a href=\"https:\/\/www.macrumors.com\/2018\/07\/19\/2018-13-in-rmbp-touch-bar-full-speed-thunderbolt-3\/?utm_source=feedly&amp;utm_medium=webfeeds\">MacRumors<\/a> mittlerweile aber best\u00e4tigt.<\/p>\n","protected":false},"excerpt":{"rendered":"<a href=\"https:\/\/www.ifun.de\/macbook-pro-2018-alle-thunderbolt-3-anschluesse-mit-voller-leistung-124858\/\"><img width=\"150\" height=\"150\" src=\"https:\/\/images.ifun.de\/wp-content\/uploads\/2018\/07\/macbook-pro-thunderbolt-150x150.jpg\" class=\"alignright tfe wp-post-image\" alt=\"Macbook Pro Thunderbolt\" decoding=\"async\" loading=\"lazy\" \/><\/a><p>Als Nachschlag zu den vergangene Woche vorgestellten MacBook-Pro-Modellen gibt es noch eine interessante Info f\u00fcr Kaufinteressenten: Auch beim kleineren 13-Zoll-Modell liefern nun alle verf\u00fcgbaren Thunderbolt-Anschl\u00fcsse die volle Bandbreite von bis zu 40 Gbit\/s. Besitzer der in den vergangenen beiden Jahren vorgestellten Ger\u00e4te m\u00fcssen hier noch mit der Einschr\u00e4nkung leben, dass lediglich die Anschl\u00fcsse auf der [&hellip;]<\/p>\n","protected":false},"author":2,"featured_media":124861,"comment_status":"open","ping_status":"closed","sticky":false,"template":"","format":"standard","meta":{"_acf_changed":false,"footnotes":""},"categories":[16],"tags":[224,3478],"class_list":["post-124858","post","type-post","status-publish","format-standard","has-post-thumbnail","hentry","category-mac","tag-macbook-pro","tag-thunderbolt-3"],"acf":[],"aioseo_notices":[],"subheadline":["Dank neuer Prozessoren"],"featured_image":["https:\/\/images.ifun.de\/wp-content\/uploads\/2018\/07\/macbook-pro-thunderbolt.jpg"],"rest_api_enabler":{"subheadline":"Dank neuer Prozessoren","featured_image":"https:\/\/images.ifun.de\/wp-content\/uploads\/2018\/07\/macbook-pro-thunderbolt.jpg"},"_links":{"self":[{"href":"https:\/\/www.ifun.de\/apiv2\/wp\/v2\/posts\/124858","targetHints":{"allow":["GET"]}}],"collection":[{"href":"https:\/\/www.ifun.de\/apiv2\/wp\/v2\/posts"}],"about":[{"href":"https:\/\/www.ifun.de\/apiv2\/wp\/v2\/types\/post"}],"author":[{"embeddable":true,"href":"https:\/\/www.ifun.de\/apiv2\/wp\/v2\/users\/2"}],"replies":[{"embeddable":true,"href":"https:\/\/www.ifun.de\/apiv2\/wp\/v2\/comments?post=124858"}],"version-history":[{"count":3,"href":"https:\/\/www.ifun.de\/apiv2\/wp\/v2\/posts\/124858\/revisions"}],"predecessor-version":[{"id":124863,"href":"https:\/\/www.ifun.de\/apiv2\/wp\/v2\/posts\/124858\/revisions\/124863"}],"wp:featuredmedia":[{"embeddable":true,"href":"https:\/\/www.ifun.de\/apiv2\/wp\/v2\/media\/124861"}],"wp:attachment":[{"href":"https:\/\/www.ifun.de\/apiv2\/wp\/v2\/media?parent=124858"}],"wp:term":[{"taxonomy":"category","embeddable":true,"href":"https:\/\/www.ifun.de\/apiv2\/wp\/v2\/categories?post=124858"},{"taxonomy":"post_tag","embeddable":true,"href":"https:\/\/www.ifun.de\/apiv2\/wp\/v2\/tags?post=124858"}],"curies":[{"name":"wp","href":"https:\/\/api.w.org\/{rel}","templated":true}]}}