{"id":124779,"date":"2018-07-18T12:39:19","date_gmt":"2018-07-18T10:39:19","guid":{"rendered":"https:\/\/www.ifun.de\/?p=124779"},"modified":"2018-07-18T12:39:19","modified_gmt":"2018-07-18T10:39:19","slug":"china-icloud-daten-werden-bei-staatlichem-anbieter-gespeichert","status":"publish","type":"post","link":"https:\/\/www.ifun.de\/china-icloud-daten-werden-bei-staatlichem-anbieter-gespeichert-124779\/","title":{"rendered":"China: iCloud-Daten werden bei staatlichem Anbieter gespeichert"},"content":{"rendered":"<p>Zu Jahresbeginn <a href=\"https:\/\/www.ifun.de\/apple-muss-chinesische-icloud-daten-bei-lokalem-anbieter-speichern-117396\/\" title=\"angek\u00fcndigten\">wurde angek\u00fcndigt<\/a>, dass die iCloud-Daten chinesischer Nutzer fortan nicht mehr in den USA, sondern auf Servern in China gespeichert werden. Apple war zu diesem Eingest\u00e4ndnis gezwungen, um mit den lokalen Richtlinien konform zu gehen und das Angebot in China weiterhin aufrecht erhalten zu k\u00f6nnen. Nun wurde ein pikantes Detail der Umstellung <a href=\"https:\/\/techcrunch.com\/2018\/01\/11\/apple-china-icloud-international-users\/\">bekannt<\/a>. Die Daten werden k\u00fcnftig direkt beim Staatsanbieter China Telekom gespeichert, ein Unternehmen, auf der schwarzen Liste der aktuellen US-Regierung weit oben rangieren d\u00fcrfte.<\/p>\n<p><a href=\"https:\/\/images.ifun.de\/wp-content\/uploads\/2015\/09\/china-500.jpg\"><img loading=\"lazy\" decoding=\"async\" src=\"https:\/\/images.ifun.de\/wp-content\/uploads\/2015\/09\/china-500.jpg\" alt=\"\" width=\"500\" height=\"332\" class=\"alignnone size-full wp-image-82425\" srcset=\"https:\/\/images.ifun.de\/wp-content\/uploads\/2015\/09\/china-500.jpg 500w, https:\/\/images.ifun.de\/wp-content\/uploads\/2015\/09\/china-500-300x199.jpg 300w\" sizes=\"auto, (max-width: 500px) 100vw, 500px\" \/><\/a><\/p>\n<p>Apple sieht sich in dieser Angelegenheit ohne Frage in einer Zwickm\u00fchle, l\u00e4sst aber wohl aufgrund von wirtschaftlichen Interessen klare Statements vermissen. Man m\u00fcsse mit den lokalen Richtlinien konform gehen, verwende aber leistungsf\u00e4hige Verschl\u00fcsselungs- und Sicherheitssysteme und es werde auch keinerlei Hintert\u00fcren geben. <\/p>\n<p>Mit der \u00dcbertragung der Daten auf mehr oder weniger eigene Server fallen dennoch erhebliche Barrieren f\u00fcr den von Zensur gepr\u00e4gten asiatischen Staat. So haben in den letzten Monaten auch Regimekritiker und Organisationen chinesische Nutzer vor m\u00f6glichen Folgen des Umzugs <a href=\"https:\/\/www.ifun.de\/total-ueberwachung-reporter-ohne-grenzen-warnen-vor-apples-icloud-118601\/\">gewarnt<\/a>. Im Zweifel sei es sogar sinnvoll, den pers\u00f6nlichen iCloud-Account komplett aufzugeben und sich ein neues Benutzerkonto direkt in den USA zu erstellen.<\/p>\n","protected":false},"excerpt":{"rendered":"<a href=\"https:\/\/www.ifun.de\/china-icloud-daten-werden-bei-staatlichem-anbieter-gespeichert-124779\/\"><img decoding=\"async\" width=\"150\" src=\"https:\/\/images.ifun.de\/wp-content\/uploads\/2015\/09\/china-500.jpg\" class=\"alignright wp-post-image tfe\" alt=\"\" title=\"\" \/><\/a><p>Zu Jahresbeginn wurde angek\u00fcndigt, dass die iCloud-Daten chinesischer Nutzer fortan nicht mehr in den USA, sondern auf Servern in China gespeichert werden. Apple war zu diesem Eingest\u00e4ndnis gezwungen, um mit den lokalen Richtlinien konform zu gehen und das Angebot in China weiterhin aufrecht erhalten zu k\u00f6nnen. Nun wurde ein pikantes Detail der Umstellung bekannt. Die [&hellip;]<\/p>\n","protected":false},"author":2,"featured_media":0,"comment_status":"open","ping_status":"closed","sticky":false,"template":"","format":"standard","meta":{"_acf_changed":false,"footnotes":""},"categories":[3],"tags":[304,401],"class_list":["post-124779","post","type-post","status-publish","format-standard","hentry","category-apple","tag-china","tag-icloud"],"acf":[],"aioseo_notices":[],"subheadline":["Kritiker sehen Privatsph\u00e4re in Gefahr"],"featured_image":["https:\/\/images.ifun.de\/wp-content\/uploads\/2018\/02\/apple-in-china.jpg"],"rest_api_enabler":{"subheadline":"Kritiker sehen Privatsph\u00e4re in Gefahr","featured_image":"https:\/\/images.ifun.de\/wp-content\/uploads\/2018\/02\/apple-in-china.jpg"},"_links":{"self":[{"href":"https:\/\/www.ifun.de\/apiv2\/wp\/v2\/posts\/124779","targetHints":{"allow":["GET"]}}],"collection":[{"href":"https:\/\/www.ifun.de\/apiv2\/wp\/v2\/posts"}],"about":[{"href":"https:\/\/www.ifun.de\/apiv2\/wp\/v2\/types\/post"}],"author":[{"embeddable":true,"href":"https:\/\/www.ifun.de\/apiv2\/wp\/v2\/users\/2"}],"replies":[{"embeddable":true,"href":"https:\/\/www.ifun.de\/apiv2\/wp\/v2\/comments?post=124779"}],"version-history":[{"count":2,"href":"https:\/\/www.ifun.de\/apiv2\/wp\/v2\/posts\/124779\/revisions"}],"predecessor-version":[{"id":124781,"href":"https:\/\/www.ifun.de\/apiv2\/wp\/v2\/posts\/124779\/revisions\/124781"}],"wp:attachment":[{"href":"https:\/\/www.ifun.de\/apiv2\/wp\/v2\/media?parent=124779"}],"wp:term":[{"taxonomy":"category","embeddable":true,"href":"https:\/\/www.ifun.de\/apiv2\/wp\/v2\/categories?post=124779"},{"taxonomy":"post_tag","embeddable":true,"href":"https:\/\/www.ifun.de\/apiv2\/wp\/v2\/tags?post=124779"}],"curies":[{"name":"wp","href":"https:\/\/api.w.org\/{rel}","templated":true}]}}