{"id":124760,"date":"2018-07-18T08:38:41","date_gmt":"2018-07-18T06:38:41","guid":{"rendered":"https:\/\/www.ifun.de\/?p=124760"},"modified":"2018-07-18T08:38:41","modified_gmt":"2018-07-18T06:38:41","slug":"macbook-pro-2018-mit-i9-prozessor-nur-im-kuehlschrank-die-volle-leistung","status":"publish","type":"post","link":"https:\/\/www.ifun.de\/macbook-pro-2018-mit-i9-prozessor-nur-im-kuehlschrank-die-volle-leistung-124760\/","title":{"rendered":"MacBook Pro 2018: &#8222;Mit i9-Prozessor nur im K\u00fchlschrank die volle Leistung&#8220;"},"content":{"rendered":"<p>Apple bietet das neue <a href=\"https:\/\/ifun.de\/applestore\/https:\/\/www.apple.com\/de\/mac\/\">MacBook Pro<\/a> alternativ zur Standardausstattung mit Intels i7-Prozessoren auch mit einem leistungsf\u00e4higeren i9-Prozessor mit 2,9 GHz an. In dieser Maximalausstattung leistet das Notebook offenbar jedoch weniger, als es verspricht. Zu diesem Ergebnis kommt jedenfalls der bekannte YouTuber Dave Lee im Rahmen nach einem ersten Test des Ger\u00e4ts.<\/p>\n<p><a href=\"https:\/\/images.ifun.de\/wp-content\/uploads\/2018\/07\/macbook-pro-2018-i9-gedrosselt.jpg\"><img loading=\"lazy\" decoding=\"async\" src=\"https:\/\/images.ifun.de\/wp-content\/uploads\/2018\/07\/macbook-pro-2018-i9-gedrosselt.jpg\" alt=\"Macbook Pro 2018 I9 Gedrosselt\" width=\"500\" height=\"614\" class=\"alignnone size-full wp-image-124764\" srcset=\"https:\/\/images.ifun.de\/wp-content\/uploads\/2018\/07\/macbook-pro-2018-i9-gedrosselt.jpg 500w, https:\/\/images.ifun.de\/wp-content\/uploads\/2018\/07\/macbook-pro-2018-i9-gedrosselt-244x300.jpg 244w\" sizes=\"auto, (max-width: 500px) 100vw, 500px\" \/><\/a><\/p>\n<p>Lee zufolge wird die Leistung der gro\u00dfen Prozessorausstattung bei intensiven Rechenaufgaben schon nach wenigen Sekunden teils deutlich gedrosselt, um einer \u00dcberhitzung des Prozessors vorzubeugen. Verantwortlich daf\u00fcr sei Apples kompaktes, daf\u00fcr jedoch mit schlechten K\u00fchlungseigenschaften ausgestattetes Geh\u00e4use. Das Notebook arbeite dann mit weniger als den standardm\u00e4\u00dfig angegebenen 2,9 GHz, obwohl ein \u00dcbertakten bei diesen Chip-Modellen grunds\u00e4tzlich vorgesehen und bei vergleichbaren PC-Modellen dank besserer K\u00fchlung auch problemlos m\u00f6glich sei. Apple gibt erg\u00e4nzend zur regul\u00e4ren Taktung des Prozessors einen Turbo-Boost-Wert von bis zu 4,8 GHz an.<\/p>\n<h2>Maximale Leistung nur im K\u00fchlschrank<\/h2>\n<p>In den <a href=\"https:\/\/www.reddit.com\/r\/apple\/comments\/8zq5gn\/the_core_i9_15_inch_macbook_pro_throttles_itself\/e2ktw6z\/?sh=2b758852&amp;st=JJQPC69A\">von Lee ver\u00f6ffentlichten Tests<\/a> wird der Prozessor abh\u00e4ngig von der L\u00fcftereinstellung innerhalb von kurzer Zeit auf Werte um die 2,5 GHz, zeitweise sogar auf nur 800 MHz gedrosselt. In der Folge arbeitet das Notebook mit i9-Prozessor langsamer als die g\u00fcnstigere Variante mit einem i7-Prozessor. Seine volle Leistung kann das Ger\u00e4t Lee zufolge <a href=\"https:\/\/www.reddit.com\/r\/apple\/comments\/8zq5gn\/the_core_i9_15_inch_macbook_pro_throttles_itself\/?_branch_match_id=547277247734987745&amp;st=JJQPCHB9&amp;sh=d958706e\">nur im K\u00fchlschrank<\/a> erreichen.<\/p>\n<p>Bis auf Weiteres muss man die Beobachtungen des YouTubers allerdings noch mit Vorbehalt betrachten. Es ist zumindest nicht ausgeschlossen, dass es sich bei dem von ihm verwendeten Ger\u00e4t um einen Einzelfall handelt. Grunds\u00e4tzlich wurden den Rechnern zumindest in der Ausstattung mit einem i7-Prozessor bislang <a href=\"https:\/\/www.ifun.de\/macbook-pro-2018-groesster-leistungssprung-seit-sieben-jahren-124653\/\">hervorragende Leistungseigenschaften attestiert<\/a>. Weitere Tests sollten uns in den kommenden Tagen hier\u00fcber aufkl\u00e4ren. Es w\u00e4re jedoch keineswegs das erste Mal, dass ein Apple-Rechner in der Maximalausstattung nur m\u00fchsam die versprochene Leistung erbringt. Wir erinnern uns selbst an gro\u00dfe Mac-Desktop-Modelle, deren L\u00fcfter einem startenden Flugzeug gleich damit besch\u00e4ftigt waren, den Prozessor einigerma\u00dfen auf Arbeitstemperatur zu halten.<img loading=\"lazy\" decoding=\"async\" src=\"http:\/\/vg06.met.vgwort.de\/na\/e032c17e51a94738a229a31fd4231313\" width=\"1\" height=\"1\" class=\"tracking\"><\/p>\n<p><div class=\"responsive-video\"><iframe loading=\"lazy\" width=\"700\" height=\"315\" src=\"https:\/\/www.youtube-nocookie.com\/embed\/Dx8J125s4cg\" frameborder=\"0\" allow=\"autoplay; encrypted-media\" allowfullscreen><\/iframe><\/div><\/p>\n","protected":false},"excerpt":{"rendered":"<a href=\"https:\/\/www.ifun.de\/macbook-pro-2018-mit-i9-prozessor-nur-im-kuehlschrank-die-volle-leistung-124760\/\"><img width=\"150\" height=\"150\" src=\"https:\/\/images.ifun.de\/wp-content\/uploads\/2018\/07\/macbook-pro-2018-i9-gedrosselt-150x150.jpg\" class=\"alignright tfe wp-post-image\" alt=\"Macbook Pro 2018 I9 Gedrosselt\" decoding=\"async\" loading=\"lazy\" \/><\/a><p>Apple bietet das neue MacBook Pro alternativ zur Standardausstattung mit Intels i7-Prozessoren auch mit einem leistungsf\u00e4higeren i9-Prozessor mit 2,9 GHz an. In dieser Maximalausstattung leistet das Notebook offenbar jedoch weniger, als es verspricht. Zu diesem Ergebnis kommt jedenfalls der bekannte YouTuber Dave Lee im Rahmen nach einem ersten Test des Ger\u00e4ts. Lee zufolge wird die [&hellip;]<\/p>\n","protected":false},"author":2,"featured_media":124764,"comment_status":"open","ping_status":"closed","sticky":false,"template":"","format":"standard","meta":{"_acf_changed":false,"footnotes":""},"categories":[16],"tags":[],"class_list":["post-124760","post","type-post","status-publish","format-standard","has-post-thumbnail","hentry","category-mac"],"acf":[],"aioseo_notices":[],"subheadline":["Durch Drosselung teils langsamer als i7"],"featured_image":["https:\/\/images.ifun.de\/wp-content\/uploads\/2018\/07\/macbook-pro-2018-1.jpg"],"rest_api_enabler":{"subheadline":"Durch Drosselung teils langsamer als i7","featured_image":"https:\/\/images.ifun.de\/wp-content\/uploads\/2018\/07\/macbook-pro-2018-1.jpg"},"_links":{"self":[{"href":"https:\/\/www.ifun.de\/apiv2\/wp\/v2\/posts\/124760","targetHints":{"allow":["GET"]}}],"collection":[{"href":"https:\/\/www.ifun.de\/apiv2\/wp\/v2\/posts"}],"about":[{"href":"https:\/\/www.ifun.de\/apiv2\/wp\/v2\/types\/post"}],"author":[{"embeddable":true,"href":"https:\/\/www.ifun.de\/apiv2\/wp\/v2\/users\/2"}],"replies":[{"embeddable":true,"href":"https:\/\/www.ifun.de\/apiv2\/wp\/v2\/comments?post=124760"}],"version-history":[{"count":5,"href":"https:\/\/www.ifun.de\/apiv2\/wp\/v2\/posts\/124760\/revisions"}],"predecessor-version":[{"id":124766,"href":"https:\/\/www.ifun.de\/apiv2\/wp\/v2\/posts\/124760\/revisions\/124766"}],"wp:featuredmedia":[{"embeddable":true,"href":"https:\/\/www.ifun.de\/apiv2\/wp\/v2\/media\/124764"}],"wp:attachment":[{"href":"https:\/\/www.ifun.de\/apiv2\/wp\/v2\/media?parent=124760"}],"wp:term":[{"taxonomy":"category","embeddable":true,"href":"https:\/\/www.ifun.de\/apiv2\/wp\/v2\/categories?post=124760"},{"taxonomy":"post_tag","embeddable":true,"href":"https:\/\/www.ifun.de\/apiv2\/wp\/v2\/tags?post=124760"}],"curies":[{"name":"wp","href":"https:\/\/api.w.org\/{rel}","templated":true}]}}