{"id":124660,"date":"2018-07-16T11:50:00","date_gmt":"2018-07-16T09:50:00","guid":{"rendered":"https:\/\/www.ifun.de\/?p=124660"},"modified":"2018-07-16T11:50:08","modified_gmt":"2018-07-16T09:50:08","slug":"upgrade-aufs-neue-macbook-pro-behaltet-euer-netzteil-verlaengerungskabel","status":"publish","type":"post","link":"https:\/\/www.ifun.de\/upgrade-aufs-neue-macbook-pro-behaltet-euer-netzteil-verlaengerungskabel-124660\/","title":{"rendered":"Upgrade aufs neue MacBook Pro? Behaltet euer Netzteil-Verl\u00e4ngerungskabel"},"content":{"rendered":"<p>Ein Tipp f\u00fcr alle Besitzer eines \u00e4lteren MacBook, die sich nun entschlossen haben, den Wechsel zu Apples USB-C-Notebooks zu vollziehen: Behaltet das vor 2016 noch mit Apple-Notebooks ausgelieferte <a href=\"http:\/\/ifun.de\/applestore\/http:\/\/store.apple.com\/de\/go\/product\/MK122\" title=\"Netzteil-Verl\u00e4ngerungskabel\">Netzteil-Verl\u00e4ngerungskabel<\/a>.<\/p>\n<p><a href=\"https:\/\/images.ifun.de\/wp-content\/uploads\/2018\/07\/macbook-pro-netzteil-kabel-lang.jpg\"><img loading=\"lazy\" decoding=\"async\" src=\"https:\/\/images.ifun.de\/wp-content\/uploads\/2018\/07\/macbook-pro-netzteil-kabel-lang.jpg\" alt=\"Macbook Pro Netzteil Kabel Lang\" width=\"500\" height=\"319\" class=\"alignnone size-full wp-image-124662\" srcset=\"https:\/\/images.ifun.de\/wp-content\/uploads\/2018\/07\/macbook-pro-netzteil-kabel-lang.jpg 500w, https:\/\/images.ifun.de\/wp-content\/uploads\/2018\/07\/macbook-pro-netzteil-kabel-lang-300x191.jpg 300w\" sizes=\"auto, (max-width: 500px) 100vw, 500px\" \/><\/a><\/p>\n<p>Wie in den vergangenen beiden Jahren liegt das 1,8 Meter lange Verl\u00e4ngerungskabel mit Apples \u201eDuckhead\u201c-Stecker auch bei den neuen MacBook-Pro-Modellen nicht bei. Dabei gilt es gerade mit Blick auf den fehlenden MagSafe-Stecker besonders darauf zu achten, dass das Ladekabel des Notebooks ordentlich aufger\u00e4umt und nicht quer durch die Landschaft gespannt ist.<\/p>\n<p>Apple hat das Kabel keinesfalls aus dem Angebot genommen, sondern verzichtet lediglich, das Zubeh\u00f6r als Alternative zum direkt am Netzteil angebrachten Stecker mitzuliefern. Als Sonderzubeh\u00f6r ist das \u201ePower Adapter (Netzteil) Verl\u00e4ngerungskabel\u201c zum stolzen Preis von 25 Euro weiterhin <a href=\"http:\/\/ifun.de\/applestore\/http:\/\/store.apple.com\/de\/go\/product\/MK122\">im Apple Store erh\u00e4ltlich<\/a>.<\/p>\n","protected":false},"excerpt":{"rendered":"<a href=\"https:\/\/www.ifun.de\/upgrade-aufs-neue-macbook-pro-behaltet-euer-netzteil-verlaengerungskabel-124660\/\"><img width=\"150\" height=\"150\" src=\"https:\/\/images.ifun.de\/wp-content\/uploads\/2018\/07\/macbook-pro-netzteil-kabel-lang-150x150.jpg\" class=\"alignright tfe wp-post-image\" alt=\"Macbook Pro Netzteil Kabel Lang\" decoding=\"async\" loading=\"lazy\" \/><\/a><p>Ein Tipp f\u00fcr alle Besitzer eines \u00e4lteren MacBook, die sich nun entschlossen haben, den Wechsel zu Apples USB-C-Notebooks zu vollziehen: Behaltet das vor 2016 noch mit Apple-Notebooks ausgelieferte Netzteil-Verl\u00e4ngerungskabel. Wie in den vergangenen beiden Jahren liegt das 1,8 Meter lange Verl\u00e4ngerungskabel mit Apples \u201eDuckhead\u201c-Stecker auch bei den neuen MacBook-Pro-Modellen nicht bei. Dabei gilt es gerade [&hellip;]<\/p>\n","protected":false},"author":2,"featured_media":124662,"comment_status":"open","ping_status":"closed","sticky":false,"template":"","format":"standard","meta":{"_acf_changed":false,"footnotes":""},"categories":[22],"tags":[2883,224,231],"class_list":["post-124660","post","type-post","status-publish","format-standard","has-post-thumbnail","hentry","category-zubehor","tag-ladekabel","tag-macbook-pro","tag-netzteil"],"acf":[],"aioseo_notices":[],"featured_image":["https:\/\/images.ifun.de\/wp-content\/uploads\/2016\/11\/apple-netzteil-verlaengerungskabel.jpg","https:\/\/images.ifun.de\/wp-content\/uploads\/2016\/11\/apple-netzteil-verlaengerungskabel.jpg","https:\/\/images.ifun.de\/wp-content\/uploads\/2016\/11\/apple-netzteil-verlaengerungskabel.jpg"],"rest_api_enabler":{"featured_image":["https:\/\/images.ifun.de\/wp-content\/uploads\/2016\/11\/apple-netzteil-verlaengerungskabel.jpg","https:\/\/images.ifun.de\/wp-content\/uploads\/2016\/11\/apple-netzteil-verlaengerungskabel.jpg","https:\/\/images.ifun.de\/wp-content\/uploads\/2016\/11\/apple-netzteil-verlaengerungskabel.jpg"]},"_links":{"self":[{"href":"https:\/\/www.ifun.de\/apiv2\/wp\/v2\/posts\/124660","targetHints":{"allow":["GET"]}}],"collection":[{"href":"https:\/\/www.ifun.de\/apiv2\/wp\/v2\/posts"}],"about":[{"href":"https:\/\/www.ifun.de\/apiv2\/wp\/v2\/types\/post"}],"author":[{"embeddable":true,"href":"https:\/\/www.ifun.de\/apiv2\/wp\/v2\/users\/2"}],"replies":[{"embeddable":true,"href":"https:\/\/www.ifun.de\/apiv2\/wp\/v2\/comments?post=124660"}],"version-history":[{"count":2,"href":"https:\/\/www.ifun.de\/apiv2\/wp\/v2\/posts\/124660\/revisions"}],"predecessor-version":[{"id":124663,"href":"https:\/\/www.ifun.de\/apiv2\/wp\/v2\/posts\/124660\/revisions\/124663"}],"wp:featuredmedia":[{"embeddable":true,"href":"https:\/\/www.ifun.de\/apiv2\/wp\/v2\/media\/124662"}],"wp:attachment":[{"href":"https:\/\/www.ifun.de\/apiv2\/wp\/v2\/media?parent=124660"}],"wp:term":[{"taxonomy":"category","embeddable":true,"href":"https:\/\/www.ifun.de\/apiv2\/wp\/v2\/categories?post=124660"},{"taxonomy":"post_tag","embeddable":true,"href":"https:\/\/www.ifun.de\/apiv2\/wp\/v2\/tags?post=124660"}],"curies":[{"name":"wp","href":"https:\/\/api.w.org\/{rel}","templated":true}]}}