{"id":124621,"date":"2018-07-14T08:36:40","date_gmt":"2018-07-14T06:36:40","guid":{"rendered":"https:\/\/www.ifun.de\/?p=124621"},"modified":"2018-07-16T15:39:44","modified_gmt":"2018-07-16T13:39:44","slug":"schmutzbarriere-neue-tasten-membran-im-macbook-pro-2018","status":"publish","type":"post","link":"https:\/\/www.ifun.de\/schmutzbarriere-neue-tasten-membran-im-macbook-pro-2018-124621\/","title":{"rendered":"Schmutzbarriere: Neue Tasten-Membran im MacBook Pro 2018"},"content":{"rendered":"<p>Die Lautst\u00e4rke-Reduzierung, die Apple als herausragendes Feature der neuen MacBook Pro-Tastatur anf\u00fchrt, ist der Nebeneffekt einer Schmutz-Barriere, die in den Tasten der neuen Laptops integriert wurde.<\/p>\n<p><a href=\"https:\/\/images.ifun.de\/wp-content\/uploads\/2018\/07\/gummi-taste-macbook-pro-600.jpg\"><img decoding=\"async\" src=\"https:\/\/images.ifun.de\/wp-content\/uploads\/2018\/07\/gummi-taste-macbook-pro-600.jpg\" class=\"wp-image-124623 aligncenter size-full\" alt=\"Gummi Taste Macbook Pro 600\" width=\"500\" srcset=\"https:\/\/images.ifun.de\/wp-content\/uploads\/2018\/07\/gummi-taste-macbook-pro-600.jpg 592w, https:\/\/images.ifun.de\/wp-content\/uploads\/2018\/07\/gummi-taste-macbook-pro-600-300x225.jpg 300w\" sizes=\"(max-width: 592px) 100vw, 592px\" \/><\/a><\/p>\n<p>Dies haben die Reparaturservice-Experten von iFixit <a href=\"https:\/\/ifixit.org\/blog\/10279\/apple-macbook-keyboard-cover-up\/\">festgestellt<\/a> und zeigen den Blick ins Innere der \u00fcberarbeiteten Tasten im Video.<\/p>\n<p>Die hier nun zwischen der bedruckten Tastenkappe und dem eigentlichen Butterfly-Mechanismus platzierte Gummi-Membran soll das Eindringen von mikroskopisch kleinen Staubkr\u00fcmeln erschweren und damit die Anzahl der Rechner reduzieren, die aufgrund <a href=\"https:\/\/www.ifun.de\/macbook-tastatur-vom-staubkruemel-zum-austausch-114232\/\">minimaler Verunreinigungen<\/a> Reparaturkosten von bis zu $700 verursachen. Wie berichtet hat Apple seit 2015 so viele Topcases tauschen m\u00fcssen, dass seit kurzem ein <a href=\"https:\/\/www.ifun.de\/aha-erlebnis-komplette-macbook-familie-derzeit-unkaufbar-124069\/\">kostenloses Reparaturprogramm<\/a> angeboten wird.<\/p>\n<h2>Neue Akustik ein Nebeneffekt<\/h2>\n<p>Ist die Gummi-Membran nicht <a href=\"https:\/\/soundcloud.com\/vergeextras\/keyboard-test-mixdown11\">vielleicht doch<\/a> nur ein akustischer D\u00e4mpfer? Laut iFixit definitiv nicht. Das neue Bauteil l\u00e4sst sich hervorragend einordnen, sobald man einen Blick auf <a href=\"http:\/\/pdfaiw.uspto.gov\/.aiw?PageNum=0&#038;docid=20180068808&#038;IDKey=&#038;HomeUrl=http%3A%2F%2Fpdfaiw.uspto.gov%3A80%2F\">diese Patentschrift<\/a> Apples geworfen hat. Hier beschreiben Cupertinos Ingenieure n\u00e4mlich exakt die jetzt integrierte Schutzschicht als Mechanismus, der das Eindringen von Verunreinigungen verhindern soll.<\/p>\n<p><a href=\"https:\/\/images.ifun.de\/wp-content\/uploads\/2018\/07\/tastatur-deckel.jpg\"><img loading=\"lazy\" decoding=\"async\" src=\"https:\/\/images.ifun.de\/wp-content\/uploads\/2018\/07\/tastatur-deckel.jpg\" class=\"wp-image-124624 aligncenter size-full\" height=\"663\" alt=\"Tastatur Deckel\" width=\"1400\" srcset=\"https:\/\/images.ifun.de\/wp-content\/uploads\/2018\/07\/tastatur-deckel.jpg 1400w, https:\/\/images.ifun.de\/wp-content\/uploads\/2018\/07\/tastatur-deckel-300x142.jpg 300w, https:\/\/images.ifun.de\/wp-content\/uploads\/2018\/07\/tastatur-deckel-768x364.jpg 768w, https:\/\/images.ifun.de\/wp-content\/uploads\/2018\/07\/tastatur-deckel-1024x485.jpg 1024w\" sizes=\"auto, (max-width: 1400px) 100vw, 1400px\" \/><\/a><\/p>\n<p>Aus der Einleitung der Patentschrift:<\/p>\n<blockquote><p>[Dieses Patent beschreibt] Tastaturen mit Mechanismen, die das Eindringen von Verunreinigungen verhindern und \/ oder lindern. In einigen Ausf\u00fchrungsformen umfasst eine Tastaturanordnung, eine Tastenkappe, einen Bewegungsmechanismus [&#8230;] und eine Schutzstruktur, die mit der Tastenkappe gekoppelt ist, um Verunreinigungen von dem Bewegungsmechanismus wegzulenken.<\/p>\n<\/blockquote>\n<h2>Apples Gesamtnote: Wenig souver\u00e4n<\/h2>\n<p>Die grobe Zusammenfassung der Tastatur-Saga f\u00e4llt damit folgenderma\u00dfen aus: Seit dem Start des MacBook 2015 und der neuen MacBooks 2016 verkauft Apple Ger\u00e4te mit einer fehleranf\u00e4lligen Tastatur, verlangte f\u00fcr deren Reparatur au\u00dferhalb der Garantiezeit jedoch Geld.<\/p>\n<p>Nach einem Aufschrei im Netz und drei gestarteten <a href=\"https:\/\/www.ifun.de\/die-tastatur-des-macbook-pro-dritte-sammelklage-eingereicht-122981\/\">Sammelklagen<\/a> bietet Apple inzwischen ein auf vier Jahre befristetes Reparatur-Programm an und hat technische Vorkehrungen getroffen, um die neuen Modelle vor dem gleichen Schicksal zu bewahren. Offiziell sind von dem Problem jedoch nur verschwindend wenig Nutzer betroffen und die patentierte Membran wurde lediglich zur Lautst\u00e4rke-Reduzierung eingebaut.<\/p>\n<p>Die ausweichende Sprachregelung des Konzerns, so sehr diese auch im Interesse der Anteilseigner gew\u00e4hlt wurde, gef\u00e4llt uns \u00fcberhaupt nicht. Eine \u00f6ffentliches Schuldeingest\u00e4ndnis und eine anschlie\u00dfende Entschuldigung, mit der Apple auch auf den vergeigten Apple Maps-Start 2012 und die iPhone-Bremse Ende 2017 reagierte, h\u00e4tte dem Unternehmen hier deutlich besser zu Gesicht gestanden.<\/p>\n<p><div class=\"responsive-video\"><iframe loading=\"lazy\" width=\"700\" height=\"371\" src=\"https:\/\/www.youtube-nocookie.com\/embed\/2tbVDV1xdQI\" frameborder=\"0\" allowfullscreen><\/iframe><\/div><\/p>\n","protected":false},"excerpt":{"rendered":"<a href=\"https:\/\/www.ifun.de\/schmutzbarriere-neue-tasten-membran-im-macbook-pro-2018-124621\/\"><img width=\"150\" height=\"150\" src=\"https:\/\/images.ifun.de\/wp-content\/uploads\/2018\/07\/tastatur-deckel-150x150.jpg\" class=\"alignright tfe wp-post-image\" alt=\"Tastatur Deckel\" decoding=\"async\" loading=\"lazy\" \/><\/a><p>Die Lautst\u00e4rke-Reduzierung, die Apple als herausragendes Feature der neuen MacBook Pro-Tastatur anf\u00fchrt, ist der Nebeneffekt einer Schmutz-Barriere, die in den Tasten der neuen Laptops integriert wurde. Dies haben die Reparaturservice-Experten von iFixit festgestellt und zeigen den Blick ins Innere der \u00fcberarbeiteten Tasten im Video. Die hier nun zwischen der bedruckten Tastenkappe und dem eigentlichen Butterfly-Mechanismus [&hellip;]<\/p>\n","protected":false},"author":1,"featured_media":124624,"comment_status":"open","ping_status":"closed","sticky":false,"template":"","format":"standard","meta":{"_acf_changed":false,"footnotes":""},"categories":[3,1783],"tags":[373,144,224,348],"class_list":["post-124621","post","type-post","status-publish","format-standard","has-post-thumbnail","hentry","category-apple","category-feature","tag-kritik","tag-macbook","tag-macbook-pro","tag-tastatur"],"acf":[],"aioseo_notices":[],"subheadline":["Leise Akustik ein Nebeneffekt"],"featured_image":["https:\/\/images.ifun.de\/wp-content\/uploads\/2018\/07\/gummi-taste-macbook-pro.jpg"],"rest_api_enabler":{"subheadline":"Leise Akustik ein Nebeneffekt","featured_image":"https:\/\/images.ifun.de\/wp-content\/uploads\/2018\/07\/gummi-taste-macbook-pro.jpg"},"_links":{"self":[{"href":"https:\/\/www.ifun.de\/apiv2\/wp\/v2\/posts\/124621","targetHints":{"allow":["GET"]}}],"collection":[{"href":"https:\/\/www.ifun.de\/apiv2\/wp\/v2\/posts"}],"about":[{"href":"https:\/\/www.ifun.de\/apiv2\/wp\/v2\/types\/post"}],"author":[{"embeddable":true,"href":"https:\/\/www.ifun.de\/apiv2\/wp\/v2\/users\/1"}],"replies":[{"embeddable":true,"href":"https:\/\/www.ifun.de\/apiv2\/wp\/v2\/comments?post=124621"}],"version-history":[{"count":7,"href":"https:\/\/www.ifun.de\/apiv2\/wp\/v2\/posts\/124621\/revisions"}],"predecessor-version":[{"id":124633,"href":"https:\/\/www.ifun.de\/apiv2\/wp\/v2\/posts\/124621\/revisions\/124633"}],"wp:featuredmedia":[{"embeddable":true,"href":"https:\/\/www.ifun.de\/apiv2\/wp\/v2\/media\/124624"}],"wp:attachment":[{"href":"https:\/\/www.ifun.de\/apiv2\/wp\/v2\/media?parent=124621"}],"wp:term":[{"taxonomy":"category","embeddable":true,"href":"https:\/\/www.ifun.de\/apiv2\/wp\/v2\/categories?post=124621"},{"taxonomy":"post_tag","embeddable":true,"href":"https:\/\/www.ifun.de\/apiv2\/wp\/v2\/tags?post=124621"}],"curies":[{"name":"wp","href":"https:\/\/api.w.org\/{rel}","templated":true}]}}