{"id":124613,"date":"2018-07-13T18:06:21","date_gmt":"2018-07-13T16:06:21","guid":{"rendered":"https:\/\/www.ifun.de\/?p=124613"},"modified":"2018-07-13T18:21:33","modified_gmt":"2018-07-13T16:21:33","slug":"macbook-pro-2018-was-noch-gesagt-werden-muss","status":"publish","type":"post","link":"https:\/\/www.ifun.de\/macbook-pro-2018-was-noch-gesagt-werden-muss-124613\/","title":{"rendered":"MacBook Pro 2018: Was noch gesagt werden muss"},"content":{"rendered":"<p>Obgleich wir die neuen MacBook Pro-Modelle bereits <a href=\"https:\/\/www.ifun.de\/apple-aktualisiert-macbook-pro-neue-modelle-ab-heute-verfuegbar-124552\/\">weitgehend abgefr\u00fchst\u00fcckt<\/a> haben, wollen wir den jungen Freitagabend daf\u00fcr nutzen, eine Handvoll Links zu den \u00fcberarbeiteten Schlachtschiffen zu verteilen, die euch eventuell bei der anstehenden Wochenend-Entscheidung f\u00fcr oder gegen die neuen Maschinen unter die Arme greifen &#8211; oder einfach nur die Wartezeit auf den UPS-Fahrer mit der schon abgesetzten Bestellung verk\u00fcrzen.<\/p>\n<p><a href=\"https:\/\/images.ifun.de\/wp-content\/uploads\/2018\/07\/wallpaper.jpg\"><img decoding=\"async\" class=\"aligncenter size-full wp-image-124616\" src=\"https:\/\/images.ifun.de\/wp-content\/uploads\/2018\/07\/wallpaper.jpg\" alt=\"Wallpaper\" width=\"500\" srcset=\"https:\/\/images.ifun.de\/wp-content\/uploads\/2018\/07\/wallpaper.jpg 1000w, https:\/\/images.ifun.de\/wp-content\/uploads\/2018\/07\/wallpaper-300x167.jpg 300w, https:\/\/images.ifun.de\/wp-content\/uploads\/2018\/07\/wallpaper-768x426.jpg 768w\" sizes=\"(max-width: 1000px) 100vw, 1000px\" \/><\/a><\/p>\n<h2>MacBook Pro 2018: Die Wallpaper<\/h2>\n<p>Apples zuletzt neu vorgestellte Rechner, unter anderem der iMac Pro, waren zur Markteinf\u00fchrung stets auch mit eigenen Hintergrundbildern versehen. Die aktuellen Grafiken, die Apple als Wallpaper auf der <a href=\"https:\/\/www.apple.com\/de\/macbook-pro\/\">\u00dcbersichtsseite zum MacBook Pro 2018<\/a> einsetzt, bietet der Twitter-Account <a href=\"https:\/\/twitter.com\/AppleiDesigner\/status\/1017614312041377793\">@AppleiDesigner<\/a> in akzeptabler Aufl\u00f6sung an. Hier gehts <a href=\"https:\/\/twitter.com\/AppleiDesigner\/status\/1017614312041377793\">zum Tweet<\/a>, hier <a href=\"https:\/\/drive.google.com\/file\/d\/1nbL82tMyaGwkWPluJ1epWZswMrCHOqY9\/view\">zum Download<\/a>.<\/p>\n<h2>PR-Spekulationen zur 3. Tastatur-Generation<\/h2>\n<p>Zu den <a href=\"https:\/\/www.ifun.de\/erste-infos-zum-neuen-macbook-pro-tastatur-vermutlich-fehleranfaellig-124566\/\">neuen Tastaturen im MacBook Pro 2018<\/a> und der Frage, ob diese nun wieder zuverl\u00e4ssiger arbeiten, wird in Online-Diskussionsforen wie dem Community-Portal Reddit gerade ein interessanter Narrativ gesponnen.<\/p>\n<p>Die Theorie <a href=\"https:\/\/www.reddit.com\/r\/apple\/comments\/8yb5mq\/so_what_are_the_odds_that_quieter_keyboard_is\/\">ist folgende<\/a>: Ja, Apple hat die groben M\u00e4ngel der beiden Vorg\u00e4ngergenerationen endlich behoben und bietet nun wieder eine Tastatur an, die das MacBook Pro nicht durch einen fast unsichtbaren Brotkr\u00fcmel in einen Briefbeschwerer verwandelt. Gegen\u00fcber nachfragenden Medienvertretern spricht der Konzern diesen Punkt jedoch nicht an bzw. dementiert sogar entsprechende Nachfragen, um die eigene Situation im Bezug auf die <a href=\"https:\/\/www.ifun.de\/die-tastatur-des-macbook-pro-dritte-sammelklage-eingereicht-122981\/\">laufenden Sammelklagen<\/a> und das erst k\u00fcrzlich gestartete <a href=\"https:\/\/www.ifun.de\/apple-startet-reparaturprogramm-fuer-tastaturen-von-macbook-und-macbook-pro-123801\/\">Reparatur-Programm<\/a> nicht zu verschlechtern.<\/p>\n<p>Und jetzt wird es spannend: Um den wirklich interessierten Nutzern (also euch) dennoch klar zu machen, dass es sich bei der Tastatur nicht nur um eine leisere Revision, sondern um ein g\u00e4nzlich neu gestaltetes Modell handelt, soll sich Apple f\u00fcr die Sprachregelung &#8222;Tastatur der dritten Generation&#8220; <a href=\"https:\/\/daringfireball.net\/2018\/07\/new_macbook_pros\">entschieden haben<\/a>.<\/p>\n<blockquote><p>But, if they also sought to improve the reliability of the keyboards \u2014 to fix the problem where keys get stuck, among other problems \u2014 I think they would only admit to fixing the noise problem. Marketing-wise, I don\u2019t think they would admit to a reliability problem in the existing butterfly keyboards (especially since they\u2019re still selling second-generation keyboards in all non-TouchBar models), and legal-wise (given the fact that they\u2019re facing multiple lawsuits regarding keyboard reliability) I don\u2019t think they should admit to it. <\/p><\/blockquote>\n<p>Wie gesagt, eine interessante Theorie, richtig \u00fcberzeugt sind wir allerdings erst, wenn die Service-Techniker von iFixit das aktuelle MacBook Pro auseinandergenommen, die neuen Tasten mit den alten verglichen haben und die Spekulationen mit Fakten best\u00e4tigen. Die Chancen, dass das Video noch am Wochenende auftaucht stehen gut.<\/p>\n<p>Bis dahin solltet ihr den letzten iFixit Clip zur Tastatur noch mal sichten:<\/p>\n<p><div class=\"responsive-video\"><iframe loading=\"lazy\" src=\"https:\/\/www.youtube-nocookie.com\/embed\/Bvsi2e3M5Ek?start=35\" width=\"700\" height=\"371\" frameborder=\"0\" allowfullscreen=\"allowfullscreen\"><\/iframe><\/div><\/p>\n<h2>Die 7.959\u20ac-Option<\/h2>\n<p>Wahrscheinlich habt ihr euch den Spass schon gemacht, das Endergebnis geh\u00f6rt an dieser Stelle allerdings noch mal ausgesprochen: Wer das MacBook Pro 2018 in seiner 15&#8243;-Version mit <a href=\"http:\/\/ifun.de\/applestore\/http:\/\/store.apple.com\/de\/go\/product\/MR942\">den teuersten Komponenten best\u00fcckt<\/a>, zahlt satte die 7.959 Euro &#8211; und dies, ohne die ebenfalls seit gestern von Apple angebotenen <a href=\"http:\/\/ifun.de\/applestore\/http:\/\/store.apple.com\/de\/go\/product\/HM8Y2\">Blackmagic eGPU<\/a>, die f\u00fcr 695 Euro zu haben ist.<\/p>\n<p>Der Preis wird vor allem von der 3.840 Euro teuren 4TB-SSD in die H\u00f6he getrieben bzw. einfach mal verdoppelt.<\/p>\n<h2>Profis werben auf Twitter<\/h2>\n<p>\u00dcbrigens: Die Markteinf\u00fchrung des neuen MacBook Pro gleicht dem Verkaufsstart der letzten iPhone-Modelle. Apple hat auch jetzt wieder eine Handvoll &#8222;Influencer&#8220; mit Vorabmodellen der neuen Maschinen ausgestattet und l\u00e4sst diese auf Twitter \u00fcber die Vorz\u00fcge der 2018er-Familie berichten. Unter anderem k\u00f6nnt ihr euch <a href=\"https:\/\/twitter.com\/jasonhawkesphot\/status\/1017407475589345280\">hier<\/a> die Erfahrungen des Fotografen Jason Hawkes durchlesen und <a href=\"https:\/\/twitter.com\/leahculver\/status\/1017391605890809856\">hier<\/a> die der Programmiererin Leah Culver.<br \/>\n\u200f<\/p>\n<blockquote class=\"twitter-tweet\" data-lang=\"en\">\n<p dir=\"ltr\" lang=\"en\">I was lucky enough to get to try out a new MacBook Pro for the past week (thanks \uf8ff!). I used it as my primary development computer. AMA. <a href=\"https:\/\/t.co\/ecv2t8C7AY\">pic.twitter.com\/ecv2t8C7AY<\/a><\/p>\n<p>\u2014 Leah Culver (@leahculver) <a href=\"https:\/\/twitter.com\/leahculver\/status\/1017391605890809856?ref_src=twsrc%5Etfw\">July 12, 2018<\/a><\/p><\/blockquote>\n<p><script async src=\"https:\/\/platform.twitter.com\/widgets.js\" charset=\"utf-8\"><\/script><\/p>\n<h2>Ansonsten<\/h2>\n<ul>\n<li>Die neuen Maschinen sind mit einem gr\u00f6\u00dferen Akku ausgestattet (58 statt 54,5 Watt\u00adstunden beim 13-Zoll-Modell). Da die CPU mehr Strom zieht ist die Laufzeit jedoch identisch mit den Vorg\u00e4ngern.<\/li>\n<li>Wie iPhone und iPad setzt nun auch die Macs auf ein <a href=\"https:\/\/support.apple.com\/en-us\/HT208909\">True Tone-Retinadisplay<\/a><\/li>\n<li>Der integrierte T2-Chip, dies ist gestern vielleicht untergegangen aber wichtig f\u00fcr Apples bald erscheinende macOS-Home-App, sorgt f\u00fcr eine daueraktive Siri die auf ein gesprochenes &#8222;Hey Siri&#8220; reagiert.<\/li>\n<li>Die 4TB-SSD und maximal m\u00f6gliche RAM-Ausstattung von 32GB sind nur f\u00fcr das 15-Zoll-Modell erh\u00e4ltlich.<\/li>\n<\/ul>\n","protected":false},"excerpt":{"rendered":"<a href=\"https:\/\/www.ifun.de\/macbook-pro-2018-was-noch-gesagt-werden-muss-124613\/\"><img width=\"150\" height=\"150\" src=\"https:\/\/images.ifun.de\/wp-content\/uploads\/2018\/07\/macbook-pro-1-150x150.jpg\" class=\"alignright tfe wp-post-image\" alt=\"Macbook Pro\" decoding=\"async\" loading=\"lazy\" \/><\/a><p>Obgleich wir die neuen MacBook Pro-Modelle bereits weitgehend abgefr\u00fchst\u00fcckt haben, wollen wir den jungen Freitagabend daf\u00fcr nutzen, eine Handvoll Links zu den \u00fcberarbeiteten Schlachtschiffen zu verteilen, die euch eventuell bei der anstehenden Wochenend-Entscheidung f\u00fcr oder gegen die neuen Maschinen unter die Arme greifen &#8211; oder einfach nur die Wartezeit auf den UPS-Fahrer mit der schon [&hellip;]<\/p>\n","protected":false},"author":1,"featured_media":124614,"comment_status":"open","ping_status":"closed","sticky":false,"template":"","format":"standard","meta":{"_acf_changed":false,"footnotes":""},"categories":[3],"tags":[224],"class_list":["post-124613","post","type-post","status-publish","format-standard","has-post-thumbnail","hentry","category-apple","tag-macbook-pro"],"acf":[],"aioseo_notices":[],"subheadline":["PR, Wallpaper und die 8000\u20ac-Option"],"featured_image":["https:\/\/images.ifun.de\/wp-content\/uploads\/2018\/07\/macbook-pro-1.jpg"],"rest_api_enabler":{"subheadline":"PR, Wallpaper und die 8000\u20ac-Option","featured_image":"https:\/\/images.ifun.de\/wp-content\/uploads\/2018\/07\/macbook-pro-1.jpg"},"_links":{"self":[{"href":"https:\/\/www.ifun.de\/apiv2\/wp\/v2\/posts\/124613","targetHints":{"allow":["GET"]}}],"collection":[{"href":"https:\/\/www.ifun.de\/apiv2\/wp\/v2\/posts"}],"about":[{"href":"https:\/\/www.ifun.de\/apiv2\/wp\/v2\/types\/post"}],"author":[{"embeddable":true,"href":"https:\/\/www.ifun.de\/apiv2\/wp\/v2\/users\/1"}],"replies":[{"embeddable":true,"href":"https:\/\/www.ifun.de\/apiv2\/wp\/v2\/comments?post=124613"}],"version-history":[{"count":5,"href":"https:\/\/www.ifun.de\/apiv2\/wp\/v2\/posts\/124613\/revisions"}],"predecessor-version":[{"id":124620,"href":"https:\/\/www.ifun.de\/apiv2\/wp\/v2\/posts\/124613\/revisions\/124620"}],"wp:featuredmedia":[{"embeddable":true,"href":"https:\/\/www.ifun.de\/apiv2\/wp\/v2\/media\/124614"}],"wp:attachment":[{"href":"https:\/\/www.ifun.de\/apiv2\/wp\/v2\/media?parent=124613"}],"wp:term":[{"taxonomy":"category","embeddable":true,"href":"https:\/\/www.ifun.de\/apiv2\/wp\/v2\/categories?post=124613"},{"taxonomy":"post_tag","embeddable":true,"href":"https:\/\/www.ifun.de\/apiv2\/wp\/v2\/tags?post=124613"}],"curies":[{"name":"wp","href":"https:\/\/api.w.org\/{rel}","templated":true}]}}