{"id":124230,"date":"2018-07-04T09:55:43","date_gmt":"2018-07-04T07:55:43","guid":{"rendered":"https:\/\/www.ifun.de\/?p=124230"},"modified":"2018-07-04T11:41:12","modified_gmt":"2018-07-04T09:41:12","slug":"auf-geekbench-com-neues-macbook-hinterlaesst-erste-spuren","status":"publish","type":"post","link":"https:\/\/www.ifun.de\/auf-geekbench-com-neues-macbook-hinterlaesst-erste-spuren-124230\/","title":{"rendered":"Unver\u00f6ffentlichte Hardware: Neues MacBook Pro hinterl\u00e4sst erste Spuren"},"content":{"rendered":"<p>Wenige Tage nachdem am Montag die ersten Benchmark-Ergebnisse eines noch unver\u00f6ffentlichten iPhone-Modells f\u00fcr Spekulationen <a href=\"https:\/\/www.igen.fr\/iphone\/2018\/07\/premier-benchmark-dun-mysterieux-iphone-2018-dote-de-4-go-de-ram-104545\">sorgten<\/a>, Apples diesj\u00e4hriger A12-Prozessor k\u00f6nnte die iPhone-Familie im laufenden Jahr um 10% schneller machen, lassen sich im Geekbench-Portal nun <a href=\"https:\/\/browser.geekbench.com\/v4\/cpu\/8868725\">erste Messwerte einsehen<\/a>, die einem noch unver\u00f6ffentlichten MacBook-Modell zuzuordnen <a href=\"https:\/\/appleinsider.com\/articles\/18\/07\/03\/new-macbook-pro-model-with-intel-coffee-lake-cpu-shows-up-in-geekbench-database\">sein d\u00fcrften<\/a>. <\/p>\n<p><a href=\"https:\/\/images.ifun.de\/wp-content\/uploads\/2018\/07\/macbook-pro.jpg\"><img decoding=\"async\" src=\"https:\/\/images.ifun.de\/wp-content\/uploads\/2018\/07\/macbook-pro.jpg\" alt=\"Macbook Pro\" width=\"500\" class=\"aligncenter size-full wp-image-124232\" srcset=\"https:\/\/images.ifun.de\/wp-content\/uploads\/2018\/07\/macbook-pro.jpg 1000w, https:\/\/images.ifun.de\/wp-content\/uploads\/2018\/07\/macbook-pro-300x212.jpg 300w, https:\/\/images.ifun.de\/wp-content\/uploads\/2018\/07\/macbook-pro-768x542.jpg 768w\" sizes=\"(max-width: 1000px) 100vw, 1000px\" \/><\/a><\/p>\n<p>Die Performance-Messungen, die auf den Online-Portal des Benchmark-Werkzeuges aufgetaucht sind, sollen auf einem MacBook Pro mit der Modellbezeichnung 15,2 ermittelt worden sein. Das aktuelle Ger\u00e4t von 2017 tr\u00e4gt die Modell-Bezeichnung MacBook Pro 14,3. <\/p>\n<p>Ausgestattet mit einem 28 Watt Intel-Prozessor (Core i7 &#8222;Coffee Lake&#8220;), bringt es das 4-Kern-Modell mit 16GB Arbeitsspeicher auf eine Bewertung von 16607 Geekbench-Punkten im Multi-Core-Betrieb &#8211; verglichen mit dem MacBook Pro 2017, das hier auf <strike>9500<\/strike> um die 15.000 Punkte gekommen ist, eine <strike>signifikante<\/strike> sichtbare Performance-Verbesserung. <\/p>\n<p><a href=\"https:\/\/images.ifun.de\/wp-content\/uploads\/2018\/07\/geekbench-score.jpg\"><img loading=\"lazy\" decoding=\"async\" src=\"https:\/\/images.ifun.de\/wp-content\/uploads\/2018\/07\/geekbench-score.jpg\" alt=\"Geekbench Score\" width=\"2000\" height=\"1572\" class=\"aligncenter size-full wp-image-124233\" srcset=\"https:\/\/images.ifun.de\/wp-content\/uploads\/2018\/07\/geekbench-score.jpg 2000w, https:\/\/images.ifun.de\/wp-content\/uploads\/2018\/07\/geekbench-score-300x236.jpg 300w, https:\/\/images.ifun.de\/wp-content\/uploads\/2018\/07\/geekbench-score-768x604.jpg 768w, https:\/\/images.ifun.de\/wp-content\/uploads\/2018\/07\/geekbench-score-1024x805.jpg 1024w\" sizes=\"auto, (max-width: 2000px) 100vw, 2000px\" \/><\/a><\/p>\n<p>Wann genau Apple das neue MacBook Pro vorstellen wird ist derzeit jedoch unklar. Sp\u00e4testens seit dem Start des <a href=\"https:\/\/www.ifun.de\/aha-erlebnis-komplette-macbook-familie-derzeit-unkaufbar-124069\/\">Tastatur-Service-Programms<\/a> wartet Apples <a href=\"https:\/\/www.ifun.de\/?p=123499\">komplett Mac-Sparte<\/a> auf \u00fcberarbeitete Modelle. Die MacBooks ben\u00f6tigen neue Tastaturen, der Mac Mini wurde schon seit Jahren nicht mehr \u00fcberarbeitet, der iMac k\u00f6nnte einen Geschwindigkeits-Schub vertragen. <\/p>\n<h2>Die Letzten Hardware-Aktualisierungen<\/h2>\n<ul>\n<li>iMac Pro: vor 201 Tagen<\/li>\n<li>iMac: vor 393 Tagen<\/li>\n<li>MacBook: vor 393 Tagen<\/li>\n<li>MacBook Air: vor 393 Tagen<\/li>\n<li>MacBook Pro: vor 393 Tagen<\/li>\n<li>Mac Pro: vor 455 Tagen<\/li>\n<li>Mac Mini: vor 1356 Tagen<\/li>\n<\/ul>\n\n","protected":false},"excerpt":{"rendered":"<a href=\"https:\/\/www.ifun.de\/auf-geekbench-com-neues-macbook-hinterlaesst-erste-spuren-124230\/\"><img width=\"150\" height=\"150\" src=\"https:\/\/images.ifun.de\/wp-content\/uploads\/2018\/07\/geekbench-score-150x150.jpg\" class=\"alignright tfe wp-post-image\" alt=\"Geekbench Score\" decoding=\"async\" loading=\"lazy\" \/><\/a><p>Wenige Tage nachdem am Montag die ersten Benchmark-Ergebnisse eines noch unver\u00f6ffentlichten iPhone-Modells f\u00fcr Spekulationen sorgten, Apples diesj\u00e4hriger A12-Prozessor k\u00f6nnte die iPhone-Familie im laufenden Jahr um 10% schneller machen, lassen sich im Geekbench-Portal nun erste Messwerte einsehen, die einem noch unver\u00f6ffentlichten MacBook-Modell zuzuordnen sein d\u00fcrften. Die Performance-Messungen, die auf den Online-Portal des Benchmark-Werkzeuges aufgetaucht sind, sollen [&hellip;]<\/p>\n","protected":false},"author":1,"featured_media":124233,"comment_status":"open","ping_status":"closed","sticky":false,"template":"","format":"standard","meta":{"_acf_changed":false,"footnotes":""},"categories":[1],"tags":[3910,224,6322],"class_list":["post-124230","post","type-post","status-publish","format-standard","has-post-thumbnail","hentry","category-news","tag-geruechte","tag-macbook-pro","tag-rumors"],"acf":[],"aioseo_notices":[],"subheadline":["Auf geekbench.com"],"featured_image":["https:\/\/images.ifun.de\/wp-content\/uploads\/2017\/11\/red-keyboard-macbook.jpg"],"rest_api_enabler":{"subheadline":"Auf geekbench.com","featured_image":"https:\/\/images.ifun.de\/wp-content\/uploads\/2017\/11\/red-keyboard-macbook.jpg"},"_links":{"self":[{"href":"https:\/\/www.ifun.de\/apiv2\/wp\/v2\/posts\/124230","targetHints":{"allow":["GET"]}}],"collection":[{"href":"https:\/\/www.ifun.de\/apiv2\/wp\/v2\/posts"}],"about":[{"href":"https:\/\/www.ifun.de\/apiv2\/wp\/v2\/types\/post"}],"author":[{"embeddable":true,"href":"https:\/\/www.ifun.de\/apiv2\/wp\/v2\/users\/1"}],"replies":[{"embeddable":true,"href":"https:\/\/www.ifun.de\/apiv2\/wp\/v2\/comments?post=124230"}],"version-history":[{"count":8,"href":"https:\/\/www.ifun.de\/apiv2\/wp\/v2\/posts\/124230\/revisions"}],"predecessor-version":[{"id":124250,"href":"https:\/\/www.ifun.de\/apiv2\/wp\/v2\/posts\/124230\/revisions\/124250"}],"wp:featuredmedia":[{"embeddable":true,"href":"https:\/\/www.ifun.de\/apiv2\/wp\/v2\/media\/124233"}],"wp:attachment":[{"href":"https:\/\/www.ifun.de\/apiv2\/wp\/v2\/media?parent=124230"}],"wp:term":[{"taxonomy":"category","embeddable":true,"href":"https:\/\/www.ifun.de\/apiv2\/wp\/v2\/categories?post=124230"},{"taxonomy":"post_tag","embeddable":true,"href":"https:\/\/www.ifun.de\/apiv2\/wp\/v2\/tags?post=124230"}],"curies":[{"name":"wp","href":"https:\/\/api.w.org\/{rel}","templated":true}]}}