{"id":124154,"date":"2018-07-02T18:08:14","date_gmt":"2018-07-02T16:08:14","guid":{"rendered":"https:\/\/www.ifun.de\/?p=124154"},"modified":"2018-07-02T18:08:37","modified_gmt":"2018-07-02T16:08:37","slug":"noch-kein-europa-termin-faq-zu-apples-neuen-karten","status":"publish","type":"post","link":"https:\/\/www.ifun.de\/noch-kein-europa-termin-faq-zu-apples-neuen-karten-124154\/","title":{"rendered":"Noch kein Europa-Termin: FAQ zu Apples neuen Karten"},"content":{"rendered":"<p>Der Techcrunch-Redakteur Matthew Panzarino \u00fcberraschte am vergangenen Freitag mit einem <a href=\"https:\/\/techcrunch.com\/2018\/06\/29\/apple-is-rebuilding-maps-from-the-ground-up\/\">exklusiven St\u00fcck<\/a> \u00fcber Apples neue Karten-Applikation. Nach Jahren der stillen Vorarbeit, so Panzarino, st\u00fcnde Apple kurz davor, die n\u00e4chste Version der 2012 deb\u00fctierten Karten-Applikation zu pr\u00e4sentieren. <\/p>\n<p><a href=\"https:\/\/images.ifun.de\/wp-content\/uploads\/2018\/07\/apple-karten-auto.jpg\"><img decoding=\"async\" src=\"https:\/\/images.ifun.de\/wp-content\/uploads\/2018\/07\/apple-karten-auto.jpg\" alt=\"Apple Karten Auto\" width=\"500\" class=\"aligncenter size-full wp-image-124155\" srcset=\"https:\/\/images.ifun.de\/wp-content\/uploads\/2018\/07\/apple-karten-auto.jpg 1000w, https:\/\/images.ifun.de\/wp-content\/uploads\/2018\/07\/apple-karten-auto-300x200.jpg 300w, https:\/\/images.ifun.de\/wp-content\/uploads\/2018\/07\/apple-karten-auto-768x512.jpg 768w\" sizes=\"(max-width: 1000px) 100vw, 1000px\" \/><\/a><\/p>\n<h6>Apple Maps Van | Bild: Techcrunch<\/h6>\n<p>Panzarino berief sich dabei nicht auf anonyme Quellen, sondern auf den Apple-Manager und Karten-Chef Eddy Cue pers\u00f6nlich. Das Unternehmen hatte den Blogger nicht nur ein exklusives Interview angeboten, sondern auch Karten-Prototypen pr\u00e4sentiert und zu einer Fahrt in den Erfassungsfahrzeugen des Karten-Teams geladen.  <\/p>\n<p>Zuk\u00fcnftig, und dies war der eigentliche Scoop Panzarinos, w\u00fcrde sich Apple nicht mehr auf das Kartenmaterial von Drittanbietern wie TomTom verlassen, sondern auf eine komplett eigene Datenbasis setzen. <\/p>\n<p>Das Techcrunch-St\u00fcck, das wir <a href=\"https:\/\/www.iphone-ticker.de\/apple-maps-2018-apple-wird-karten-app-generalueberholen-127985\/\">mit diesem Artikel<\/a> begleitet haben, lieferte jedoch nicht nur Antworten zur Zukunft der Apple-Karten, sondern warf gleichzeitig viele neue Fragen auf, die Techcrunch inzwischen mit einem <a href=\"https:\/\/techcrunch.com\/2018\/06\/29\/questions-about-apples-new-maps-answered\/\">eigenen FAQ-Nachtrag<\/a> bedacht hat.<\/p>\n<p><a href=\"https:\/\/techcrunch.com\/2018\/06\/29\/questions-about-apples-new-maps-answered\/\">Hier<\/a> geht man zum einen darauf ein, dass sich die Karten-App selbst vorerst nicht \u00e4ndern wird, sondern nur die in ihr angezeigten Karten &#8211; zum anderen adressiert Panzarino eine der h\u00e4ufigsten Nachfragen: Wann erreichen die neuen Apple-Karten den Rest der Welt? <\/p>\n<p>Wie erinnern uns: Die neue Karten-App, die ihre Kartenmaterial viel detaillierter als bislang aufbereiten soll, wird Teil der n\u00e4chsten iOS 12-Beta sein und sich vorerst auf San Francisco und die Bay Area konzentrieren, ehe im Herbst auch Nord-Kalifornien von den neuen Karten abgedeckt werden soll. Zu weiteren Bereichen hat sich Apples bislang noch nicht ge\u00e4u\u00dfert. <\/p>\n<p>Panzarino beruft sich im FAQ nun auf Apples Eddy Cue und merkt an, dass dieser immerhin von der globalen Aufstellung des Karten-Teams berichtet h\u00e4tte. Ein Termin wurde jedoch auch hier nicht genannt. <\/p>\n<blockquote><p>We\u2019ve got a dedicated team \u2014 we started this four years ago \u2014 across a variety of fields from ML, to map design, to you name it. There\u2019s thousands of people working on this all around the globe from here in the Bay Area, to Seattle, Austin, New York. We have people in other countries, in cities like Berlin, Paris, Singapore, Beijing, Malm\u00f6, Hyderabad.<\/p>\n<p>This team\u2019s dispersed around the globe. It\u2019s important to have that when you\u2019re trying to create and do this. We\u2019re trying to look at how people use our devices all around the world. Our focus is to build these maps for people on the go.<\/p><\/blockquote>\n","protected":false},"excerpt":{"rendered":"<a href=\"https:\/\/www.ifun.de\/noch-kein-europa-termin-faq-zu-apples-neuen-karten-124154\/\"><img width=\"150\" height=\"150\" src=\"https:\/\/images.ifun.de\/wp-content\/uploads\/2018\/07\/apple-karten-ipad-150x150.jpg\" class=\"alignright tfe wp-post-image\" alt=\"Apple Karten Ipad\" decoding=\"async\" loading=\"lazy\" \/><\/a><p>Der Techcrunch-Redakteur Matthew Panzarino \u00fcberraschte am vergangenen Freitag mit einem exklusiven St\u00fcck \u00fcber Apples neue Karten-Applikation. Nach Jahren der stillen Vorarbeit, so Panzarino, st\u00fcnde Apple kurz davor, die n\u00e4chste Version der 2012 deb\u00fctierten Karten-Applikation zu pr\u00e4sentieren. Apple Maps Van | Bild: Techcrunch Panzarino berief sich dabei nicht auf anonyme Quellen, sondern auf den Apple-Manager und [&hellip;]<\/p>\n","protected":false},"author":1,"featured_media":124156,"comment_status":"open","ping_status":"closed","sticky":false,"template":"","format":"standard","meta":{"_acf_changed":false,"footnotes":""},"categories":[3],"tags":[2241,121],"class_list":["post-124154","post","type-post","status-publish","format-standard","has-post-thumbnail","hentry","category-apple","tag-apple-maps","tag-karten"],"acf":[],"aioseo_notices":[],"featured_image":["https:\/\/images.ifun.de\/wp-content\/uploads\/2018\/07\/apple-karten-ipad.jpg"],"subheadline":["App-Design bleibt erst mal"],"rest_api_enabler":{"featured_image":"https:\/\/images.ifun.de\/wp-content\/uploads\/2018\/07\/apple-karten-ipad.jpg","subheadline":"App-Design bleibt erst mal"},"_links":{"self":[{"href":"https:\/\/www.ifun.de\/apiv2\/wp\/v2\/posts\/124154","targetHints":{"allow":["GET"]}}],"collection":[{"href":"https:\/\/www.ifun.de\/apiv2\/wp\/v2\/posts"}],"about":[{"href":"https:\/\/www.ifun.de\/apiv2\/wp\/v2\/types\/post"}],"author":[{"embeddable":true,"href":"https:\/\/www.ifun.de\/apiv2\/wp\/v2\/users\/1"}],"replies":[{"embeddable":true,"href":"https:\/\/www.ifun.de\/apiv2\/wp\/v2\/comments?post=124154"}],"version-history":[{"count":1,"href":"https:\/\/www.ifun.de\/apiv2\/wp\/v2\/posts\/124154\/revisions"}],"predecessor-version":[{"id":124157,"href":"https:\/\/www.ifun.de\/apiv2\/wp\/v2\/posts\/124154\/revisions\/124157"}],"wp:featuredmedia":[{"embeddable":true,"href":"https:\/\/www.ifun.de\/apiv2\/wp\/v2\/media\/124156"}],"wp:attachment":[{"href":"https:\/\/www.ifun.de\/apiv2\/wp\/v2\/media?parent=124154"}],"wp:term":[{"taxonomy":"category","embeddable":true,"href":"https:\/\/www.ifun.de\/apiv2\/wp\/v2\/categories?post=124154"},{"taxonomy":"post_tag","embeddable":true,"href":"https:\/\/www.ifun.de\/apiv2\/wp\/v2\/tags?post=124154"}],"curies":[{"name":"wp","href":"https:\/\/api.w.org\/{rel}","templated":true}]}}