{"id":124069,"date":"2018-06-29T12:13:11","date_gmt":"2018-06-29T10:13:11","guid":{"rendered":"https:\/\/www.ifun.de\/?p=124069"},"modified":"2018-06-30T09:15:01","modified_gmt":"2018-06-30T07:15:01","slug":"aha-erlebnis-komplette-macbook-familie-derzeit-unkaufbar","status":"publish","type":"post","link":"https:\/\/www.ifun.de\/aha-erlebnis-komplette-macbook-familie-derzeit-unkaufbar-124069\/","title":{"rendered":"Aha-Erlebnis: Komplette MacBook-Familie derzeit &#8222;unkaufbar&#8220;"},"content":{"rendered":"<p>Als Apple am vergangenen Freitag den <a href=\"https:\/\/www.ifun.de\/apple-startet-reparaturprogramm-fuer-tastaturen-von-macbook-und-macbook-pro-123801\/\">Start des Reparaturprogramms<\/a> f\u00fcr die fehleranf\u00e4lligen Tastaturen der eigenen MacBook-Modelle bekannt gab, f\u00fchlten wir uns erst mal best\u00e4tigt.<\/p>\n<p><a href=\"https:\/\/images.ifun.de\/wp-content\/uploads\/2018\/06\/kruemel.gif\"><img decoding=\"async\" class=\"aligncenter size-full wp-image-124074\" src=\"https:\/\/images.ifun.de\/wp-content\/uploads\/2018\/06\/kruemel.gif\" alt=\"Kruemel\" width=\"500\" \/><\/a><\/p>\n<h6>Staubkorn rechts unten verhindert den Druck<\/h6>\n<p>Im Laufe der vergangenen Jahre mussten wir <a href=\"https:\/\/www.ifun.de\/tag\/tastatur\/\">so h\u00e4ufig<\/a> \u00fcber die fast immer gleichen Probleme mit den d\u00fcnnen Butterfly-Tasten berichten, dass wir immer weniger Sympathien f\u00fcr Apples Reparatur-Politik hegten. Obwohl die sozialen Netze, Blogs und Apple-Webseite mittlerweile voll von identischen Nutzerberichten waren, veranschlagte Cupertino nach wie vor hohe Reparaturkosten und sorgte mit den langwierigen Service-Eingriffen daf\u00fcr, dass Nutzer mitunter l\u00e4nger als eine Woche auf ihre Rechner verzichten musste.<\/p>\n<p>Wie gesagt: Die Nachricht, dass Apple nun endlich ein Serviceprogramm f\u00fcr seine Tastaturen anbot und bereits betroffenen Kunden zusicherte, die gezahlten Reparaturgeb\u00fchren zur\u00fcck zu erstatten, f\u00fchlte sich vor allem gerecht an.<\/p>\n<p>Nach dem Lesen der Meldung, die der Konzern am sp\u00e4ten Freitagabend deutscher Zeit ver\u00f6ffentlichte und so wenig souver\u00e4n versuchte, dem medialen Nachspiel zu entgehen, schlugen wir mit der flachen Hand auf den Schreibtisch, hatten unseren &#8222;I told you so&#8220;-Moment und setzten uns erst mal nicht weiter mit den Implikationen auseinander, die Apples Eingest\u00e4ndnis f\u00fcr die komplette Laptop-Familie des Unternehmens haben sollte.<\/p>\n<p>Apple hatte sein letztes PR Eigentor, die heimlich eingef\u00fchrte <a href=\"https:\/\/www.iphone-ticker.de\/tag\/iphone-bremse\/\">iPhone-Bremse<\/a>, gerade erst mit Ach und Krach \u00fcberstanden. Mit schadenfrohen Kommentaren, zum Tastatur-Eingest\u00e4ndnis Cupertinos, w\u00e4re niemandem geholfen. Unterm Strich gab es mit den Gratis-Reparaturen ja auch eine frohe Botschaft zu vermelden.<\/p>\n<h2>Komplette MacBook-Familie &#8222;unkaufbar&#8220;<\/h2>\n<p>Gestern Abend auf dem Weg zum Thai hatten wir dann unser Aha-Erlebnis: Momentan ist Apples komplette MacBook-Familie &#8222;unkaufbar&#8220;.<\/p>\n<p><a href=\"https:\/\/images.ifun.de\/wp-content\/uploads\/2018\/06\/team-ifun-de.jpg\"><img loading=\"lazy\" decoding=\"async\" class=\"aligncenter size-full wp-image-124073\" src=\"https:\/\/images.ifun.de\/wp-content\/uploads\/2018\/06\/team-ifun-de.jpg\" alt=\"Team Ifun De\" width=\"994\" height=\"680\" srcset=\"https:\/\/images.ifun.de\/wp-content\/uploads\/2018\/06\/team-ifun-de.jpg 994w, https:\/\/images.ifun.de\/wp-content\/uploads\/2018\/06\/team-ifun-de-300x205.jpg 300w, https:\/\/images.ifun.de\/wp-content\/uploads\/2018\/06\/team-ifun-de-768x525.jpg 768w\" sizes=\"auto, (max-width: 994px) 100vw, 994px\" \/><\/a><\/p>\n<p>Schaut man sich die Voraussetzungen des Serviceprogramms genauer an, dann f\u00e4llt auf, dass alle Ger\u00e4temodelle des Unternehmens seit dem Retina-MacBook von 2015 betroffen sind. Die Info-Seite Cupertino verzichtet (ganz un\u00fcblich) zudem auch auf das hinl\u00e4nglich bekannte Formular zum Eingeben einer Seriennummer und zum Pr\u00fcfen der Reparaturberechtigung.<\/p>\n<p>Dies l\u00e4sst darauf schlie\u00dfen, dass nicht nur spezielle Baureihen, Chargen oder Jahrg\u00e4nge betroffen sind, sondern dass alle Anwender grunds\u00e4tzlich zum Opfer der unzuverl\u00e4ssigen Tastatur werden k\u00f6nnen.<\/p>\n<h2>10% sind knapp 5 Mio. Ger\u00e4te<\/h2>\n<p>Kurz gerechnet: Seit April 2015 (dem Verkaufsstart des MacBook Pro) hat Apple stets <a href=\"https:\/\/barefigur.es\/companies\/apple\/mac\/\">zwischen 4 und 5,5 Mio. Macs<\/a> verkauft. Nehmen wir an, dass Apple im Quartals-Schnitt rund 3,8 Mio. <a href=\"https:\/\/barefigur.es\/companies\/apple\/mac-portables-vs-mac-desktops\/\">tragbare Rechnern<\/a> absetzen konnte. Seit dem Fr\u00fchjahr 2015 sind 12 Vierteljahre ins Land gestrichen. Macht 45,6 Mio. MacBooks. Laut Apple ist nur ein &#8222;geringer Prozentsatz&#8220; betroffen. Bei 10% kommen wir so auf knapp 5 Millionen defekter Tastaturen&#8230;<\/p>\n<p>Apple bietet derzeit ein Reparaturprogramm an, das f\u00fcr fast alle Rechner gilt, die der Konzern gerade in seinen Filial-Gesch\u00e4ften verkauft. Man k\u00f6nnte es auch so formulieren: Cupertino hat ein Serienfehler eingestanden, von dem offenbar alle neuen Ger\u00e4te bis auf das MacBook Air und das <a href=\"https:\/\/www.apple.com\/de\/shop\/buy-mac\/macbook-pro?&#038;product=MJLQ2D\/A&#038;step=config#\">MacBook Pro 2015 15&#8243;<\/a> betroffen sind. Wow!<\/p>\n<h2>Diese Ger\u00e4te sind qualifiziert<\/h2>\n<ul>\n<li>MacBook (Retina, 12&#8243;, Anfang 2015)<\/li>\n<li>MacBook (Retina, 12&#8243;, Anfang 2016)<\/li>\n<li>MacBook (Retina, 12&#8243;, 2017)<\/li>\n<li>MacBook Pro (13&#8243;, 2016, zwei Thunderbolt 3-Anschl\u00fcsse)<\/li>\n<li>MacBook Pro (13&#8220;, 2017, zwei Thunderbolt 3-Anschl\u00fcsse)<\/li>\n<li>MacBook Pro (13&#8243;, 2016, vier Thunderbolt 3-Anschl\u00fcsse)<\/li>\n<li>MacBook Pro (13&#8243;, 2017, vier Thunderbolt 3-Anschl\u00fcsse)<\/li>\n<li>MacBook Pro (15&#8220;, 2016)<\/li>\n<li>MacBook Pro (15&#8220;, 2017)<\/li>\n<\/ul>\n<p>Potentiell interessierte K\u00e4ufer m\u00fcssen nun zwischen zwei Optionen w\u00e4hlen: Entweder investieren sie bis zu 5000 Euro (das 15&#8243; MacBook Pr mit 2 TB SSD und 3,1 GHz Quad\u2011Core kostet 4.959,00 Euro) in einen tragbaren Rechner, dessen Tastatur mit einer tickenden Zeitbombe verglichen werden darf, die zwar nicht mit einer Explosion aber immerhin mit einer unbequemen Ausfallzeit zur Alltagsnervosit\u00e4t beitr\u00e4gt, oder sie warten den Verkaufsstart einer neuen Rechner-Generation ab. Von dieser fehlt momentan jedoch noch jedes Zeichen.<\/p>\n<p>Betrachtet man das Tastatur-Debakel aus dieser Perspektive, dann k\u00f6nnten die Auswirkungen auf Apples Umsatz wohl noch deutlich eklatanter ausfallen, als nur die Summe der arbeitsintensiven Reparaturen, die der Konzern im Laufe der kommenden Jahre kostenlos anbieten muss.<\/p>\n<p>Derzeit l\u00e4sst sich kein aktueller Apple-Laptop mehr guten Gewissens zum Kauf empfehlen.<\/p>\n<p><a href=\"https:\/\/images.ifun.de\/wp-content\/uploads\/2018\/06\/taste-butterfly-large.jpg\"><img loading=\"lazy\" decoding=\"async\" class=\"aligncenter size-full wp-image-124072\" src=\"https:\/\/images.ifun.de\/wp-content\/uploads\/2018\/06\/taste-butterfly-large.jpg\" alt=\"Taste Butterfly Large\" width=\"1400\" height=\"718\" srcset=\"https:\/\/images.ifun.de\/wp-content\/uploads\/2018\/06\/taste-butterfly-large.jpg 1400w, https:\/\/images.ifun.de\/wp-content\/uploads\/2018\/06\/taste-butterfly-large-300x154.jpg 300w, https:\/\/images.ifun.de\/wp-content\/uploads\/2018\/06\/taste-butterfly-large-768x394.jpg 768w, https:\/\/images.ifun.de\/wp-content\/uploads\/2018\/06\/taste-butterfly-large-1024x525.jpg 1024w\" sizes=\"auto, (max-width: 1400px) 100vw, 1400px\" \/><\/a><\/p>\n<p>Vor allem die Tatsache, dass das Serviceprogramm nur vier Jahre g\u00fcltig ist, sollte selbst risikofreudige Anwender davon abhalten in ein neues MacBook zu investieren. Zwar l\u00e4sst sich die Tastatur in den ersten vier Jahren ab Kauf mehrfach kostenlos austauschen (die geht nat\u00fcrlich immer mit einer entsprechenden Wartezeit einher) im Anschluss an die vierj\u00e4hrige Gnadenfrist wird Apple dann jedoch wieder die \u00fcblichen Reparatur-Kosten ansetzen, f\u00fcr die schon mal 500 Euro zur Seite gelegt werden k\u00f6nnen.<\/p>\n<p>Nat\u00fcrlich ist es m\u00f6glich, dass der Konzern den grundlegenden Design-Fehler der Tastatur inzwischen schon in der Fertigungskette adressiert und die aktuellen Rechner mit einem Keyboard ausliefert, das weniger reparaturanf\u00e4llig als die bislang verbaute Variante ist. Kommuniziert hat Apple dazu jedoch noch nichts.<\/p>\n<h2>Arbeitet Apple mit neuen Teilen?<\/h2>\n<p>Und auch der Blick in das Ger\u00e4te-Innere l\u00e4sst den Schluss zu, dass Apple fast keinen Spielraum hat, um die Fehlerursache f\u00fcr die aussetzenden Tastaturen an der Wurzel auszumerzen. Darauf macht der iFixit-CEO Kyle Wiens <a href=\"https:\/\/ifixit.org\/blog\/10229\/macbook-pro-keyboard\/\">aufmerksam<\/a>, der die Kr\u00fcmel-Problematik erstmals in einer animierten Grafik visualisiert hat.<\/p>\n<p>Bereits ein verschwindend kleiner Brot- beziehungsweise Sandkr\u00fcmel kann daf\u00fcr sorgen, dass sich einzelne Tasten nicht mehr durchdr\u00fccken lassen und entsprechend registriert werden. Hier muss dann die komplette Tastatur inklusive Ger\u00e4te- Topcase und Akkueinheit getauscht werden.<\/p>\n<p>Dass Apple die defekten Tastaturen durch neue, technisch verbesserte Modelle ersetzt, ist eher unwahrscheinlich. Mit Blick auf die kompakte Bauweise der Ger\u00e4te hat Apple, wenn \u00fcberhaupt, nur sehr geringen Spielraum f\u00fcr Verbesserungen. Irritierend ist jedenfalls, dass Apple in diesem Punkt bislang keine eindeutige Aussage getroffen hat. Sollte beim Austausch technisch \u00fcberarbeitete Bauteile verwendet werden, dann h\u00e4ngt Apple diesen Umstand nicht an die gro\u00dfe Glocke.<\/p>\n<p>Schlimmer noch als die Tatsache, dass Apple das 2015 ver\u00f6ffentlicht dem MacBook in den vergangenen zwei Jahren (au\u00dferhalb der Garantiezeit) nur kostenpflichtig repariert hat und den fr\u00fchen K\u00e4ufern jetzt nur noch eine einj\u00e4hrige Zusatz-Sicherung gew\u00e4hrt ist der Umstand, dass ver\u00e4rgerte Nutzer, die auf macOS und einen tragbaren Rechner angewiesen Sind, keine halbwegs aktuellen Ausweichm\u00f6glichkeit haben.<\/p>\n<p>Noch mal: F\u00fcr alle halbwegs aktuellen Apple-Laptops, die sich im Apple Online Store und in den Filial-Gesch\u00e4ften Cupertinos momentan kaufen lassen, gibt es ein aktives, aber zeitlich begrenztes Reparaturprogramm! Wir k\u00f6nnen uns nicht an einen vergleichbaren Moment in Apples Firmengeschichte erinnern.<\/p>\n","protected":false},"excerpt":{"rendered":"<a href=\"https:\/\/www.ifun.de\/aha-erlebnis-komplette-macbook-familie-derzeit-unkaufbar-124069\/\"><img width=\"150\" height=\"150\" src=\"https:\/\/images.ifun.de\/wp-content\/uploads\/2018\/06\/kruemel-150x150.gif\" class=\"alignright tfe wp-post-image\" alt=\"Kruemel\" decoding=\"async\" loading=\"lazy\" \/><\/a><p>Als Apple am vergangenen Freitag den Start des Reparaturprogramms f\u00fcr die fehleranf\u00e4lligen Tastaturen der eigenen MacBook-Modelle bekannt gab, f\u00fchlten wir uns erst mal best\u00e4tigt. Staubkorn rechts unten verhindert den Druck Im Laufe der vergangenen Jahre mussten wir so h\u00e4ufig \u00fcber die fast immer gleichen Probleme mit den d\u00fcnnen Butterfly-Tasten berichten, dass wir immer weniger Sympathien [&hellip;]<\/p>\n","protected":false},"author":1,"featured_media":124074,"comment_status":"open","ping_status":"closed","sticky":false,"template":"","format":"standard","meta":{"_acf_changed":false,"footnotes":""},"categories":[3,1783],"tags":[144,224,348],"class_list":["post-124069","post","type-post","status-publish","format-standard","has-post-thumbnail","hentry","category-apple","category-feature","tag-macbook","tag-macbook-pro","tag-tastatur"],"acf":[],"aioseo_notices":[],"subheadline":["Den Freunden zum Warten raten"],"featured_image":["https:\/\/images.ifun.de\/wp-content\/uploads\/2018\/06\/taste-butterfly.jpg"],"rest_api_enabler":{"subheadline":"Den Freunden zum Warten raten","featured_image":"https:\/\/images.ifun.de\/wp-content\/uploads\/2018\/06\/taste-butterfly.jpg"},"_links":{"self":[{"href":"https:\/\/www.ifun.de\/apiv2\/wp\/v2\/posts\/124069","targetHints":{"allow":["GET"]}}],"collection":[{"href":"https:\/\/www.ifun.de\/apiv2\/wp\/v2\/posts"}],"about":[{"href":"https:\/\/www.ifun.de\/apiv2\/wp\/v2\/types\/post"}],"author":[{"embeddable":true,"href":"https:\/\/www.ifun.de\/apiv2\/wp\/v2\/users\/1"}],"replies":[{"embeddable":true,"href":"https:\/\/www.ifun.de\/apiv2\/wp\/v2\/comments?post=124069"}],"version-history":[{"count":11,"href":"https:\/\/www.ifun.de\/apiv2\/wp\/v2\/posts\/124069\/revisions"}],"predecessor-version":[{"id":124107,"href":"https:\/\/www.ifun.de\/apiv2\/wp\/v2\/posts\/124069\/revisions\/124107"}],"wp:featuredmedia":[{"embeddable":true,"href":"https:\/\/www.ifun.de\/apiv2\/wp\/v2\/media\/124074"}],"wp:attachment":[{"href":"https:\/\/www.ifun.de\/apiv2\/wp\/v2\/media?parent=124069"}],"wp:term":[{"taxonomy":"category","embeddable":true,"href":"https:\/\/www.ifun.de\/apiv2\/wp\/v2\/categories?post=124069"},{"taxonomy":"post_tag","embeddable":true,"href":"https:\/\/www.ifun.de\/apiv2\/wp\/v2\/tags?post=124069"}],"curies":[{"name":"wp","href":"https:\/\/api.w.org\/{rel}","templated":true}]}}