{"id":124049,"date":"2018-06-29T07:52:35","date_gmt":"2018-06-29T05:52:35","guid":{"rendered":"https:\/\/www.ifun.de\/?p=124049"},"modified":"2018-07-02T17:22:49","modified_gmt":"2018-07-02T15:22:49","slug":"homepod-jetzt-kurzfristig-verfuegbar","status":"publish","type":"post","link":"https:\/\/www.ifun.de\/homepod-jetzt-kurzfristig-verfuegbar-124049\/","title":{"rendered":"HomePod: Jetzt kurzfristig bei Apple verf\u00fcgbar"},"content":{"rendered":"<p>11 Tage nach dem deutschen Verkaufsstart des Siri-Lautsprechers hat sich die Verf\u00fcgbarkeit des HomePod jetzt <a href=\"http:\/\/ifun.de\/applestore\/https:\/\/www.apple.com\/de\/shop\/buy-homepod\/homepod\">deutlich entspannt<\/a>. Listete Apple den 349 Euro teuren Multiroom-Lautsprecher noch in der vergangenen Woche mit Lieferzeiten von <a href=\"https:\/\/www.ifun.de\/wp-admin\/post.php?post=123607&#038;action=edit\">\u00fcber zwei Wochen<\/a>, so verspricht der Konzern jetzt den Postversand bis zum n\u00e4chsten Dienstag auszuliefern. <\/p>\n<p><a href=\"https:\/\/images.ifun.de\/wp-content\/uploads\/2018\/06\/liefersituation.jpg\"><img loading=\"lazy\" decoding=\"async\" src=\"https:\/\/images.ifun.de\/wp-content\/uploads\/2018\/06\/liefersituation.jpg\" alt=\"Liefersituation\" width=\"1000\" height=\"750\" class=\"aligncenter size-full wp-image-124051\" srcset=\"https:\/\/images.ifun.de\/wp-content\/uploads\/2018\/06\/liefersituation.jpg 1000w, https:\/\/images.ifun.de\/wp-content\/uploads\/2018\/06\/liefersituation-300x225.jpg 300w, https:\/\/images.ifun.de\/wp-content\/uploads\/2018\/06\/liefersituation-768x576.jpg 768w\" sizes=\"auto, (max-width: 1000px) 100vw, 1000px\" \/><\/a><\/p>\n<p>Von der massiven Verbesserung der Liefersituation sind beide Modelle betroffen. Sowohl die wei\u00dfe als auch die schwarze Version des HomePod l\u00e4sst sich jetzt problemlos bestellen und scheint in allen deutschen Apple-Ladengesch\u00e4ften in ausreichender St\u00fcckzahl verf\u00fcgbar zu sein. Vor allem das wei\u00dfe Modell war in den zur\u00fcckliegenden Tagen h\u00e4ufig komplett vergriffen. <\/p>\n<p>Unklar bleibt, ob Apple vom Run auf den hauseigenen Sonos-Konkurrenten \u00fcberrascht wurde, oder anfangs nur eine kleine St\u00fcckzahl der Lautsprecher in seinen deutschen Lagern vorgehalten hat.<\/p>\n","protected":false},"excerpt":{"rendered":"<a href=\"https:\/\/www.ifun.de\/homepod-jetzt-kurzfristig-verfuegbar-124049\/\"><img width=\"150\" height=\"150\" src=\"https:\/\/images.ifun.de\/wp-content\/uploads\/2018\/06\/liefersituation-150x150.jpg\" class=\"alignright tfe wp-post-image\" alt=\"Liefersituation\" decoding=\"async\" loading=\"lazy\" \/><\/a><p>11 Tage nach dem deutschen Verkaufsstart des Siri-Lautsprechers hat sich die Verf\u00fcgbarkeit des HomePod jetzt deutlich entspannt. Listete Apple den 349 Euro teuren Multiroom-Lautsprecher noch in der vergangenen Woche mit Lieferzeiten von \u00fcber zwei Wochen, so verspricht der Konzern jetzt den Postversand bis zum n\u00e4chsten Dienstag auszuliefern. Von der massiven Verbesserung der Liefersituation sind beide [&hellip;]<\/p>\n","protected":false},"author":1,"featured_media":124051,"comment_status":"open","ping_status":"closed","sticky":false,"template":"","format":"standard","meta":{"_acf_changed":false,"footnotes":""},"categories":[3,1783],"tags":[4736,3714],"class_list":["post-124049","post","type-post","status-publish","format-standard","has-post-thumbnail","hentry","category-apple","category-feature","tag-apple","tag-homepod"],"acf":[],"aioseo_notices":[],"subheadline":["Entspannte Liefersituation"],"featured_image":["https:\/\/images.ifun.de\/wp-content\/uploads\/2018\/06\/apple-homepod-header.jpg"],"rest_api_enabler":{"subheadline":"Entspannte Liefersituation","featured_image":"https:\/\/images.ifun.de\/wp-content\/uploads\/2018\/06\/apple-homepod-header.jpg"},"_links":{"self":[{"href":"https:\/\/www.ifun.de\/apiv2\/wp\/v2\/posts\/124049","targetHints":{"allow":["GET"]}}],"collection":[{"href":"https:\/\/www.ifun.de\/apiv2\/wp\/v2\/posts"}],"about":[{"href":"https:\/\/www.ifun.de\/apiv2\/wp\/v2\/types\/post"}],"author":[{"embeddable":true,"href":"https:\/\/www.ifun.de\/apiv2\/wp\/v2\/users\/1"}],"replies":[{"embeddable":true,"href":"https:\/\/www.ifun.de\/apiv2\/wp\/v2\/comments?post=124049"}],"version-history":[{"count":3,"href":"https:\/\/www.ifun.de\/apiv2\/wp\/v2\/posts\/124049\/revisions"}],"predecessor-version":[{"id":124053,"href":"https:\/\/www.ifun.de\/apiv2\/wp\/v2\/posts\/124049\/revisions\/124053"}],"wp:featuredmedia":[{"embeddable":true,"href":"https:\/\/www.ifun.de\/apiv2\/wp\/v2\/media\/124051"}],"wp:attachment":[{"href":"https:\/\/www.ifun.de\/apiv2\/wp\/v2\/media?parent=124049"}],"wp:term":[{"taxonomy":"category","embeddable":true,"href":"https:\/\/www.ifun.de\/apiv2\/wp\/v2\/categories?post=124049"},{"taxonomy":"post_tag","embeddable":true,"href":"https:\/\/www.ifun.de\/apiv2\/wp\/v2\/tags?post=124049"}],"curies":[{"name":"wp","href":"https:\/\/api.w.org\/{rel}","templated":true}]}}