{"id":122917,"date":"2018-06-01T19:01:29","date_gmt":"2018-06-01T17:01:29","guid":{"rendered":"https:\/\/www.ifun.de\/?p=122917"},"modified":"2018-06-01T19:02:21","modified_gmt":"2018-06-01T17:02:21","slug":"steuerstreit-apples-absage-empoert-gruene-im-eu-parlament","status":"publish","type":"post","link":"https:\/\/www.ifun.de\/steuerstreit-apples-absage-empoert-gruene-im-eu-parlament-122917\/","title":{"rendered":"Steuerstreit: Apples Absage emp\u00f6rt Gr\u00fcne im EU-Parlament"},"content":{"rendered":"<p><a href=\"https:\/\/sven-giegold.de\">Sven Giegold<\/a>, der Sprecher der Abgeordneten von B\u00fcndnis 90\/Die Gr\u00fcnen im Europaparlament, macht aus seiner Emp\u00f6rung \u00fcber das heute eingegangene Schreiben des iPhone-Konzerns kein Geheimnis. <\/p>\n<p><a href=\"https:\/\/images.ifun.de\/wp-content\/uploads\/2016\/01\/apple-geld.jpg\"><img loading=\"lazy\" decoding=\"async\" src=\"https:\/\/images.ifun.de\/wp-content\/uploads\/2016\/01\/apple-geld.jpg\" alt=\"\" width=\"500\" height=\"273\" class=\"aligncenter size-full wp-image-86718\" srcset=\"https:\/\/images.ifun.de\/wp-content\/uploads\/2016\/01\/apple-geld.jpg 500w, https:\/\/images.ifun.de\/wp-content\/uploads\/2016\/01\/apple-geld-300x164.jpg 300w\" sizes=\"auto, (max-width: 500px) 100vw, 500px\" \/><\/a><\/p>\n<p>Auf dem Kurznachrichten-Portal Twitter <a href=\"https:\/\/twitter.com\/sven_giegold\/status\/1002476106786705408\">kommentiert<\/a> der 48-j\u00e4hrige den zweiseitigen Brief Apples, in dem sich die f\u00fcr EU-Rechtsgesch\u00e4fte verantwortliche Apple-Managerin Claire Thwaites, gegen die Teilnahme Cupertinos an einer \u00f6ffentlichen Anh\u00f6rung ausspricht, bissig:<\/p>\n<blockquote><p>Eine ganz faule Kiste von #Apple! Das Unternehmen weigert sich vor dem Sonderausschuss zu #Steuervermeidung im EU-Parlament auszusagen. Kein Konzern steht \u00fcber Demokratie! Wir sollten Apple nun die Lobbyistenausweise f\u00fcr das EU-Parlament entziehen! Hier die fadenscheinige Absage.<\/p><\/blockquote>\n<p>Im Folgenden verlinkt Giegold den Brief des Unternehmens, der sich <a href=\"https:\/\/twitter.com\/sven_giegold\/status\/1002476106786705408\">hier<\/a> einsehen l\u00e4sst. Darin reagiert Apple auf die Einladung des Sonderausschuss zu Steuervermeidung vom 25. Mai, sagt ein m\u00f6gliches Treffen mit den Abgeordneten jedoch kategorisch ab. <\/p>\n<h2>Nicht-\u00f6ffentliches Treffen w\u00e4re m\u00f6glich<\/h2>\n<p>Da man sich aktuell auf ein Berufungsverfahren im Fall der irischen Milliarden-Steuernachzahlung vorbereite, k\u00f6nne man die Teilnahme an einer \u00f6ffentlichen Anh\u00f6rung nicht verantworten. <\/p>\n<p>Die ausgestreckte Hand bleibt das Unternehmen allerdings nicht schuldig. So schlie\u00dft Thwaites mit dem Hinweis, dass Apple f\u00fcr ein nicht-\u00f6ffentliches Treffen mit den Abgeordneten durchaus zu haben w\u00e4re. Man habe tiefsten Respekt f\u00fcr den Ausschuss und seine Mitglieder. <\/p>\n<p>In dem Fall geht es um den Steuerstreit zwischen Apple, der EU und Irland. Die EU-Kommission hatte bereits vor 19 Monaten eine Strafzahlung <a href=\"https:\/\/www.ifun.de\/eu-kommission-apple-muss-13-milliarden-euro-steuern-nachzahlen-96848\/\">angewiesen<\/a>. Cupertino sollte 13 Milliarden Euro zu wenig gezahlter Steuern an Irland \u00fcberweisen. <\/p>\n<p>Apple und Irland haben gegen den Entscheid der europ\u00e4ischen Kommission Beschwerde eingelegt, daher wird die Zahlung zun\u00e4chst auf einem Treuhandkonto gebunkert. Bis zu einer Entscheidung, ob das Geld tats\u00e4chlich in die Kassen Irlands flie\u00dft oder an Apple zur\u00fcck geht, d\u00fcrften noch einige Monate vergehen. Apple-Chef Tim Cook hat den Beschluss als \u201e<a href=\"https:\/\/www.ifun.de\/politischer-scheissdreck-tim-cook-zur-entscheidung-der-eu-kommission-96971\/\">politischen Schei\u00dfdreck<\/a>\u201c bezeichnet und sieht Apple mit wei\u00dfer Steuerweste, Irland wehrt sich ebenfalls gegen die Zahlung, da dies einem Eingest\u00e4ndnis der Vorw\u00fcrfe gleichk\u00e4me.<\/p>\n","protected":false},"excerpt":{"rendered":"<a href=\"https:\/\/www.ifun.de\/steuerstreit-apples-absage-empoert-gruene-im-eu-parlament-122917\/\"><img decoding=\"async\" width=\"150\" src=\"https:\/\/images.ifun.de\/wp-content\/uploads\/2016\/01\/apple-geld.jpg\" class=\"alignright wp-post-image tfe\" alt=\"\" title=\"\" \/><\/a><p>Sven Giegold, der Sprecher der Abgeordneten von B\u00fcndnis 90\/Die Gr\u00fcnen im Europaparlament, macht aus seiner Emp\u00f6rung \u00fcber das heute eingegangene Schreiben des iPhone-Konzerns kein Geheimnis. Auf dem Kurznachrichten-Portal Twitter kommentiert der 48-j\u00e4hrige den zweiseitigen Brief Apples, in dem sich die f\u00fcr EU-Rechtsgesch\u00e4fte verantwortliche Apple-Managerin Claire Thwaites, gegen die Teilnahme Cupertinos an einer \u00f6ffentlichen Anh\u00f6rung ausspricht, [&hellip;]<\/p>\n","protected":false},"author":1,"featured_media":0,"comment_status":"open","ping_status":"closed","sticky":false,"template":"","format":"standard","meta":{"_acf_changed":false,"footnotes":""},"categories":[3],"tags":[4736,3128,246,373,553],"class_list":["post-122917","post","type-post","status-publish","format-standard","hentry","category-apple","tag-apple","tag-eu-kommission","tag-europa","tag-kritik","tag-recht"],"acf":[],"aioseo_notices":[],"featured_image":["https:\/\/images.ifun.de\/wp-content\/uploads\/2016\/09\/apple.jpg"],"subheadline":["\"Eine ganz faule Kiste\""],"rest_api_enabler":{"featured_image":"https:\/\/images.ifun.de\/wp-content\/uploads\/2016\/09\/apple.jpg","subheadline":"\"Eine ganz faule Kiste\""},"_links":{"self":[{"href":"https:\/\/www.ifun.de\/apiv2\/wp\/v2\/posts\/122917","targetHints":{"allow":["GET"]}}],"collection":[{"href":"https:\/\/www.ifun.de\/apiv2\/wp\/v2\/posts"}],"about":[{"href":"https:\/\/www.ifun.de\/apiv2\/wp\/v2\/types\/post"}],"author":[{"embeddable":true,"href":"https:\/\/www.ifun.de\/apiv2\/wp\/v2\/users\/1"}],"replies":[{"embeddable":true,"href":"https:\/\/www.ifun.de\/apiv2\/wp\/v2\/comments?post=122917"}],"version-history":[{"count":2,"href":"https:\/\/www.ifun.de\/apiv2\/wp\/v2\/posts\/122917\/revisions"}],"predecessor-version":[{"id":122919,"href":"https:\/\/www.ifun.de\/apiv2\/wp\/v2\/posts\/122917\/revisions\/122919"}],"wp:attachment":[{"href":"https:\/\/www.ifun.de\/apiv2\/wp\/v2\/media?parent=122917"}],"wp:term":[{"taxonomy":"category","embeddable":true,"href":"https:\/\/www.ifun.de\/apiv2\/wp\/v2\/categories?post=122917"},{"taxonomy":"post_tag","embeddable":true,"href":"https:\/\/www.ifun.de\/apiv2\/wp\/v2\/tags?post=122917"}],"curies":[{"name":"wp","href":"https:\/\/api.w.org\/{rel}","templated":true}]}}