{"id":122740,"date":"2018-05-29T16:54:51","date_gmt":"2018-05-29T14:54:51","guid":{"rendered":"https:\/\/www.ifun.de\/?p=122740"},"modified":"2018-05-29T20:18:18","modified_gmt":"2018-05-29T18:18:18","slug":"ab-dem-18-juni-homepod-verkauf-startet-in-20-tagen","status":"publish","type":"post","link":"https:\/\/www.ifun.de\/ab-dem-18-juni-homepod-verkauf-startet-in-20-tagen-122740\/","title":{"rendered":"Ab dem 18. Juni: HomePod-Verkauf startet in 20 Tagen"},"content":{"rendered":"<p>Apples intelligenter Lautsprecher, der am 9. Februar in den USA und England deb\u00fctierte HomePod, wird sich in 20 Tagen, am 18. Juni 2018, endlich auch in Deutschland bestellen beziehungsweise direkt bei einem der hiesigen Apple Stores mitnehmen lassen. <\/p>\n<p><a href=\"https:\/\/images.ifun.de\/wp-content\/uploads\/2018\/02\/ipad-homepod.jpg\"><img decoding=\"async\" src=\"https:\/\/images.ifun.de\/wp-content\/uploads\/2018\/02\/ipad-homepod.jpg\" alt=\"Ipad Homepod\" width=\"500\" class=\"aligncenter size-full wp-image-118737\" srcset=\"https:\/\/images.ifun.de\/wp-content\/uploads\/2018\/02\/ipad-homepod.jpg 1000w, https:\/\/images.ifun.de\/wp-content\/uploads\/2018\/02\/ipad-homepod-300x214.jpg 300w, https:\/\/images.ifun.de\/wp-content\/uploads\/2018\/02\/ipad-homepod-768x548.jpg 768w\" sizes=\"(max-width: 1000px) 100vw, 1000px\" \/><\/a><\/p>\n<p>Dar\u00fcber macht Apple jetzt in der <a href=\"https:\/\/www.apple.com\/de\/newsroom\/2018\/05\/ios-11-4-brings-stereo-pairs-and-multi-room-audio-with-airplay-2\/\">hier abgedruckten<\/a> Pressemitteilung aufmerksam. Initial angek\u00fcndigt wurde der HomePod am 5. Juni des vergangenen Jahres, auf der WWDC-Entwicklerkonferenz 2017.<\/p>\n<h2>iOS 11 vier steht heute Abend zum Download bereit<\/h2>\n<p>Doch damit nicht genug. Apple hat nicht nur den Termin f\u00fcr den Verkaufsstart des HomePod in Deutschland, Kanada und Frankreich kommuniziert, der Konzern best\u00e4tigte auch, dass das Software-Update auf Version 11.4 des iOS-Betriebssystem noch im Laufe des Tages zur Verf\u00fcgung stehen wird. Wahrscheinlich ist die Freigabe gegen 19 Uhr. <\/p>\n<p><a href=\"https:\/\/images.ifun.de\/wp-content\/uploads\/2018\/02\/homepod-einstellungen.jpg\"><img loading=\"lazy\" decoding=\"async\" src=\"https:\/\/images.ifun.de\/wp-content\/uploads\/2018\/02\/homepod-einstellungen.jpg\" alt=\"Homepod Einstellungen\" width=\"960\" height=\"378\" class=\"aligncenter size-full wp-image-118679\" srcset=\"https:\/\/images.ifun.de\/wp-content\/uploads\/2018\/02\/homepod-einstellungen.jpg 960w, https:\/\/images.ifun.de\/wp-content\/uploads\/2018\/02\/homepod-einstellungen-300x118.jpg 300w, https:\/\/images.ifun.de\/wp-content\/uploads\/2018\/02\/homepod-einstellungen-768x302.jpg 768w\" sizes=\"auto, (max-width: 960px) 100vw, 960px\" \/><\/a><\/p>\n<p>Dieses wird den HomePod um zwei wichtige Funktion erg\u00e4nzen, die Apple bereits zur Ank\u00fcndigung des smarten Lautsprechers als Teil des Funktionsumfangs beworben hat.<\/p>\n<p>So wird iOS 11.4 nicht nur AirPlay 2 einf\u00fchren und den HomePod damit zu einem vollwertigen Multi-Room-Lautsprecher machen, das Software-Update wird auch die Kombination von mehreren Lautsprechern zu sogenannten Stereopaaren erm\u00f6glichen. Zudem wird die System-Aktualisierung die Sprach-Option &#8222;Deutsch&#8220; einf\u00fchren. Import-K\u00e4ufer mussten ihre Systeme bislang mit englischen Sprachbefehlen steuern. <\/p>\n<p><h8>Wir haben den Text um Hinweise auf Apples Pressemitteilung erg\u00e4nzt.<\/h8><\/p>\n","protected":false},"excerpt":{"rendered":"<a href=\"https:\/\/www.ifun.de\/ab-dem-18-juni-homepod-verkauf-startet-in-20-tagen-122740\/\"><img decoding=\"async\" width=\"150\" src=\"https:\/\/images.ifun.de\/wp-content\/uploads\/2018\/02\/ipad-homepod.jpg\" class=\"alignright wp-post-image tfe\" alt=\"Ipad Homepod\" title=\"\" \/><\/a><p>Apples intelligenter Lautsprecher, der am 9. Februar in den USA und England deb\u00fctierte HomePod, wird sich in 20 Tagen, am 18. Juni 2018, endlich auch in Deutschland bestellen beziehungsweise direkt bei einem der hiesigen Apple Stores mitnehmen lassen. Dar\u00fcber macht Apple jetzt in der hier abgedruckten Pressemitteilung aufmerksam. Initial angek\u00fcndigt wurde der HomePod am 5. [&hellip;]<\/p>\n","protected":false},"author":1,"featured_media":0,"comment_status":"open","ping_status":"closed","sticky":false,"template":"","format":"standard","meta":{"_acf_changed":false,"footnotes":""},"categories":[3,1783],"tags":[95,4736,3714,4739],"class_list":["post-122740","post","type-post","status-publish","format-standard","hentry","category-apple","category-feature","tag-airplay","tag-apple","tag-homepod","tag-ios"],"acf":[],"aioseo_notices":[],"subheadline":["Verkaufsstart am 18. Juni"],"featured_image":["https:\/\/images.ifun.de\/wp-content\/uploads\/2018\/03\/homepod-video-von-spike-jonze.jpg"],"rest_api_enabler":{"subheadline":"Verkaufsstart am 18. Juni","featured_image":"https:\/\/images.ifun.de\/wp-content\/uploads\/2018\/03\/homepod-video-von-spike-jonze.jpg"},"_links":{"self":[{"href":"https:\/\/www.ifun.de\/apiv2\/wp\/v2\/posts\/122740","targetHints":{"allow":["GET"]}}],"collection":[{"href":"https:\/\/www.ifun.de\/apiv2\/wp\/v2\/posts"}],"about":[{"href":"https:\/\/www.ifun.de\/apiv2\/wp\/v2\/types\/post"}],"author":[{"embeddable":true,"href":"https:\/\/www.ifun.de\/apiv2\/wp\/v2\/users\/1"}],"replies":[{"embeddable":true,"href":"https:\/\/www.ifun.de\/apiv2\/wp\/v2\/comments?post=122740"}],"version-history":[{"count":8,"href":"https:\/\/www.ifun.de\/apiv2\/wp\/v2\/posts\/122740\/revisions"}],"predecessor-version":[{"id":122754,"href":"https:\/\/www.ifun.de\/apiv2\/wp\/v2\/posts\/122740\/revisions\/122754"}],"wp:attachment":[{"href":"https:\/\/www.ifun.de\/apiv2\/wp\/v2\/media?parent=122740"}],"wp:term":[{"taxonomy":"category","embeddable":true,"href":"https:\/\/www.ifun.de\/apiv2\/wp\/v2\/categories?post=122740"},{"taxonomy":"post_tag","embeddable":true,"href":"https:\/\/www.ifun.de\/apiv2\/wp\/v2\/tags?post=122740"}],"curies":[{"name":"wp","href":"https:\/\/api.w.org\/{rel}","templated":true}]}}