{"id":122534,"date":"2018-05-24T09:08:51","date_gmt":"2018-05-24T07:08:51","guid":{"rendered":"https:\/\/www.ifun.de\/?p=122534"},"modified":"2018-05-24T09:10:04","modified_gmt":"2018-05-24T07:10:04","slug":"zweite-wahl-apple-und-volkswagen-kooperieren","status":"publish","type":"post","link":"https:\/\/www.ifun.de\/zweite-wahl-apple-und-volkswagen-kooperieren-122534\/","title":{"rendered":"Zweite Wahl: Apple und Volkswagen Kooperieren"},"content":{"rendered":"<p>Mit ihrem Artikel \u00fcber fehlende Visionen f\u00fcr das &#8222;Projekt Titan&#8220; und den damals exklusiv ver\u00f6ffentlichten Insider-Informationen, Apple w\u00fcrde seine Investitionen in Sachen autonome Fahrzeuge <a href=\"https:\/\/www.ifun.de\/bericht-apples-auto-ambitionen-auf-sparflamme-112094\/\">vorerst auf Sparflamme setzten<\/a>, zog die New York Times im vergangenen Jahr so etwas wie einen vorzeitigen Schlussstrich unter Apples Auto-Ambitionen.<\/p>\n<p><a href=\"https:\/\/images.ifun.de\/wp-content\/uploads\/2016\/10\/auto.jpg\"><img loading=\"lazy\" decoding=\"async\" src=\"https:\/\/images.ifun.de\/wp-content\/uploads\/2016\/10\/auto.jpg\" alt=\"Auto\" width=\"500\" height=\"332\" class=\"aligncenter size-full wp-image-98875\" srcset=\"https:\/\/images.ifun.de\/wp-content\/uploads\/2016\/10\/auto.jpg 500w, https:\/\/images.ifun.de\/wp-content\/uploads\/2016\/10\/auto-300x199.jpg 300w\" sizes=\"auto, (max-width: 500px) 100vw, 500px\" \/><\/a><\/p>\n<p>Damals sah es so aus, als h\u00e4tte Apple das einst euphorisch gestartete, mit zahlreichen Mitarbeiter besetzte und mit Blick auf Konkurrenten wie Tesla und Uber durchaus prestigetr\u00e4chtige Projekt gegen die sprichw\u00f6rtliche Wand gefahren.<\/p>\n<p>Jetzt legt die Tageszeitung <a href=\"https:\/\/www.nytimes.com\/2018\/05\/23\/technology\/apple-bmw-mercedes-volkswagen-driverless-cars.html\">noch mal nach<\/a>. Apples Fahrzeug-Projekt (f\u00fcr das der Konzern in den vergangenen Jahre auch Mitarbeiter aus anderen Abteilungen abgezogen haben soll) existiert noch, habe inzwischen jedoch nicht mehr viel mit den initialen Pl\u00e4nen am Hut.<\/p>\n<p>Anstatt die n\u00e4chste Generation elektrischer Transportmittel mitzugestalten und Pionierarbeit im Bereich der selbstfahrende Fahrzeuge zu leisten, soll der Konzern inzwischen nur noch an einem autonomen Mitarbeiter-Shuttle f\u00fcr die eigenen Angestellten arbeiten.<\/p>\n<p>Ein Projekt, f\u00fcr das Apple nun mit dem Volkswagen-Konzern kooperiert &#8211; dieser sei jedoch nicht die erste Wahl Cupertinos gewesen:<\/p>\n<blockquote><p>In den letzten Jahren suchte Apple Partnerschaften mit Luxus-Automobilherstellern wie BMW und Mercedes-Benz, um ein vollst\u00e4ndig elektrisches selbstfahrendes Fahrzeug zu entwickeln [&#8230;] Aber wieder und wieder wurden diese Gespr\u00e4che beendet, nachdem Apple die Anforderungen zur\u00fcckgewiesen hatte, die Kontrolle \u00fcber Daten und Design aus der Hand zu geben.<\/p>\n<p>Stattdessen hat Apple einen Vertrag mit Volkswagen unterzeichnet, um einige der neuen T6-Transporter des Autobauers in Apples selbstfahrende Shuttles f\u00fcr Mitarbeiter zu verwandeln &#8211; ein Projekt, das hinter seinen Zeitplan zur\u00fcck h\u00e4ngt und fast die gesamte Aufmerksamkeit des Apple-Car-Teams verbraucht [&#8230;]<\/p><\/blockquote>\n<h2>Zum Nachlesen:<\/h2>\n<ul>\n<li><a href=\"https:\/\/www.ifun.de\/?p=112094\">Apples Auto-Ambitionen auf Sparflamme<\/a><\/li>\n<\/ul>\n","protected":false},"excerpt":{"rendered":"<a href=\"https:\/\/www.ifun.de\/zweite-wahl-apple-und-volkswagen-kooperieren-122534\/\"><img decoding=\"async\" width=\"150\" src=\"https:\/\/images.ifun.de\/wp-content\/uploads\/2016\/10\/auto.jpg\" class=\"alignright wp-post-image tfe\" alt=\"Auto\" title=\"\" \/><\/a><p>Mit ihrem Artikel \u00fcber fehlende Visionen f\u00fcr das &#8222;Projekt Titan&#8220; und den damals exklusiv ver\u00f6ffentlichten Insider-Informationen, Apple w\u00fcrde seine Investitionen in Sachen autonome Fahrzeuge vorerst auf Sparflamme setzten, zog die New York Times im vergangenen Jahr so etwas wie einen vorzeitigen Schlussstrich unter Apples Auto-Ambitionen. Damals sah es so aus, als h\u00e4tte Apple das einst [&hellip;]<\/p>\n","protected":false},"author":1,"featured_media":0,"comment_status":"open","ping_status":"closed","sticky":false,"template":"","format":"standard","meta":{"_acf_changed":false,"footnotes":""},"categories":[3],"tags":[4736,78,3910,6322,448],"class_list":["post-122534","post","type-post","status-publish","format-standard","hentry","category-apple","tag-apple","tag-auto","tag-geruechte","tag-rumors","tag-volkswagen"],"acf":[],"aioseo_notices":[],"subheadline":["Autonome Mitarbeiter-Shuttle"],"featured_image":["https:\/\/images.ifun.de\/wp-content\/uploads\/2017\/04\/apple-lexus.jpg"],"rest_api_enabler":{"subheadline":"Autonome Mitarbeiter-Shuttle","featured_image":"https:\/\/images.ifun.de\/wp-content\/uploads\/2017\/04\/apple-lexus.jpg"},"_links":{"self":[{"href":"https:\/\/www.ifun.de\/apiv2\/wp\/v2\/posts\/122534","targetHints":{"allow":["GET"]}}],"collection":[{"href":"https:\/\/www.ifun.de\/apiv2\/wp\/v2\/posts"}],"about":[{"href":"https:\/\/www.ifun.de\/apiv2\/wp\/v2\/types\/post"}],"author":[{"embeddable":true,"href":"https:\/\/www.ifun.de\/apiv2\/wp\/v2\/users\/1"}],"replies":[{"embeddable":true,"href":"https:\/\/www.ifun.de\/apiv2\/wp\/v2\/comments?post=122534"}],"version-history":[{"count":3,"href":"https:\/\/www.ifun.de\/apiv2\/wp\/v2\/posts\/122534\/revisions"}],"predecessor-version":[{"id":122537,"href":"https:\/\/www.ifun.de\/apiv2\/wp\/v2\/posts\/122534\/revisions\/122537"}],"wp:attachment":[{"href":"https:\/\/www.ifun.de\/apiv2\/wp\/v2\/media?parent=122534"}],"wp:term":[{"taxonomy":"category","embeddable":true,"href":"https:\/\/www.ifun.de\/apiv2\/wp\/v2\/categories?post=122534"},{"taxonomy":"post_tag","embeddable":true,"href":"https:\/\/www.ifun.de\/apiv2\/wp\/v2\/tags?post=122534"}],"curies":[{"name":"wp","href":"https:\/\/api.w.org\/{rel}","templated":true}]}}