{"id":121862,"date":"2018-05-04T12:50:38","date_gmt":"2018-05-04T10:50:38","guid":{"rendered":"https:\/\/www.ifun.de\/?p=121862"},"modified":"2018-05-04T12:52:56","modified_gmt":"2018-05-04T10:52:56","slug":"macbook-pro-tastatur-petition-fordert-austauschprogramm","status":"publish","type":"post","link":"https:\/\/www.ifun.de\/macbook-pro-tastatur-petition-fordert-austauschprogramm-121862\/","title":{"rendered":"MacBook Pro-Tastatur: Petition fordert Austauschprogramm"},"content":{"rendered":"<p>Die einen unterschreiben f\u00fcr <a href=\"https:\/\/www.change.org\/p\/sandra-scheeres-michael-m%C3%BCller-wir-brauchen-kitapl%C3%A4tze-jetzt\">zus\u00e4tzliche Kitapl\u00e4tze<\/a>, die anderen f\u00fcr eine <a href=\"https:\/\/www.change.org\/p\/apple-apple-recall-macbook-pro-w-defective-keyboard-replace-with-different-working-keyboard\">neue MacBook Pro-Tastatur<\/a>. <\/p>\n<p>Das im Laufe der vergangenen Wochen besonders <a href=\"https:\/\/www.ifun.de\/macbook-pro-2016-tastatur-reparaturen-haben-sich-verdoppelt-121730\/\">stark kritisiere<\/a> Keyboard der aktuellen MacBook Pro-Modelle (insbesondere das des MacBook Pro 2016) ist auf dem Petitions-Portal Change.org nun mit einer eigenen Unterschriftensammlung vertreten. <\/p>\n<p><a href=\"https:\/\/images.ifun.de\/wp-content\/uploads\/2017\/10\/keyboardlol.jpg\"><img decoding=\"async\" class=\"aligncenter size-full wp-image-114233\" src=\"https:\/\/images.ifun.de\/wp-content\/uploads\/2017\/10\/keyboardlol.jpg\" alt=\"Keyboardlol\" width=\"500\" srcset=\"https:\/\/images.ifun.de\/wp-content\/uploads\/2017\/10\/keyboardlol.jpg 720w, https:\/\/images.ifun.de\/wp-content\/uploads\/2017\/10\/keyboardlol-150x150.jpg 150w, https:\/\/images.ifun.de\/wp-content\/uploads\/2017\/10\/keyboardlol-300x300.jpg 300w\" sizes=\"(max-width: 720px) 100vw, 720px\" \/><\/a><\/p>\n<p>Bereist \u00fcber 3000 mal unterzeichnet, fordert Initiator Matthew Taylor Apple dazu auf, ein Reparatur-Austauschprogramm f\u00fcr die fehleranf\u00e4lligen Tastaturen des MacBook Pro aufzusetzen:<\/p>\n<blockquote><p>Apple, es ist an der Zeit. Ruft die eure seit Ende 2016 ausgegebenen MacBook Pros zur\u00fcck und ersetzt deren Tastaturen mit einem neu gestalteten Keyboard, das einfach funktioniert &#8211; denn eure Keyboards Funktionieren nicht. <\/p><\/blockquote>\n<h2>Andere Petitionen zeigten Wirkung<\/h2>\n<p>Nat\u00fcrlich verweisen Zyniker an dieser Stelle auf die <a href=\"https:\/\/www.change.org\/p\/deutsche-banken-apple-pay-in-deutschland\">Apple Pay-Petition<\/a> und fragen sich, ob man seine Energie nicht f\u00fcr sinnvollere Projekte einsetzen sollte; an dieser Stelle muss jedoch <a href=\"https:\/\/www.change.org\/p\/timothy-d-cook-replace-or-fix-all-2011-macbook-pro-with-graphics-failure\">an diese<\/a>, \u00fcber 40.000 mal unterzeichnete Petition zu <a href=\"https:\/\/www.ifun.de\/sammelklage-wegen-grafikproblemen-beim-macbook-pro-2011-68473\/\">den Grafik-Problemen<\/a> beim Macbook Pro 2011 erinnert werden. <\/p>\n<p>Ob von ihr beeinfluss oder nicht, nach anf\u00e4nglicher Sturheit setzte Apple hier ein Reparaturerweiterungsprogramm auf und d\u00fcrfte den Aufschrei der Nutzer zumindest registriert haben. <\/p>\n<h2>Apple ist sich der Kritik bewusst<\/h2>\n<p>Dass Apple das Tastatur-Debakel schon jetzt aufmerksam mitverfolgt unterstreicht eine Aussage des Chef-Designers Jony Ive, die dieser w\u00e4hrend einer Podiumsdiskussion im vergangenen Dezember machte. <\/p>\n<p>Im Rahmen eines B\u00fchnen-Interviews ging Ive auf die Kritik an Apples aktuellen Notebook-Modellen ein und lie\u00df verlauten, dass diese sehr wohl ankomme: <a href=\"https:\/\/www.ifun.de\/apples-design-chef-zur-macbook-kritik-we-hear-you-boy-do-we-hear-116083\/\">We hear you, boy do we hear!<\/a><\/p>\n<h2>Zum Nachlesen:<\/h2>\n<ul>\n<li><a href=\"https:\/\/www.ifun.de\/?p=121730\">MacBook Pro 2016: Tastatur-Reparaturen haben sich verdoppelt<\/a><\/li>\n<li><a href=\"https:\/\/www.ifun.de\/?p=121563\">MacBook Pro-Tastatur sorgt f\u00fcr anhaltende Kaufwarnungen<\/a><\/li>\n<li><a title=\"MacBook Pro 2016: Tausch-Tastaturen mit neuer Beschriftung\" href=\"https:\/\/www.ifun.de\/macbook-pro-2016-tausch-tastaturen-mit-neuer-beschriftung-120236\/\">MacBook Pro 2016: Tausch-Tastaturen mit neuer Beschriftung<\/a><\/li>\n<li><a title=\"Apples Design-Chef zur MacBook-Kritik: \u201eWe hear you, boy do we hear!\u201c\" href=\"https:\/\/www.ifun.de\/apples-design-chef-zur-macbook-kritik-we-hear-you-boy-do-we-hear-116083\/\">Apples Design-Chef zur MacBook-Kritik: \u201eWe hear you, boy do we hear!\u201c<\/a><\/li>\n<li><a title=\"MacBook Pro: Tastatur-Kritik wird deutlich lauter\" href=\"https:\/\/www.ifun.de\/macbook-tastatur-kritik-wird-deutlich-lauter-114295\/\">MacBook Pro: Tastatur-Kritik wird deutlich lauter<\/a><\/li>\n<li><a title=\"MacBook-Tastatur: Vom Staubkr\u00fcmel zum Austausch\" href=\"https:\/\/www.ifun.de\/macbook-tastatur-vom-staubkruemel-zum-austausch-114232\/\">MacBook-Tastatur: Vom Staubkr\u00fcmel zum Austausch<\/a><\/li>\n<li><a title=\"MacBook Pro: Eine Taste klemmt? Apple tauscht die komplette Tastatur!\" href=\"https:\/\/www.ifun.de\/macbook-pro-eine-taste-klemmt-apple-tauscht-die-komplette-tastatur-107675\/\">MacBook Pro: Eine Taste klemmt? Apple tauscht die komplette Tastatur!<\/a><\/li>\n<li><a title=\"Ger\u00e4usche beim neuen MacBook Pro: Apple verbaut neue \u201eTopcases\u201c\" href=\"https:\/\/www.ifun.de\/geraeusche-beim-neuen-macbook-pro-apple-verbaut-neue-topcases-107426\/\">Ger\u00e4usche beim neuen MacBook Pro: Apple verbaut neue \u201eTopcases\u201c<\/a><\/li>\n<\/ul>\n","protected":false},"excerpt":{"rendered":"<a href=\"https:\/\/www.ifun.de\/macbook-pro-tastatur-petition-fordert-austauschprogramm-121862\/\"><img decoding=\"async\" width=\"150\" src=\"https:\/\/images.ifun.de\/wp-content\/uploads\/2017\/10\/keyboardlol.jpg\" class=\"alignright wp-post-image tfe\" alt=\"Keyboardlol\" title=\"\" \/><\/a><p>Die einen unterschreiben f\u00fcr zus\u00e4tzliche Kitapl\u00e4tze, die anderen f\u00fcr eine neue MacBook Pro-Tastatur. Das im Laufe der vergangenen Wochen besonders stark kritisiere Keyboard der aktuellen MacBook Pro-Modelle (insbesondere das des MacBook Pro 2016) ist auf dem Petitions-Portal Change.org nun mit einer eigenen Unterschriftensammlung vertreten. Bereist \u00fcber 3000 mal unterzeichnet, fordert Initiator Matthew Taylor Apple dazu [&hellip;]<\/p>\n","protected":false},"author":1,"featured_media":0,"comment_status":"open","ping_status":"closed","sticky":false,"template":"","format":"standard","meta":{"_acf_changed":false,"footnotes":""},"categories":[3],"tags":[373,224,348],"class_list":["post-121862","post","type-post","status-publish","format-standard","hentry","category-apple","tag-kritik","tag-macbook-pro","tag-tastatur"],"acf":[],"aioseo_notices":[],"subheadline":["Bereits 3000 Unterschriften"],"featured_image":["https:\/\/images.ifun.de\/wp-content\/uploads\/2017\/10\/tastatur-macbook.jpg"],"rest_api_enabler":{"subheadline":"Bereits 3000 Unterschriften","featured_image":"https:\/\/images.ifun.de\/wp-content\/uploads\/2017\/10\/tastatur-macbook.jpg"},"_links":{"self":[{"href":"https:\/\/www.ifun.de\/apiv2\/wp\/v2\/posts\/121862","targetHints":{"allow":["GET"]}}],"collection":[{"href":"https:\/\/www.ifun.de\/apiv2\/wp\/v2\/posts"}],"about":[{"href":"https:\/\/www.ifun.de\/apiv2\/wp\/v2\/types\/post"}],"author":[{"embeddable":true,"href":"https:\/\/www.ifun.de\/apiv2\/wp\/v2\/users\/1"}],"replies":[{"embeddable":true,"href":"https:\/\/www.ifun.de\/apiv2\/wp\/v2\/comments?post=121862"}],"version-history":[{"count":3,"href":"https:\/\/www.ifun.de\/apiv2\/wp\/v2\/posts\/121862\/revisions"}],"predecessor-version":[{"id":121865,"href":"https:\/\/www.ifun.de\/apiv2\/wp\/v2\/posts\/121862\/revisions\/121865"}],"wp:attachment":[{"href":"https:\/\/www.ifun.de\/apiv2\/wp\/v2\/media?parent=121862"}],"wp:term":[{"taxonomy":"category","embeddable":true,"href":"https:\/\/www.ifun.de\/apiv2\/wp\/v2\/categories?post=121862"},{"taxonomy":"post_tag","embeddable":true,"href":"https:\/\/www.ifun.de\/apiv2\/wp\/v2\/tags?post=121862"}],"curies":[{"name":"wp","href":"https:\/\/api.w.org\/{rel}","templated":true}]}}