{"id":121739,"date":"2018-05-02T08:53:48","date_gmt":"2018-05-02T06:53:48","guid":{"rendered":"https:\/\/www.ifun.de\/?p=121739"},"modified":"2018-05-02T08:53:48","modified_gmt":"2018-05-02T06:53:48","slug":"facebook-neue-loeschfunktion-jan-koum-geht-dating-app-kommt","status":"publish","type":"post","link":"https:\/\/www.ifun.de\/facebook-neue-loeschfunktion-jan-koum-geht-dating-app-kommt-121739\/","title":{"rendered":"Facebook: Neue L\u00f6schfunktion, Jan Koum geht, Dating-App kommt"},"content":{"rendered":"<p>Das soziale Netzwerk Facebook bem\u00fcht sich nach dem <a href=\"https:\/\/www.ifun.de\/suche\/Cambridge+Analytica\">Cambridge Analytica-Debakel<\/a> weiter um Schadensbegrenzung und hat eine neue L\u00f6schfunktion in Aussicht gestellt, die Nutzern dabei zur Hand gehen soll ihren Facebook-Verlauf zu bereinigen.<\/p>\n<p><a href=\"https:\/\/images.ifun.de\/wp-content\/uploads\/2018\/05\/whatsapp.jpg\"><img decoding=\"async\" class=\"aligncenter size-full wp-image-121741\" src=\"https:\/\/images.ifun.de\/wp-content\/uploads\/2018\/05\/whatsapp.jpg\" alt=\"Whatsapp\" width=\"500\" srcset=\"https:\/\/images.ifun.de\/wp-content\/uploads\/2018\/05\/whatsapp.jpg 1000w, https:\/\/images.ifun.de\/wp-content\/uploads\/2018\/05\/whatsapp-300x152.jpg 300w, https:\/\/images.ifun.de\/wp-content\/uploads\/2018\/05\/whatsapp-768x389.jpg 768w\" sizes=\"(max-width: 1000px) 100vw, 1000px\" \/><\/a><\/p>\n<p>Von Mark Zuckerberg <a href=\"https:\/\/www.facebook.com\/zuck\/posts\/10104899855107881\">pers\u00f6nlich angek\u00fcndigt<\/a>, soll das neue Feature &#8222;Clear History&#8220; mit dem manuellen L\u00f6schen der eigenen Facebook-Cookies vergleichbar sein und sich darum k\u00fcmmern, die pers\u00f6nliche Browsing-History aus eurem Account zu entfernen &#8211; also die Links, die ihr geklickt habt und Webseiten, die ihr euch angesehen habt.<\/p>\n<p>Laut Zuckerberg befindet sich das neue Feature derzeit in der Testphase und soll das Potential haben euer Facebook-Erlebnis nachhaltig negativ zu beeinflussen:<\/p>\n<blockquote><p>Um es ganz klar auszusprechen: Wenn Du Cookies in deinem Browser l\u00f6schst, kann dies Teile der Facebook-Erfahrung verschlechtern. M\u00f6glicherweise musst du dich erneut bei Websiten anmelden und eventuell m\u00fcssen Grundeinstellungen neu konfiguriert werden. Gleiches gilt auch hier. W\u00e4hrend Facebook deine Pr\u00e4ferenzen erneut kennen lernt, wird es kein optimales Nutzer-Erlebnis liefern k\u00f6nnen.<\/p><\/blockquote>\n<p>Kurz: Zuckerberg konditioniert die noch verbleibenden Nutzer dazu, die neue L\u00f6schfunktion besser nicht zu nutzen. Wann genau das Feature ausgerollt wird steht derzeit noch nicht fest.<\/p>\n<h2>Jan Koum geht<\/h2>\n<p>W\u00e4hrend sich Facebook darum bem\u00fcht, verlorenes Vertrauen seiner Nutzer wieder zu gewinnen, hat WhatsApp-Gr\u00fcnder Jan Koum jetzt <a href=\"https:\/\/www.facebook.com\/jan.koum\/posts\/10156227307390011\">das Unternehmen verlassen<\/a>. Damit haben sich nun beide WhatsApp-Machen offen gegen Facebook positioniert &#8211; Brian Acton rief die Community <a href=\"https:\/\/www.ifun.de\/deletefacebook-whatsapp-gruender-ruft-zur-konto-loeschung-auf-120132\/\">erst im M\u00e4rz dazu auf<\/a>, das pers\u00f6nliche Facebook-Konto zu l\u00f6schen.<\/p>\n<p>In diesem Zusammenhang muss an <a href=\"https:\/\/blog.whatsapp.com\/245\/Why-we-dont-sell-ads\">einen Blog-Eintrag Koums<\/a> aus dem WhatsApp-Blog vom Juni 2012 erinnert werden. Damals sprach sich der WhatsApp-Gr\u00fcnder gegen die Anzeige von Werbung aus und schrieb:<\/p>\n<blockquote><p>Niemand wacht aufgeregt auf, um mehr Werbung zu sehen, niemand geht schlafen und denkt \u00fcber die Anzeigen nach, die sie morgen sehen werden. Die Leute gehen aufgeregt schlafen, wenn sie dar\u00fcber nachdenken, mit wem sie an diesem Tag plauderten (und entt\u00e4uscht, wenn dies nicht geschehen ist). Wir m\u00f6chten, dass WhatsApp das Produkt ist, das Sie wach h\u00e4lt &#8230; und das Sie morgens erreichen. Niemand springt von einem Nickerchen auf und rennt los, um eine Werbung zu sehen.<\/p><\/blockquote>\n<h2><a href=\"https:\/\/images.ifun.de\/wp-content\/uploads\/2018\/05\/dating.jpg\"><img loading=\"lazy\" decoding=\"async\" class=\"aligncenter size-full wp-image-121742\" src=\"https:\/\/images.ifun.de\/wp-content\/uploads\/2018\/05\/dating.jpg\" alt=\"Dating\" width=\"2182\" height=\"1230\" srcset=\"https:\/\/images.ifun.de\/wp-content\/uploads\/2018\/05\/dating.jpg 2182w, https:\/\/images.ifun.de\/wp-content\/uploads\/2018\/05\/dating-300x169.jpg 300w, https:\/\/images.ifun.de\/wp-content\/uploads\/2018\/05\/dating-768x433.jpg 768w, https:\/\/images.ifun.de\/wp-content\/uploads\/2018\/05\/dating-1024x577.jpg 1024w\" sizes=\"auto, (max-width: 2182px) 100vw, 2182px\" \/><\/a><\/h2>\n<h2>Dating-App kommt<\/h2>\n<p>Zu guter Letzt m\u00fcssen wir auf Facebook Dating aufmerksam machen. Wie Facebook im Rahmen der gestern gestarteten <a href=\"https:\/\/www.f8.com\/\">Entwickler-Konferenz F8<\/a> bekannt gegeben hat, wird das Unternehmen zuk\u00fcnftig einen eigenen Dating-Dienst anbieten, der mit Tinder konkurrieren, sich dabei aber nicht auf One-Night-Stands sondern auf l\u00e4ngerfristige Beziehungen konzentrieren soll.<\/p>\n<p>Facebook Dating soll noch im Laufe des Jahres getestet werden und Menschen verbinden, die \u00fcber \u00e4hnliche Interessen, Freundeskreise und Hobbys verf\u00fcgen.<\/p>\n<p>Die Keynote der Entwickler-Konferenz l\u00e4sst sich <a href=\"https:\/\/developers.facebook.com\/videos\/f8-2018\/f8-2018-day-1-keynote\/\">hier anschauen<\/a>.<\/p>\n","protected":false},"excerpt":{"rendered":"<a href=\"https:\/\/www.ifun.de\/facebook-neue-loeschfunktion-jan-koum-geht-dating-app-kommt-121739\/\"><img width=\"150\" height=\"150\" src=\"https:\/\/images.ifun.de\/wp-content\/uploads\/2018\/05\/dating-150x150.jpg\" class=\"alignright tfe wp-post-image\" alt=\"Dating\" decoding=\"async\" loading=\"lazy\" \/><\/a><p>Das soziale Netzwerk Facebook bem\u00fcht sich nach dem Cambridge Analytica-Debakel weiter um Schadensbegrenzung und hat eine neue L\u00f6schfunktion in Aussicht gestellt, die Nutzern dabei zur Hand gehen soll ihren Facebook-Verlauf zu bereinigen. Von Mark Zuckerberg pers\u00f6nlich angek\u00fcndigt, soll das neue Feature &#8222;Clear History&#8220; mit dem manuellen L\u00f6schen der eigenen Facebook-Cookies vergleichbar sein und sich darum [&hellip;]<\/p>\n","protected":false},"author":1,"featured_media":121742,"comment_status":"open","ping_status":"closed","sticky":false,"template":"","format":"standard","meta":{"_acf_changed":false,"footnotes":""},"categories":[1],"tags":[234,3225,31],"class_list":["post-121739","post","type-post","status-publish","format-standard","has-post-thumbnail","hentry","category-news","tag-facebook","tag-mark-zuckerberg","tag-video"],"acf":[],"aioseo_notices":[],"featured_image":["https:\/\/images.ifun.de\/wp-content\/uploads\/2018\/05\/zuckerberg.jpg"],"subheadline":["Entwickler-Konferenz F8"],"rest_api_enabler":{"featured_image":"https:\/\/images.ifun.de\/wp-content\/uploads\/2018\/05\/zuckerberg.jpg","subheadline":"Entwickler-Konferenz F8"},"_links":{"self":[{"href":"https:\/\/www.ifun.de\/apiv2\/wp\/v2\/posts\/121739","targetHints":{"allow":["GET"]}}],"collection":[{"href":"https:\/\/www.ifun.de\/apiv2\/wp\/v2\/posts"}],"about":[{"href":"https:\/\/www.ifun.de\/apiv2\/wp\/v2\/types\/post"}],"author":[{"embeddable":true,"href":"https:\/\/www.ifun.de\/apiv2\/wp\/v2\/users\/1"}],"replies":[{"embeddable":true,"href":"https:\/\/www.ifun.de\/apiv2\/wp\/v2\/comments?post=121739"}],"version-history":[{"count":1,"href":"https:\/\/www.ifun.de\/apiv2\/wp\/v2\/posts\/121739\/revisions"}],"predecessor-version":[{"id":121743,"href":"https:\/\/www.ifun.de\/apiv2\/wp\/v2\/posts\/121739\/revisions\/121743"}],"wp:featuredmedia":[{"embeddable":true,"href":"https:\/\/www.ifun.de\/apiv2\/wp\/v2\/media\/121742"}],"wp:attachment":[{"href":"https:\/\/www.ifun.de\/apiv2\/wp\/v2\/media?parent=121739"}],"wp:term":[{"taxonomy":"category","embeddable":true,"href":"https:\/\/www.ifun.de\/apiv2\/wp\/v2\/categories?post=121739"},{"taxonomy":"post_tag","embeddable":true,"href":"https:\/\/www.ifun.de\/apiv2\/wp\/v2\/tags?post=121739"}],"curies":[{"name":"wp","href":"https:\/\/api.w.org\/{rel}","templated":true}]}}