{"id":121329,"date":"2018-04-19T19:26:40","date_gmt":"2018-04-19T17:26:40","guid":{"rendered":"https:\/\/www.ifun.de\/?p=121329"},"modified":"2018-04-19T19:26:40","modified_gmt":"2018-04-19T17:26:40","slug":"apple-chef-nutzer-wollen-eigenstaendigkeit-von-ios-und-macos","status":"publish","type":"post","link":"https:\/\/www.ifun.de\/apple-chef-nutzer-wollen-eigenstaendigkeit-von-ios-und-macos-121329\/","title":{"rendered":"Apple-Chef: Nutzer wollen Eigenst\u00e4ndigkeit von iOS und macOS"},"content":{"rendered":"<p>Vor dem Hintergrund der seit Monaten gehandelten Ger\u00fcchte, Apple k\u00f6nnte sich langfristig vom Mac als eigenst\u00e4ndiger Plattform verabschieden und seine beiden Betriebssystem, das mobile iOS und das Desktop-Pendant macOS, miteinander verschmelzen, d\u00fcrften die Tim Cook-Zitate mit denen der Sydney Morning Herald <a href=\"https:\/\/www.smh.com.au\/technology\/users-don-t-want-ios-to-merge-with-macos-apple-chief-says-20180416-p4z9t9.html\">heute antritt<\/a>, wie eine Entwarnung verstanden werden. <\/p>\n<p><a href=\"https:\/\/images.ifun.de\/wp-content\/uploads\/2017\/06\/tim-cook-keynote.jpg\"><img decoding=\"async\" src=\"https:\/\/images.ifun.de\/wp-content\/uploads\/2017\/06\/tim-cook-keynote.jpg\" alt=\"Tim Cook Keynote\" width=\"500\" class=\"aligncenter size-full wp-image-108192\" srcset=\"https:\/\/images.ifun.de\/wp-content\/uploads\/2017\/06\/tim-cook-keynote.jpg 700w, https:\/\/images.ifun.de\/wp-content\/uploads\/2017\/06\/tim-cook-keynote-300x162.jpg 300w\" sizes=\"(max-width: 700px) 100vw, 700px\" \/><\/a><\/p>\n<p>Trotz der Spekulationen um den <a href=\"https:\/\/www.ifun.de\/apple-soll-von-2020-an-eigene-prozessoren-im-mac-verbauen-120596\/\">Einsatz von ARM-Prozessoren<\/a> in kommenden MacBook-Generationen, dem &#8222;<a href=\"https:\/\/www.ifun.de\/twitters-mac-abschied-in-zukunft-nur-noch-marzipan-119027\/\">Projekt Marzipan<\/a>&#8220; das iOS-Anwendungen auch auf dem Mac lauff\u00e4hig machen soll und der Vernachl\u00e4ssigung des Desktop-Betriebssystems (kein HomeKit-Support, keine iMessage-Sticker, iTunes ohne App Store) sieht der Apple-Chef nach wie vor eine Daseinsberechtigung f\u00fcr ein eigenst\u00e4ndiges macOS. <\/p>\n<p>Im Gespr\u00e4ch mit Peter Wells konstatiert Tim Cook: <\/p>\n<blockquote><p>Ich benutze generell einen Mac bei der Arbeit und ich benutze ein iPad zu Hause. Auf Reisen nutze ich stets das iPad, aber ich nutze und liebe alle Ger\u00e4te. <\/p>\n<p>Wir glauben nicht daran, das eine System zu Gunsten des anderen zu verw\u00e4ssern. Beide, der Mac und das iPad, sind unglaublich. Einer der Gr\u00fcnde, warum sie so unglaublich sind, liegt darin, dass wir sie dazu gebracht haben, das zu tun, was sie gut machen F\u00e4ngt man nun damit an beide Plattformen miteinander zu verschmelzen, dann beginnt man damit Kompromisse zu machen.<\/p>\n<p>Vielleicht w\u00e4re das Unternehmen am Ende des Tages so etwas effizienter, aber darum geht es nicht. Es geht darum, den Menschen Dinge zu geben, mit denen sie die Welt ver\u00e4ndern oder ihre Leidenschaft zum Ausdruck bringen oder ihre Kreativit\u00e4t ausdr\u00fccken k\u00f6nnen. Bez\u00fcglich der Geschichten \u00fcber eine bevorstehende Verschmelzung, auf die einige Leute fixiert sind: Ich glaube nicht, dass die Nutzer das wollen.<\/p><\/blockquote>\n<p>&#8230;und l\u00e4sst die Freunde des Macs noch mal tief durchatmen. <\/p>\n","protected":false},"excerpt":{"rendered":"<a href=\"https:\/\/www.ifun.de\/apple-chef-nutzer-wollen-eigenstaendigkeit-von-ios-und-macos-121329\/\"><img decoding=\"async\" width=\"150\" src=\"https:\/\/images.ifun.de\/wp-content\/uploads\/2017\/06\/tim-cook-keynote.jpg\" class=\"alignright wp-post-image tfe\" alt=\"Tim Cook Keynote\" title=\"\" \/><\/a><p>Vor dem Hintergrund der seit Monaten gehandelten Ger\u00fcchte, Apple k\u00f6nnte sich langfristig vom Mac als eigenst\u00e4ndiger Plattform verabschieden und seine beiden Betriebssystem, das mobile iOS und das Desktop-Pendant macOS, miteinander verschmelzen, d\u00fcrften die Tim Cook-Zitate mit denen der Sydney Morning Herald heute antritt, wie eine Entwarnung verstanden werden. Trotz der Spekulationen um den Einsatz von [&hellip;]<\/p>\n","protected":false},"author":1,"featured_media":0,"comment_status":"open","ping_status":"closed","sticky":false,"template":"","format":"standard","meta":{"_acf_changed":false,"footnotes":""},"categories":[3],"tags":[4736,4739,6321,3095,614],"class_list":["post-121329","post","type-post","status-publish","format-standard","hentry","category-apple","tag-apple","tag-ios","tag-mac","tag-macos","tag-tim-cook"],"acf":[],"aioseo_notices":[],"featured_image":["https:\/\/images.ifun.de\/wp-content\/uploads\/2017\/09\/tim-cook.jpg"],"subheadline":["\"Auf Arbeit nutze ich einen Mac\""],"rest_api_enabler":{"featured_image":"https:\/\/images.ifun.de\/wp-content\/uploads\/2017\/09\/tim-cook.jpg","subheadline":"\"Auf Arbeit nutze ich einen Mac\""},"_links":{"self":[{"href":"https:\/\/www.ifun.de\/apiv2\/wp\/v2\/posts\/121329","targetHints":{"allow":["GET"]}}],"collection":[{"href":"https:\/\/www.ifun.de\/apiv2\/wp\/v2\/posts"}],"about":[{"href":"https:\/\/www.ifun.de\/apiv2\/wp\/v2\/types\/post"}],"author":[{"embeddable":true,"href":"https:\/\/www.ifun.de\/apiv2\/wp\/v2\/users\/1"}],"replies":[{"embeddable":true,"href":"https:\/\/www.ifun.de\/apiv2\/wp\/v2\/comments?post=121329"}],"version-history":[{"count":1,"href":"https:\/\/www.ifun.de\/apiv2\/wp\/v2\/posts\/121329\/revisions"}],"predecessor-version":[{"id":121330,"href":"https:\/\/www.ifun.de\/apiv2\/wp\/v2\/posts\/121329\/revisions\/121330"}],"wp:attachment":[{"href":"https:\/\/www.ifun.de\/apiv2\/wp\/v2\/media?parent=121329"}],"wp:term":[{"taxonomy":"category","embeddable":true,"href":"https:\/\/www.ifun.de\/apiv2\/wp\/v2\/categories?post=121329"},{"taxonomy":"post_tag","embeddable":true,"href":"https:\/\/www.ifun.de\/apiv2\/wp\/v2\/tags?post=121329"}],"curies":[{"name":"wp","href":"https:\/\/api.w.org\/{rel}","templated":true}]}}