{"id":120998,"date":"2018-04-11T19:01:10","date_gmt":"2018-04-11T17:01:10","guid":{"rendered":"https:\/\/www.ifun.de\/?p=120998"},"modified":"2018-04-12T12:58:58","modified_gmt":"2018-04-12T10:58:58","slug":"wenn-face-id-kommt-touch-dilemma-laesst-ipad-besitzer-gruebeln","status":"publish","type":"post","link":"https:\/\/www.ifun.de\/wenn-face-id-kommt-touch-dilemma-laesst-ipad-besitzer-gruebeln-120998\/","title":{"rendered":"Wenn Face ID kommt: Touch Dilemma l\u00e4sst iPad-Besitzer gr\u00fcbeln"},"content":{"rendered":"<p>Frage in die Runde: Sollte Apple die n\u00e4chste Generation des iPad Pro mit der Gesichtserkennung Face ID ausstatten, wie setzt Cupertino dann die zus\u00e4tzlichen Touchscreen-Gesten um, die f\u00fcr die Bedienung einen iPads ohne Home-Taste zwingend erforderlich w\u00e4ren? <\/p>\n<p><a href=\"https:\/\/images.ifun.de\/wp-content\/uploads\/2018\/04\/ipad-1000.jpg\"><img decoding=\"async\" src=\"https:\/\/images.ifun.de\/wp-content\/uploads\/2018\/04\/ipad-1000.jpg\" alt=\"Ipad 1000\" width=\"500\" class=\"aligncenter size-full wp-image-120999\" srcset=\"https:\/\/images.ifun.de\/wp-content\/uploads\/2018\/04\/ipad-1000.jpg 1000w, https:\/\/images.ifun.de\/wp-content\/uploads\/2018\/04\/ipad-1000-300x225.jpg 300w, https:\/\/images.ifun.de\/wp-content\/uploads\/2018\/04\/ipad-1000-768x576.jpg 768w\" sizes=\"(max-width: 1000px) 100vw, 1000px\" \/><\/a><\/p>\n<p>Zwar ist unklar ob schon das in diesem Jahr erwartete iPad Pro auf die Gesichtserkennung setzen wird, dass Apple seinen Fingerabdruck-Scanner Touch ID gerne auch auf dem Tablet ersetzen w\u00fcrde, steht jedoch nicht zur Diskussion. <\/p>\n<p>Face ID, dies haben wir zum Verkaufsstart des iPhone X im vergangenen Herbst gelernt, ist die Zukunft. Eine Ansage, die durch die ausbleibende Anwender-Kritik an der neuen Technologie zur Nutzer-Authentifizierung auch klar unterstrichen wurde. <\/p>\n<p>Im Gegensatz zum iPhone bringt das iPad f\u00fcr einen Technologie-Wechsel zwar zus\u00e4tzliche Herausforderungen mit (Anwender nehmen das Tablet gerne in unterschiedlichen Orientierungen in die Hand, zudem kann sich das Betriebssystem nicht auf einen bestehenden Sichtkontakt mit dem Benutzer verlassen) doch auch ein Tablet das zum Entsperren stets Hochkant gehalten werden m\u00fcsste, w\u00fcrden wir Apple derzeit zutrauen. <\/p>\n<p><div class=\"responsive-video\"><iframe loading=\"lazy\" width=\"700\" height=\"371\" src=\"https:\/\/www.youtube-nocookie.com\/embed\/q8EGFVuU0b4\" frameborder=\"0\" allowfullscreen><\/iframe><\/div><\/p>\n<p>Also noch mal gefragt: Was macht Apple mit <a href=\"https:\/\/www.theverge.com\/2018\/4\/5\/17196846\/apple-ipad-gesture-changes-iphone-x\">dem Gesten-Durcheinander<\/a>. Auf dem iPhone wird die laufende App derzeit mit einer Wischgeste vom unteren Bildschirmrand nach oben geschlossen. Auf dem iPad blendet die gleiche Geste jedoch lediglich das Dock ein bzw. aktiviert das Kontrollzentrum und die Multitasking-Ansicht. iPhone X-Anwender streichen daf\u00fcr von der Ger\u00e4te-Ecke rechts oben nach unten. <\/p>\n<p>Und nicht zu vergessen: iPhone X-Anwender haben inzwischen auch Touch-Gesten mit kurzen Pausen verinnerlicht. Zur Anzeige der Multitasking-Ansicht muss auf dem iPhone X kurz von unten nach oben gewischt und dann eine halbe Sekunde abgewartet werden. Eine Strategie, die zuk\u00fcnftig das iPad-Dock einblendet? <\/p>\n<p>Apple selbst beschreibt die verf\u00fcgbaren iPad-Gesten in dem Support-Eintrag &#8222;<a href=\"https:\/\/support.apple.com\/de-de\/HT207582\">Multitasking auf dem iPad<\/a>&#8220; &#8211; wir warten gespannt ab, wie diese durch den Start der n\u00e4chsten iPad Pro-Generation erg\u00e4nzt bzw. umformuliert werden. An die Gesten-Inkonsistenz auf iPhone und iPad haben wir uns bereits gew\u00f6hnt, auf den schnellen Dock-Zugriff w\u00fcrden wir jedoch nur ungern verzichten. <\/p>\n<p><div class=\"responsive-video\"><iframe loading=\"lazy\" width=\"700\" height=\"371\" src=\"https:\/\/www.youtube-nocookie.com\/embed\/6EoMgUYVqqc\" frameborder=\"0\" allowfullscreen><\/iframe><\/div><\/p>\n","protected":false},"excerpt":{"rendered":"<a href=\"https:\/\/www.ifun.de\/wenn-face-id-kommt-touch-dilemma-laesst-ipad-besitzer-gruebeln-120998\/\"><img width=\"150\" height=\"150\" src=\"https:\/\/images.ifun.de\/wp-content\/uploads\/2018\/04\/ipad-1000-150x150.jpg\" class=\"alignright tfe wp-post-image\" alt=\"Ipad 1000\" decoding=\"async\" loading=\"lazy\" \/><\/a><p>Frage in die Runde: Sollte Apple die n\u00e4chste Generation des iPad Pro mit der Gesichtserkennung Face ID ausstatten, wie setzt Cupertino dann die zus\u00e4tzlichen Touchscreen-Gesten um, die f\u00fcr die Bedienung einen iPads ohne Home-Taste zwingend erforderlich w\u00e4ren? Zwar ist unklar ob schon das in diesem Jahr erwartete iPad Pro auf die Gesichtserkennung setzen wird, dass [&hellip;]<\/p>\n","protected":false},"author":1,"featured_media":120999,"comment_status":"open","ping_status":"closed","sticky":false,"template":"","format":"standard","meta":{"_acf_changed":false,"footnotes":""},"categories":[1,1783],"tags":[4736,180,4740],"class_list":["post-120998","post","type-post","status-publish","format-standard","has-post-thumbnail","hentry","category-news","category-feature","tag-apple","tag-gesten","tag-ipad"],"acf":[],"aioseo_notices":[],"featured_image":["https:\/\/images.ifun.de\/wp-content\/uploads\/2018\/04\/ipad-dock.jpg"],"subheadline":["Dock einblenden oder App schlie\u00dfen"],"rest_api_enabler":{"featured_image":"https:\/\/images.ifun.de\/wp-content\/uploads\/2018\/04\/ipad-dock.jpg","subheadline":"Dock einblenden oder App schlie\u00dfen"},"_links":{"self":[{"href":"https:\/\/www.ifun.de\/apiv2\/wp\/v2\/posts\/120998","targetHints":{"allow":["GET"]}}],"collection":[{"href":"https:\/\/www.ifun.de\/apiv2\/wp\/v2\/posts"}],"about":[{"href":"https:\/\/www.ifun.de\/apiv2\/wp\/v2\/types\/post"}],"author":[{"embeddable":true,"href":"https:\/\/www.ifun.de\/apiv2\/wp\/v2\/users\/1"}],"replies":[{"embeddable":true,"href":"https:\/\/www.ifun.de\/apiv2\/wp\/v2\/comments?post=120998"}],"version-history":[{"count":1,"href":"https:\/\/www.ifun.de\/apiv2\/wp\/v2\/posts\/120998\/revisions"}],"predecessor-version":[{"id":121001,"href":"https:\/\/www.ifun.de\/apiv2\/wp\/v2\/posts\/120998\/revisions\/121001"}],"wp:featuredmedia":[{"embeddable":true,"href":"https:\/\/www.ifun.de\/apiv2\/wp\/v2\/media\/120999"}],"wp:attachment":[{"href":"https:\/\/www.ifun.de\/apiv2\/wp\/v2\/media?parent=120998"}],"wp:term":[{"taxonomy":"category","embeddable":true,"href":"https:\/\/www.ifun.de\/apiv2\/wp\/v2\/categories?post=120998"},{"taxonomy":"post_tag","embeddable":true,"href":"https:\/\/www.ifun.de\/apiv2\/wp\/v2\/tags?post=120998"}],"curies":[{"name":"wp","href":"https:\/\/api.w.org\/{rel}","templated":true}]}}