{"id":120759,"date":"2018-04-05T18:43:35","date_gmt":"2018-04-05T16:43:35","guid":{"rendered":"https:\/\/www.ifun.de\/?p=120759"},"modified":"2018-04-05T18:43:44","modified_gmt":"2018-04-05T16:43:44","slug":"final-cut-pro-x-version-10-4-1-kommt-montag","status":"publish","type":"post","link":"https:\/\/www.ifun.de\/final-cut-pro-x-version-10-4-1-kommt-montag-120759\/","title":{"rendered":"Final Cut Pro X: Version 10.4.1 kommt Montag"},"content":{"rendered":"<p>Vier Monate nach dem zum Jahreswechsel ausgegebenen Update auf Version 10.4 hat Apple heute die n\u00e4chste Aktualisierung f\u00fcr die hauseigene Videoschnitt-Software <a href=\"https:\/\/itunes.apple.com\/de\/app\/final-cut-pro\/id424389933?mt=12&amp;uo=4&amp;at=10ltcU\">Final Cut Pro X<\/a> angek\u00fcndigt.<\/p>\n<p><a href=\"https:\/\/images.ifun.de\/wp-content\/uploads\/2018\/04\/final-cut.jpg\"><img decoding=\"async\" class=\"aligncenter size-full wp-image-120761\" src=\"https:\/\/images.ifun.de\/wp-content\/uploads\/2018\/04\/final-cut.jpg\" alt=\"Final Cut\" width=\"500\" srcset=\"https:\/\/images.ifun.de\/wp-content\/uploads\/2018\/04\/final-cut.jpg 1000w, https:\/\/images.ifun.de\/wp-content\/uploads\/2018\/04\/final-cut-300x236.jpg 300w, https:\/\/images.ifun.de\/wp-content\/uploads\/2018\/04\/final-cut-768x604.jpg 768w\" sizes=\"(max-width: 1000px) 100vw, 1000px\" \/><\/a><\/p>\n<p>Final Cut Pro X 10.4.1 wird ab kommenden Montag, dem 9. April als kostenloses Update f\u00fcr Bestandskunden und f\u00fcr 330 Euro f\u00fcr neue Benutzer im Mac App Store erh\u00e4ltlich sein. Zeitgleich sollen auch Motion und Compressor mit kleineren Wartungsupdates bedacht werden.<\/p>\n<h2>Neues Format: ProRes RAW<\/h2>\n<p>Sobald die Aktualisierung verteilt werden, wird Final Cut Pro X 10.4.1 ein neues Apple-Format einf\u00fchren, das die visuellen und Workflow-Vorteile von RAW-Video mit der Leistung von ProRes kombinieren soll. Der Arbeitstitel: Apple ProRes RAW.<\/p>\n<p><a href=\"https:\/\/images.ifun.de\/wp-content\/uploads\/2018\/04\/prores.jpg\"><img loading=\"lazy\" decoding=\"async\" src=\"https:\/\/images.ifun.de\/wp-content\/uploads\/2018\/04\/prores.jpg\" alt=\"Prores\" width=\"1142\" height=\"672\" class=\"aligncenter size-full wp-image-120763\" srcset=\"https:\/\/images.ifun.de\/wp-content\/uploads\/2018\/04\/prores.jpg 1142w, https:\/\/images.ifun.de\/wp-content\/uploads\/2018\/04\/prores-300x177.jpg 300w, https:\/\/images.ifun.de\/wp-content\/uploads\/2018\/04\/prores-768x452.jpg 768w, https:\/\/images.ifun.de\/wp-content\/uploads\/2018\/04\/prores-1024x603.jpg 1024w\" sizes=\"auto, (max-width: 1142px) 100vw, 1142px\" \/><\/a><\/p>\n<p>Das Update <a href=\"https:\/\/www.apple.com\/newsroom\/2018\/04\/final-cut-pro-x-update-introduces-prores-raw-and-advanced-closed-captioning\/\">wird au\u00dferdem<\/a> Tools f\u00fcr erweiterte Untertitel hinzuf\u00fcgen, mit denen Cutter Untertitel direkt in der Anwendung anzeigen, bearbeiten und bereitstellen k\u00f6nnen.<\/p>\n<blockquote><p>ProRes RAW ist ein neues Format von Apple, das die Qualit\u00e4ts- und Workflow-Vorteile von RAW mit der beeindruckenden Leistung von ProRes kombiniert. Mit ProRes RAW k\u00f6nnen Videocutter unverf\u00e4lschtes Bildmaterial mit RAW-Daten direkt von der Kamera importieren, bearbeiten und gradieren, was h\u00f6chste Flexibilit\u00e4t bei der Anpassung von Helligkeit und Schatten bietet \u2013 ideal f\u00fcr HDR-Workflows. Dank der f\u00fcr macOS optimierten Leistung k\u00f6nnen Cutter 4K ProRes RAW-Dateien in voller Qualit\u00e4t auf MacBook Pro- und iMac-Systemen in Echtzeit ohne Rendering abspielen.<\/p>\n<p>ProRes RAW-Dateien besitzen sogar noch eine kleinere Dateigr\u00f6\u00dfe als ProRes 4444-Dateien, so dass Cutter den Speicherplatz besser nutzen k\u00f6nnen und gleichzeitig ein hervorragendes Format f\u00fcr die Archivierung bereitgestellt bekommen.<\/p><\/blockquote>\n<h2>Erweiterte Untertitel-Werkzeuge<\/h2>\n<p>Die von Apple Erweiterten Untertitel-Werkzeuge gestatten den Import vorhandener Untertitel-Dateien, gehen aber auch beim Erstellen neuer Dateien zur Hand.<\/p>\n<p>Untertitel werden w\u00e4hrend der Wiedergabe im Viewer angezeigt und k\u00f6nnen an Video- oder Audioclips in der Timeline angeh\u00e4ngt werden, sodass sie sich automatisch an die Clips anpassen, mit denen sie verbunden sind.<\/p>\n<p>Ein neuer Untertitel-Assistent soll das Anpassen von Beschriftungstexten, Farben, Ausrichtungen und Positionen einfacher machen. Anwender k\u00f6nnen sogar Untertitel in mehreren Sprachen innerhalb derselben Zeitleiste erstellen und Videos mit Untertiteln f\u00fcr YouTube und Vimeo freigeben.<\/p>\n<p><a href=\"https:\/\/images.ifun.de\/wp-content\/uploads\/2018\/04\/subtitle.jpg\"><img loading=\"lazy\" decoding=\"async\" src=\"https:\/\/images.ifun.de\/wp-content\/uploads\/2018\/04\/subtitle.jpg\" alt=\"Subtitle\" width=\"1729\" height=\"1080\" class=\"aligncenter size-full wp-image-120762\" srcset=\"https:\/\/images.ifun.de\/wp-content\/uploads\/2018\/04\/subtitle.jpg 1729w, https:\/\/images.ifun.de\/wp-content\/uploads\/2018\/04\/subtitle-300x187.jpg 300w, https:\/\/images.ifun.de\/wp-content\/uploads\/2018\/04\/subtitle-768x480.jpg 768w, https:\/\/images.ifun.de\/wp-content\/uploads\/2018\/04\/subtitle-1024x640.jpg 1024w\" sizes=\"auto, (max-width: 1729px) 100vw, 1729px\" \/><\/a><\/p>\n<!-- WP-Appbox (Version: 4.5.12 \/\/ Store: appstore \/\/ ID: 424389933) -->\t<!-- app-link -->\n\t<div id=\"article-single-app-preview\">\n\t\t<div id=\"article-single-app-preview-header\">\n\t\t\t<span class=\"title\">Laden im App Store<\/span>\n\t\t<\/div>\n\t\t<div id=\"article-single-app-preview-content\">\n\t\t\t<div id=\"article-single-app-preview-img\"><img loading=\"lazy\" decoding=\"async\" src=\"\/\/is1-ssl.mzstatic.com\/image\/thumb\/PurpleSource221\/v4\/e0\/2e\/c0\/e02ec0f2-f80c-9155-006d-015221161c33\/Placeholder.mill\/200x200bb-75.png\" alt=\"Final Cut Pro\"  height=\"72\" width=\"72\" class=\"asl-icon-img\" \/><\/div>\n\t\t\t<div id=\"article-single-app-preview-desc\">\n\t\t\t\t<span class=\"name\">Final Cut Pro<\/span><br \/>\n\t\t\t\t<span class=\"seller\">Entwickler: <a target=\"_blank\" rel=\"nofollow\" href=\"https:\/\/apps.apple.com\/de\/developer\/apple\/id284417353?mt=12\">Apple<\/a><\/span>\n\t\t\t<\/div>\n\t\t\t<a target=\"_blank\" rel=\"nofollow\" href=\"https:\/\/apps.apple.com\/de\/app\/final-cut-pro\/id424389933?mt=12\"><div id=\"article-single-app-preview-download\">Preis: 349,99\u00a0\u20ac<br \/>\n\t\t\t<span class=\"size\">Laden<\/span><\/div><\/a>\n\t\t<\/div>\n\t\t<!-- <div id=\"article-single-app-preview-footer\"><\/div>\t-->\n\t<\/div>\n\t<!-- app-link\/ende --><!-- \/WP-Appbox -->\n","protected":false},"excerpt":{"rendered":"<a href=\"https:\/\/www.ifun.de\/final-cut-pro-x-version-10-4-1-kommt-montag-120759\/\"><img width=\"150\" height=\"150\" src=\"https:\/\/images.ifun.de\/wp-content\/uploads\/2018\/04\/prores-150x150.jpg\" class=\"alignright tfe wp-post-image\" alt=\"Prores\" decoding=\"async\" loading=\"lazy\" \/><\/a><p>Vier Monate nach dem zum Jahreswechsel ausgegebenen Update auf Version 10.4 hat Apple heute die n\u00e4chste Aktualisierung f\u00fcr die hauseigene Videoschnitt-Software Final Cut Pro X angek\u00fcndigt. Final Cut Pro X 10.4.1 wird ab kommenden Montag, dem 9. April als kostenloses Update f\u00fcr Bestandskunden und f\u00fcr 330 Euro f\u00fcr neue Benutzer im Mac App Store erh\u00e4ltlich [&hellip;]<\/p>\n","protected":false},"author":1,"featured_media":120763,"comment_status":"open","ping_status":"closed","sticky":false,"template":"","format":"standard","meta":{"_acf_changed":false,"footnotes":""},"categories":[3],"tags":[4736,2944,69],"class_list":["post-120759","post","type-post","status-publish","format-standard","has-post-thumbnail","hentry","category-apple","tag-apple","tag-final-cut-pro-x","tag-update"],"acf":[],"aioseo_notices":[],"subheadline":["ProRes RAW und Untertitel"],"featured_image":["https:\/\/images.ifun.de\/wp-content\/uploads\/2016\/11\/macbook-pro-touch-bar-final-cut-pro.jpg"],"rest_api_enabler":{"subheadline":"ProRes RAW und Untertitel","featured_image":"https:\/\/images.ifun.de\/wp-content\/uploads\/2016\/11\/macbook-pro-touch-bar-final-cut-pro.jpg"},"_links":{"self":[{"href":"https:\/\/www.ifun.de\/apiv2\/wp\/v2\/posts\/120759","targetHints":{"allow":["GET"]}}],"collection":[{"href":"https:\/\/www.ifun.de\/apiv2\/wp\/v2\/posts"}],"about":[{"href":"https:\/\/www.ifun.de\/apiv2\/wp\/v2\/types\/post"}],"author":[{"embeddable":true,"href":"https:\/\/www.ifun.de\/apiv2\/wp\/v2\/users\/1"}],"replies":[{"embeddable":true,"href":"https:\/\/www.ifun.de\/apiv2\/wp\/v2\/comments?post=120759"}],"version-history":[{"count":2,"href":"https:\/\/www.ifun.de\/apiv2\/wp\/v2\/posts\/120759\/revisions"}],"predecessor-version":[{"id":120764,"href":"https:\/\/www.ifun.de\/apiv2\/wp\/v2\/posts\/120759\/revisions\/120764"}],"wp:featuredmedia":[{"embeddable":true,"href":"https:\/\/www.ifun.de\/apiv2\/wp\/v2\/media\/120763"}],"wp:attachment":[{"href":"https:\/\/www.ifun.de\/apiv2\/wp\/v2\/media?parent=120759"}],"wp:term":[{"taxonomy":"category","embeddable":true,"href":"https:\/\/www.ifun.de\/apiv2\/wp\/v2\/categories?post=120759"},{"taxonomy":"post_tag","embeddable":true,"href":"https:\/\/www.ifun.de\/apiv2\/wp\/v2\/tags?post=120759"}],"curies":[{"name":"wp","href":"https:\/\/api.w.org\/{rel}","templated":true}]}}