{"id":120749,"date":"2018-04-05T15:53:47","date_gmt":"2018-04-05T13:53:47","guid":{"rendered":"https:\/\/www.ifun.de\/?p=120749"},"modified":"2018-04-05T15:53:54","modified_gmt":"2018-04-05T13:53:54","slug":"facebook-neue-nutzungsbedingungen-duerfen-7-tage-kommentiert-werden","status":"publish","type":"post","link":"https:\/\/www.ifun.de\/facebook-neue-nutzungsbedingungen-duerfen-7-tage-kommentiert-werden-120749\/","title":{"rendered":"Facebook: Neue Nutzungsbedingungen d\u00fcrfen 7 Tage kommentiert werden"},"content":{"rendered":"<p>Die Angst vor m\u00f6glicherweise bevorstehenden, regulierenden Eingriffen des amerikanischen Gesetzgebers kann Facebook-Chef Mark Zuckerberg schon seit einigen Tagen nicht mehr verbergen. Entsprechend hektisch versucht sich der Konzern jetzt an einer Charme-Offensive.<\/p>\n<p><a href=\"https:\/\/images.ifun.de\/wp-content\/uploads\/2018\/04\/facebook-daten.jpg\"><img decoding=\"async\" class=\"aligncenter size-full wp-image-120751\" src=\"https:\/\/images.ifun.de\/wp-content\/uploads\/2018\/04\/facebook-daten.jpg\" alt=\"Facebook Daten\" width=\"500\" srcset=\"https:\/\/images.ifun.de\/wp-content\/uploads\/2018\/04\/facebook-daten.jpg 1376w, https:\/\/images.ifun.de\/wp-content\/uploads\/2018\/04\/facebook-daten-300x152.jpg 300w, https:\/\/images.ifun.de\/wp-content\/uploads\/2018\/04\/facebook-daten-768x390.jpg 768w, https:\/\/images.ifun.de\/wp-content\/uploads\/2018\/04\/facebook-daten-1024x520.jpg 1024w\" sizes=\"(max-width: 1376px) 100vw, 1376px\" \/><\/a><\/p>\n<p>Im Vorfeld der anstehenden Termine mit dem amerikanischen Kongress, <a href=\"https:\/\/www.npr.org\/sections\/thetwo-way\/2018\/04\/04\/599394175\/facebooks-mark-zuckerberg-will-testify-in-congress-on-april-11\">am 10. und 11. April<\/a>, hat Facebook in den zur\u00fcckliegenden Tagen nicht nur seine Privatsph\u00e4re-Tools &#8222;<a href=\"https:\/\/de.newsroom.fb.com\/news\/2018\/03\/privatsphaere-tools-umfassend-ueberarbeitet\/\">umfassend \u00fcberarbeitet<\/a>&#8222;, ein h\u00e4rteres Vorgehen gegen den Missbrauch der Plattform <a href=\"https:\/\/de.newsroom.fb.com\/news\/2018\/03\/haerteres-vorgehen-gegen-missbrauch-unserer-plattform\/\">angek\u00fcndigt<\/a> und eingestanden, dass statt der initial vermuteten 50 Millionen nun knapp 90 Millionen Nutzer von dem Daten-Skandal betroffen sein sollen (darunter <a href=\"http:\/\/www.tagesschau.de\/wirtschaft\/facebook-daten-cambridge-analytica-103.html\">wohl 310.000 Deutsche<\/a>), nun schreibt Facebook auch noch die Nutzungsbedingungen um.<\/p>\n<p>Wie das Unternehmen heute im hauseigenen <a href=\"https:\/\/de.newsroom.fb.com\/news\/2018\/04\/wir-machen-unsere-nutzungsbedingungen-und-unsere-datenrichtlinie-leichter-verstaendlich\/\">Newsroom mitteilt<\/a> soll sich inhaltlich zwar nur wenig \u00e4ndern, daf\u00fcr sollen Nutzungsbedingungen und Datenrichtlinie &#8222;leichter verst\u00e4ndlich&#8220; werden.<\/p>\n<p>Die zynische Lesart liegt auf der Hand. Zuckerberg will sich absichern und Verantwortung von sich weisen um so auch nach dem n\u00e4chsten Vorfall wieder auf die Nutzer zeigen k\u00f6nnen: &#8222;Ihr habt zugestimmt, emp\u00f6rt euch jetzt nicht.&#8220;<\/p>\n<p>Facebook schreibt:<\/p>\n<blockquote><p>Bei diesen Aktualisierungen geht es allein darum, die Dinge noch besser zu erkl\u00e4ren. [&#8230;] Die Erfahrungen eines jeden Einzelnen auf Facebook sind einzigartig. Wir stellen zus\u00e4tzliche Informationen dazu bereit, wie das funktioniert. Wir erl\u00e4utern, wie wir Daten verwenden und warum diese notwendig sind, um die Beitr\u00e4ge und Werbeanzeigen, die du siehst, aber auch Gruppen, Freunde und Seiten, die wir dir vorschlagen, zu individualisieren.<\/p><\/blockquote>\n<p>Immerhin: Im Laufe der kommenden sieben Tage k\u00f6nnen betroffene Anwender ihr Feedback zu den Nutzungsbedingungen und zur Datenrichtlinie hinterlassen. Facebook stellt <a href=\"https:\/\/www.facebook.com\/help\/contact\/2028773884045291\">daf\u00fcr dieses Formular bereit<\/a>.<\/p>\n<p>Die finalisierten Dokumente sollen im Anschluss an die Kommentar-Phase ver\u00f6ffentlicht werden und m\u00fcssen anschlie\u00dfend zwingend von allen Facebook-Nutzern abgenickt werden.<\/p>\n<p><video width=\"700\" height=\"390\" preload=\"auto\" controls poster=\"http:\/\/www.tagesschau.de\/multimedia\/bilder\/sendungsbild-365097~_v-videowebl.jpg\"><source src=\"http:\/\/download.media.tagesschau.de\/video\/2018\/0405\/TV-20180405-1208-5401.webm.h264.mp4\" type='video\/mp4; codecs=\"avc1.42E01E, mp4a.40.2\"' \/><\/video><\/p>\n","protected":false},"excerpt":{"rendered":"<a href=\"https:\/\/www.ifun.de\/facebook-neue-nutzungsbedingungen-duerfen-7-tage-kommentiert-werden-120749\/\"><img width=\"150\" height=\"150\" src=\"https:\/\/images.ifun.de\/wp-content\/uploads\/2018\/04\/facebook-daten-150x150.jpg\" class=\"alignright tfe wp-post-image\" alt=\"Facebook Daten\" decoding=\"async\" loading=\"lazy\" \/><\/a><p>Die Angst vor m\u00f6glicherweise bevorstehenden, regulierenden Eingriffen des amerikanischen Gesetzgebers kann Facebook-Chef Mark Zuckerberg schon seit einigen Tagen nicht mehr verbergen. Entsprechend hektisch versucht sich der Konzern jetzt an einer Charme-Offensive. Im Vorfeld der anstehenden Termine mit dem amerikanischen Kongress, am 10. und 11. April, hat Facebook in den zur\u00fcckliegenden Tagen nicht nur seine Privatsph\u00e4re-Tools [&hellip;]<\/p>\n","protected":false},"author":1,"featured_media":120751,"comment_status":"open","ping_status":"closed","sticky":false,"template":"","format":"standard","meta":{"_acf_changed":false,"footnotes":""},"categories":[1],"tags":[234,373],"class_list":["post-120749","post","type-post","status-publish","format-standard","has-post-thumbnail","hentry","category-news","tag-facebook","tag-kritik"],"acf":[],"aioseo_notices":[],"subheadline":["Alte Inhalte, neu formuliert"],"featured_image":["https:\/\/images.ifun.de\/wp-content\/uploads\/2016\/06\/mark-zuckerberg-headshot.jpg"],"rest_api_enabler":{"subheadline":"Alte Inhalte, neu formuliert","featured_image":"https:\/\/images.ifun.de\/wp-content\/uploads\/2016\/06\/mark-zuckerberg-headshot.jpg"},"_links":{"self":[{"href":"https:\/\/www.ifun.de\/apiv2\/wp\/v2\/posts\/120749","targetHints":{"allow":["GET"]}}],"collection":[{"href":"https:\/\/www.ifun.de\/apiv2\/wp\/v2\/posts"}],"about":[{"href":"https:\/\/www.ifun.de\/apiv2\/wp\/v2\/types\/post"}],"author":[{"embeddable":true,"href":"https:\/\/www.ifun.de\/apiv2\/wp\/v2\/users\/1"}],"replies":[{"embeddable":true,"href":"https:\/\/www.ifun.de\/apiv2\/wp\/v2\/comments?post=120749"}],"version-history":[{"count":2,"href":"https:\/\/www.ifun.de\/apiv2\/wp\/v2\/posts\/120749\/revisions"}],"predecessor-version":[{"id":120752,"href":"https:\/\/www.ifun.de\/apiv2\/wp\/v2\/posts\/120749\/revisions\/120752"}],"wp:featuredmedia":[{"embeddable":true,"href":"https:\/\/www.ifun.de\/apiv2\/wp\/v2\/media\/120751"}],"wp:attachment":[{"href":"https:\/\/www.ifun.de\/apiv2\/wp\/v2\/media?parent=120749"}],"wp:term":[{"taxonomy":"category","embeddable":true,"href":"https:\/\/www.ifun.de\/apiv2\/wp\/v2\/categories?post=120749"},{"taxonomy":"post_tag","embeddable":true,"href":"https:\/\/www.ifun.de\/apiv2\/wp\/v2\/tags?post=120749"}],"curies":[{"name":"wp","href":"https:\/\/api.w.org\/{rel}","templated":true}]}}