{"id":120640,"date":"2018-04-03T15:42:23","date_gmt":"2018-04-03T13:42:23","guid":{"rendered":"https:\/\/www.ifun.de\/?p=120640"},"modified":"2018-04-03T15:42:51","modified_gmt":"2018-04-03T13:42:51","slug":"im-inneren-des-ipad-6-verklebt-ohne-spritzschutz-aber-mit-tauschbarem-display","status":"publish","type":"post","link":"https:\/\/www.ifun.de\/im-inneren-des-ipad-6-verklebt-ohne-spritzschutz-aber-mit-tauschbarem-display-120640\/","title":{"rendered":"Im Inneren des iPad 6: Verklebt, ohne Spritzschutz aber mit tauschbarem Display"},"content":{"rendered":"<p>Die Reparaturservice-Experten von iFixit haben nur eine Woche nach der Vorstellung des neuen iPads einen <a href=\"https:\/\/www.ifixit.com\/Teardown\/iPad+6+Teardown\/105416\">ersten Blick in das Innere<\/a> des neuen Apple-Tablets geworfen und zeichnen ein ambivalentes Bild der sechsten iPad-Generation, mit der Apple nicht nur Privatanwender sondern auch neuen Kunden im Bildungsbereich ansprechen m\u00f6chten.<\/p>\n<p><a href=\"https:\/\/images.ifun.de\/wp-content\/uploads\/2018\/04\/akku.jpg\"><img decoding=\"async\" src=\"https:\/\/images.ifun.de\/wp-content\/uploads\/2018\/04\/akku.jpg\" alt=\"Akku\" width=\"500\" class=\"aligncenter size-full wp-image-120642\" srcset=\"https:\/\/images.ifun.de\/wp-content\/uploads\/2018\/04\/akku.jpg 1000w, https:\/\/images.ifun.de\/wp-content\/uploads\/2018\/04\/akku-300x225.jpg 300w, https:\/\/images.ifun.de\/wp-content\/uploads\/2018\/04\/akku-768x576.jpg 768w\" sizes=\"(max-width: 1000px) 100vw, 1000px\" \/><\/a><\/p>\n<p>So setzt das iPad 6 zwar auf das gleiche, nicht-laminierte Display wie das iPad 5 und gestattet so den Einzel-Tausch von Display und Digitizer-Glas (ein Umstand, der sich positiv auf langfristige Reparaturkosten auswirken d\u00fcrfte) an anderen Stellen kritisiert iFixit die Architektur-Entscheidungen Apples jedoch. <\/p>\n<p>Etwa die Batterie-Arretierung. Im iPad 6 kommt ein fest verklebter Akku zum Einsatz, dessen Austausch nicht ohne Weiteres m\u00f6glich ist. Zudem l\u00e4sst das neuen Tablet die bei anderen Apple-Ger\u00e4ten bereits platzierten Wasser-Dichtungen vermissen, die das Tablet weniger anf\u00e4llig f\u00fcr Wassersch\u00e4den h\u00e4tten machen k\u00f6nnten. <\/p>\n<p>Entsprechend vergibt iFixit nur zwei von 10 m\u00f6glichen Punkten in Sachen Reparaturfreundlichkeit: <\/p>\n<blockquote><p>Unlike the lauded (by us) command strip stickies securing the battery in the 12.9\u201d Pro, here a solid barrier of tough adhesive turns a simple battery replacement into an advanced repair. Adding up zero waterproofing + a non-replaceable charging port + zero upgradability + glue throughout = repair nightmare. And don&#8217;t say you can&#8217;t make a repairable tablet, because others have proven that you can. Apple&#8217;s \u201ceducation\u201d iPad is still a case of won&#8217;t\u2014not can&#8217;t\u2014so we graded it accordingly, at 2 out of 10 on our repairability scale.<\/p><\/blockquote>\n<p>Positiv f\u00e4llt auf: Apple hat dem neuen Modell einen Akku mit 32,9 Watt-Stunden mit auf den Weg gegeben und sticht sowohl das iPad Pro 9,7&#8243; (mit 27.9 Wh) als auch das iPad Air 2 (mit 27,6 Wh) aus. <\/p>\n<p>Neben demBlick ins Innere bietet iFixit zwei Hintergrundbilder zum Download an: Das <a href=\"https:\/\/d3nevzfk7ii3be.cloudfront.net\/igi\/mgWZV652fKEcsSM1\">Internal Wallpaper<\/a> und das <a href=\"https:\/\/d3nevzfk7ii3be.cloudfront.net\/igi\/MQytGlPWvEqlUl3e\">X-Ray Wallpaper<\/a>.   <\/p>\n<p><div class=\"responsive-video\"><iframe loading=\"lazy\" width=\"700\" height=\"371\" src=\"https:\/\/www.youtube-nocookie.com\/embed\/1b0Dbt7GoJk\" frameborder=\"0\" allowfullscreen><\/iframe><\/div><\/p>\n","protected":false},"excerpt":{"rendered":"<a href=\"https:\/\/www.ifun.de\/im-inneren-des-ipad-6-verklebt-ohne-spritzschutz-aber-mit-tauschbarem-display-120640\/\"><img width=\"150\" height=\"150\" src=\"https:\/\/images.ifun.de\/wp-content\/uploads\/2018\/04\/wallpaper-150x150.jpg\" class=\"alignright tfe wp-post-image\" alt=\"Wallpaper\" decoding=\"async\" loading=\"lazy\" \/><\/a><p>Die Reparaturservice-Experten von iFixit haben nur eine Woche nach der Vorstellung des neuen iPads einen ersten Blick in das Innere des neuen Apple-Tablets geworfen und zeichnen ein ambivalentes Bild der sechsten iPad-Generation, mit der Apple nicht nur Privatanwender sondern auch neuen Kunden im Bildungsbereich ansprechen m\u00f6chten. So setzt das iPad 6 zwar auf das gleiche, [&hellip;]<\/p>\n","protected":false},"author":1,"featured_media":120643,"comment_status":"open","ping_status":"closed","sticky":false,"template":"","format":"standard","meta":{"_acf_changed":false,"footnotes":""},"categories":[10],"tags":[4736,1489,4740,1063,31],"class_list":["post-120640","post","type-post","status-publish","format-standard","has-post-thumbnail","hentry","category-ipad","tag-apple","tag-ifixit","tag-ipad","tag-teardown","tag-video"],"acf":[],"aioseo_notices":[],"subheadline":["Zwei Hintergrundbilder mit Innereien"],"featured_image":["https:\/\/images.ifun.de\/wp-content\/uploads\/2018\/04\/ipad-wallpaper.jpg"],"rest_api_enabler":{"subheadline":"Zwei Hintergrundbilder mit Innereien","featured_image":"https:\/\/images.ifun.de\/wp-content\/uploads\/2018\/04\/ipad-wallpaper.jpg"},"_links":{"self":[{"href":"https:\/\/www.ifun.de\/apiv2\/wp\/v2\/posts\/120640","targetHints":{"allow":["GET"]}}],"collection":[{"href":"https:\/\/www.ifun.de\/apiv2\/wp\/v2\/posts"}],"about":[{"href":"https:\/\/www.ifun.de\/apiv2\/wp\/v2\/types\/post"}],"author":[{"embeddable":true,"href":"https:\/\/www.ifun.de\/apiv2\/wp\/v2\/users\/1"}],"replies":[{"embeddable":true,"href":"https:\/\/www.ifun.de\/apiv2\/wp\/v2\/comments?post=120640"}],"version-history":[{"count":2,"href":"https:\/\/www.ifun.de\/apiv2\/wp\/v2\/posts\/120640\/revisions"}],"predecessor-version":[{"id":120645,"href":"https:\/\/www.ifun.de\/apiv2\/wp\/v2\/posts\/120640\/revisions\/120645"}],"wp:featuredmedia":[{"embeddable":true,"href":"https:\/\/www.ifun.de\/apiv2\/wp\/v2\/media\/120643"}],"wp:attachment":[{"href":"https:\/\/www.ifun.de\/apiv2\/wp\/v2\/media?parent=120640"}],"wp:term":[{"taxonomy":"category","embeddable":true,"href":"https:\/\/www.ifun.de\/apiv2\/wp\/v2\/categories?post=120640"},{"taxonomy":"post_tag","embeddable":true,"href":"https:\/\/www.ifun.de\/apiv2\/wp\/v2\/tags?post=120640"}],"curies":[{"name":"wp","href":"https:\/\/api.w.org\/{rel}","templated":true}]}}