{"id":120526,"date":"2018-03-29T11:15:02","date_gmt":"2018-03-29T09:15:02","guid":{"rendered":"https:\/\/www.ifun.de\/?p=120526"},"modified":"2018-03-29T11:15:02","modified_gmt":"2018-03-29T09:15:02","slug":"ausgeliefert-und-abholbereit-die-neuen-ipads-schlagen-auf","status":"publish","type":"post","link":"https:\/\/www.ifun.de\/ausgeliefert-und-abholbereit-die-neuen-ipads-schlagen-auf-120526\/","title":{"rendered":"Ausgeliefert und abholbereit: Die neuen iPads schlagen auf"},"content":{"rendered":"<p>Das ging flott. Nur zwei Tage nach der Pr\u00e4sentation des neuen iPads hat Apple jetzt mit der Auslieferung der Ger\u00e4te an fr\u00fche Besteller begonnen. Wie mehrere ifun.de-Leser berichten, befinden sich die Pakete mit der sechsten iPad-Generation aktuell in der Auslieferung und sind bei einigen Bestellern bereits aufgeschlagen.<\/p>\n<p><a href=\"https:\/\/images.ifun.de\/wp-content\/uploads\/2018\/03\/neues-ipad-geliefert.jpg\"><img decoding=\"async\" src=\"https:\/\/images.ifun.de\/wp-content\/uploads\/2018\/03\/neues-ipad-geliefert.jpg\" alt=\"Neues Ipad Geliefert\" width=\"500\" class=\"aligncenter size-full wp-image-120527\" srcset=\"https:\/\/images.ifun.de\/wp-content\/uploads\/2018\/03\/neues-ipad-geliefert.jpg 938w, https:\/\/images.ifun.de\/wp-content\/uploads\/2018\/03\/neues-ipad-geliefert-300x195.jpg 300w, https:\/\/images.ifun.de\/wp-content\/uploads\/2018\/03\/neues-ipad-geliefert-768x499.jpg 768w\" sizes=\"(max-width: 938px) 100vw, 938px\" \/><\/a><\/p>\n<p>Zudem hat Apple auch die Verf\u00fcgbarkeitsanzeige auf seiner <a href=\"https:\/\/www.apple.com\/de\/shop\/buy-ipad\/ipad-9-7\/32gb-silber-wifi\">offiziellen Store-Seite<\/a> \u00fcberarbeitet und informiert nun dar\u00fcber, dass sich viele Modell-Varianten bereits zur Abholung im n\u00e4chstgelegenen Apple Store reservieren lassen. <\/p>\n<p>Der Funktionsumfang des neuen iPads l\u00e4sst sich am besten durch die Features beschreiben, die Apple dem Neuzugang im Vergleich zu seinen zuletzt ver\u00f6ffentlichten Ger\u00e4ten nicht mit auf den Weg gegeben hat. <\/p>\n<p><a href=\"https:\/\/images.ifun.de\/wp-content\/uploads\/2018\/03\/verfuegbar.jpg\"><img loading=\"lazy\" decoding=\"async\" src=\"https:\/\/images.ifun.de\/wp-content\/uploads\/2018\/03\/verfuegbar.jpg\" alt=\"Verfuegbar\" width=\"1400\" height=\"872\" class=\"aligncenter size-full wp-image-120528\" srcset=\"https:\/\/images.ifun.de\/wp-content\/uploads\/2018\/03\/verfuegbar.jpg 1400w, https:\/\/images.ifun.de\/wp-content\/uploads\/2018\/03\/verfuegbar-300x187.jpg 300w, https:\/\/images.ifun.de\/wp-content\/uploads\/2018\/03\/verfuegbar-768x478.jpg 768w, https:\/\/images.ifun.de\/wp-content\/uploads\/2018\/03\/verfuegbar-1024x638.jpg 1024w\" sizes=\"auto, (max-width: 1400px) 100vw, 1400px\" \/><\/a><\/p>\n<h2>Diese Features fehlen<\/h2>\n<p>So verzichtet das neue iPad nicht nur auf die schnelle, zweite Generation des Fingerabdruck-Scanners Touch ID, sondern l\u00e4sst auch die unter dem Markennamen &#8222;True Tone&#8220; bekannte Farbanpassung des Displays und den gro\u00dfen P3-Farbraum vermissen. Weder ist ein Smart Connector zum Anschluss externer Tastaturen vorhanden, noch unterst\u00fctzt das Display des neuen Modells die schnelle Bildwiederholrate &#8222;ProMotion&#8220;. <\/p>\n<p>Daf\u00fcr ist das neue iPad im direkten Vergleich relativ g\u00fcnstig zu haben. W\u00e4hrend f\u00fcr das 10,5&#8243; iPad Pro mit 64GB und WLAN 729 Euro investiert werden m\u00fcssen, gibt es das neu iPad mit 32GB bereits ab 349 Euro. <\/p>\n<p>Apple hat <a href=\"https:\/\/www.apple.com\/de\/ipad\/compare\/\">seine \u00dcbersichtsseite<\/a>, auf der sich alle aktuellen iPad-Modelle miteinander vergleichen lassen, bereits aktualisiert und stellt die Funktionen der unterschiedlichen Ger\u00e4te <a href=\"https:\/\/www.apple.com\/de\/ipad\/compare\">hier<\/a> einander gegen\u00fcber. <\/p>\n<p><h8>Mit Dank an Kevin, Nils und Sebastian<\/h8><\/p>\n","protected":false},"excerpt":{"rendered":"<a href=\"https:\/\/www.ifun.de\/ausgeliefert-und-abholbereit-die-neuen-ipads-schlagen-auf-120526\/\"><img width=\"150\" height=\"150\" src=\"https:\/\/images.ifun.de\/wp-content\/uploads\/2018\/03\/neues-ipad-150x150.jpg\" class=\"alignright tfe wp-post-image\" alt=\"Neues Ipad\" decoding=\"async\" loading=\"lazy\" \/><\/a><p>Das ging flott. Nur zwei Tage nach der Pr\u00e4sentation des neuen iPads hat Apple jetzt mit der Auslieferung der Ger\u00e4te an fr\u00fche Besteller begonnen. Wie mehrere ifun.de-Leser berichten, befinden sich die Pakete mit der sechsten iPad-Generation aktuell in der Auslieferung und sind bei einigen Bestellern bereits aufgeschlagen. Zudem hat Apple auch die Verf\u00fcgbarkeitsanzeige auf seiner [&hellip;]<\/p>\n","protected":false},"author":1,"featured_media":120529,"comment_status":"open","ping_status":"closed","sticky":false,"template":"","format":"standard","meta":{"_acf_changed":false,"footnotes":""},"categories":[3],"tags":[4736,4740],"class_list":["post-120526","post","type-post","status-publish","format-standard","has-post-thumbnail","hentry","category-apple","tag-apple","tag-ipad"],"acf":[],"aioseo_notices":[],"featured_image":["https:\/\/images.ifun.de\/wp-content\/uploads\/2018\/03\/neues-ipad.jpg"],"subheadline":["Funktions-Vergleich online"],"rest_api_enabler":{"featured_image":"https:\/\/images.ifun.de\/wp-content\/uploads\/2018\/03\/neues-ipad.jpg","subheadline":"Funktions-Vergleich online"},"_links":{"self":[{"href":"https:\/\/www.ifun.de\/apiv2\/wp\/v2\/posts\/120526","targetHints":{"allow":["GET"]}}],"collection":[{"href":"https:\/\/www.ifun.de\/apiv2\/wp\/v2\/posts"}],"about":[{"href":"https:\/\/www.ifun.de\/apiv2\/wp\/v2\/types\/post"}],"author":[{"embeddable":true,"href":"https:\/\/www.ifun.de\/apiv2\/wp\/v2\/users\/1"}],"replies":[{"embeddable":true,"href":"https:\/\/www.ifun.de\/apiv2\/wp\/v2\/comments?post=120526"}],"version-history":[{"count":1,"href":"https:\/\/www.ifun.de\/apiv2\/wp\/v2\/posts\/120526\/revisions"}],"predecessor-version":[{"id":120530,"href":"https:\/\/www.ifun.de\/apiv2\/wp\/v2\/posts\/120526\/revisions\/120530"}],"wp:featuredmedia":[{"embeddable":true,"href":"https:\/\/www.ifun.de\/apiv2\/wp\/v2\/media\/120529"}],"wp:attachment":[{"href":"https:\/\/www.ifun.de\/apiv2\/wp\/v2\/media?parent=120526"}],"wp:term":[{"taxonomy":"category","embeddable":true,"href":"https:\/\/www.ifun.de\/apiv2\/wp\/v2\/categories?post=120526"},{"taxonomy":"post_tag","embeddable":true,"href":"https:\/\/www.ifun.de\/apiv2\/wp\/v2\/tags?post=120526"}],"curies":[{"name":"wp","href":"https:\/\/api.w.org\/{rel}","templated":true}]}}