{"id":120399,"date":"2018-03-27T15:56:53","date_gmt":"2018-03-27T13:56:53","guid":{"rendered":"https:\/\/www.ifun.de\/?p=120399"},"modified":"2018-03-27T15:56:53","modified_gmt":"2018-03-27T13:56:53","slug":"facebook-eigene-bilder-herunterladen-datenschutz-container-fuer-firefox","status":"publish","type":"post","link":"https:\/\/www.ifun.de\/facebook-eigene-bilder-herunterladen-datenschutz-container-fuer-firefox-120399\/","title":{"rendered":"Facebook: Eigene Bilder herunterladen &#8211; Datenschutz-Container f\u00fcr Firefox"},"content":{"rendered":"<p>Etwas versteckt bietet Facebook seinen Nutzern die M\u00f6glichkeit, <a href=\"https:\/\/www.facebook.com\/help\/212802592074644\">die auf dem Netzwerk ver\u00f6ffentlichten pers\u00f6nlichen Daten herunterzuladen<\/a>. Allem voran sind hier nat\u00fcrlich die ganzen Fotos von Interesse, die sich im Laufe der Zeit auf der Plattform angesammelt haben.<\/p>\n<p><a href=\"https:\/\/images.ifun.de\/wp-content\/uploads\/2018\/03\/facebook-persoenliche-daten-hernuterladen.jpg\"><img loading=\"lazy\" decoding=\"async\" src=\"https:\/\/images.ifun.de\/wp-content\/uploads\/2018\/03\/facebook-persoenliche-daten-hernuterladen.jpg\" alt=\"Facebook Persoenliche Daten Hernuterladen\" width=\"500\" height=\"282\" class=\"alignnone size-full wp-image-120402\" srcset=\"https:\/\/images.ifun.de\/wp-content\/uploads\/2018\/03\/facebook-persoenliche-daten-hernuterladen.jpg 500w, https:\/\/images.ifun.de\/wp-content\/uploads\/2018\/03\/facebook-persoenliche-daten-hernuterladen-300x169.jpg 300w\" sizes=\"auto, (max-width: 500px) 100vw, 500px\" \/><\/a><\/p>\n<p>Facebook stellt die angeforderten Daten als \u201epers\u00f6nliches Archiv\u201c zum Download bereit, die enthaltene Bildersammlung l\u00e4sst jedoch jede erkennbare Struktur vermissen und entpuppt sich als Sammlung von kryptisch benannten Verzeichnissen und HTML-Seiten. Das Browser-Tool <a href=\"https:\/\/fb.textile.photos\">Textile<\/a> bringt hier die vermisste Ordnung.<\/p>\n<p><a href=\"https:\/\/images.ifun.de\/wp-content\/uploads\/2018\/03\/facebook-fotos-umbenennen.jpg\"><img loading=\"lazy\" decoding=\"async\" src=\"https:\/\/images.ifun.de\/wp-content\/uploads\/2018\/03\/facebook-fotos-umbenennen.jpg\" alt=\"Facebook Fotos Umbenennen\" width=\"700\" height=\"106\" class=\"alignnone size-full wp-image-120403\" srcset=\"https:\/\/images.ifun.de\/wp-content\/uploads\/2018\/03\/facebook-fotos-umbenennen.jpg 700w, https:\/\/images.ifun.de\/wp-content\/uploads\/2018\/03\/facebook-fotos-umbenennen-300x45.jpg 300w\" sizes=\"auto, (max-width: 700px) 100vw, 700px\" \/><\/a><\/p>\n<p>Textile benennt die exportierten Bilderverzeichnisse anhand der von euch auf Facebook vergebenen Namen f\u00fcr die einzelnen Alben (sofern ihr welche angelegt habt). Damit wird die Bildersammlung ein ganzes St\u00fcck \u00fcbersichtlicher. Ihr m\u00fcsst die Bilder dazu auch nirgendwo hochladen, der Vorgang l\u00e4uft lokal auf eurem Rechner ab und erfordert keine Verbindung zum Internet.<\/p>\n<p>Ein Hinweis: Falls euer Mac die von Facebook geladene ZIP-Datei automatisch entpackt, findet ihr die ben\u00f6tigte Ursprungsdatei im Papierkorb.<\/p>\n<h2>Firefox steckt Facebook in Quarant\u00e4ne<\/h2>\n<p>Ebenfalls passend zur aktuellen Facebook-Diskussion haben die Entwickler des Webbrowsers Firefox ein neues Plug-in ver\u00f6ffentlicht, mit dessen Hilfe Facebook daran gehindert wird, Daten \u00fcber eure Internetnutzung zu erfassen.<\/p>\n<p>Der sogenannte <a href=\"https:\/\/blog.mozilla.org\/blog\/2018\/03\/27\/facebook-container-add-on\/\">Facebook Container<\/a> packt s\u00e4mtliche Online-Aktivit\u00e4ten im Zusammenhang mit Facebook in ein abgeschottetes Browser-Fenster mit blauem Hintergrund und verhindert, dass Facebook angemeldete Nutzer mithilfe von sogenannten Cookies \u00fcber die Aktivit\u00e4ten auf der eigenen Plattform hinaus trackt.<\/p>\n<p><a href=\"https:\/\/images.ifun.de\/wp-content\/uploads\/2018\/03\/mozilla-facebook-container.jpg\"><img loading=\"lazy\" decoding=\"async\" src=\"https:\/\/images.ifun.de\/wp-content\/uploads\/2018\/03\/mozilla-facebook-container.jpg\" alt=\"Mozilla Facebook Container\" width=\"700\" height=\"525\" class=\"alignnone size-full wp-image-120401\" srcset=\"https:\/\/images.ifun.de\/wp-content\/uploads\/2018\/03\/mozilla-facebook-container.jpg 700w, https:\/\/images.ifun.de\/wp-content\/uploads\/2018\/03\/mozilla-facebook-container-300x225.jpg 300w\" sizes=\"auto, (max-width: 700px) 100vw, 700px\" \/><\/a><\/p>\n","protected":false},"excerpt":{"rendered":"<a href=\"https:\/\/www.ifun.de\/facebook-eigene-bilder-herunterladen-datenschutz-container-fuer-firefox-120399\/\"><img width=\"150\" height=\"106\" src=\"https:\/\/images.ifun.de\/wp-content\/uploads\/2018\/03\/facebook-fotos-umbenennen-150x106.jpg\" class=\"alignright tfe wp-post-image\" alt=\"Facebook Fotos Umbenennen\" decoding=\"async\" loading=\"lazy\" \/><\/a><p>Etwas versteckt bietet Facebook seinen Nutzern die M\u00f6glichkeit, die auf dem Netzwerk ver\u00f6ffentlichten pers\u00f6nlichen Daten herunterzuladen. Allem voran sind hier nat\u00fcrlich die ganzen Fotos von Interesse, die sich im Laufe der Zeit auf der Plattform angesammelt haben. Facebook stellt die angeforderten Daten als \u201epers\u00f6nliches Archiv\u201c zum Download bereit, die enthaltene Bildersammlung l\u00e4sst jedoch jede erkennbare [&hellip;]<\/p>\n","protected":false},"author":2,"featured_media":120403,"comment_status":"open","ping_status":"closed","sticky":false,"template":"","format":"standard","meta":{"_acf_changed":false,"footnotes":""},"categories":[1],"tags":[990,234],"class_list":["post-120399","post","type-post","status-publish","format-standard","has-post-thumbnail","hentry","category-news","tag-datenschutz","tag-facebook"],"acf":[],"aioseo_notices":[],"subheadline":["Viele Nutzer denken um"],"featured_image":["https:\/\/images.ifun.de\/wp-content\/uploads\/2016\/11\/zuckerberg-header.jpg"],"rest_api_enabler":{"subheadline":"Viele Nutzer denken um","featured_image":"https:\/\/images.ifun.de\/wp-content\/uploads\/2016\/11\/zuckerberg-header.jpg"},"_links":{"self":[{"href":"https:\/\/www.ifun.de\/apiv2\/wp\/v2\/posts\/120399","targetHints":{"allow":["GET"]}}],"collection":[{"href":"https:\/\/www.ifun.de\/apiv2\/wp\/v2\/posts"}],"about":[{"href":"https:\/\/www.ifun.de\/apiv2\/wp\/v2\/types\/post"}],"author":[{"embeddable":true,"href":"https:\/\/www.ifun.de\/apiv2\/wp\/v2\/users\/2"}],"replies":[{"embeddable":true,"href":"https:\/\/www.ifun.de\/apiv2\/wp\/v2\/comments?post=120399"}],"version-history":[{"count":2,"href":"https:\/\/www.ifun.de\/apiv2\/wp\/v2\/posts\/120399\/revisions"}],"predecessor-version":[{"id":120404,"href":"https:\/\/www.ifun.de\/apiv2\/wp\/v2\/posts\/120399\/revisions\/120404"}],"wp:featuredmedia":[{"embeddable":true,"href":"https:\/\/www.ifun.de\/apiv2\/wp\/v2\/media\/120403"}],"wp:attachment":[{"href":"https:\/\/www.ifun.de\/apiv2\/wp\/v2\/media?parent=120399"}],"wp:term":[{"taxonomy":"category","embeddable":true,"href":"https:\/\/www.ifun.de\/apiv2\/wp\/v2\/categories?post=120399"},{"taxonomy":"post_tag","embeddable":true,"href":"https:\/\/www.ifun.de\/apiv2\/wp\/v2\/tags?post=120399"}],"curies":[{"name":"wp","href":"https:\/\/api.w.org\/{rel}","templated":true}]}}