{"id":120369,"date":"2018-03-27T08:38:45","date_gmt":"2018-03-27T06:38:45","guid":{"rendered":"https:\/\/www.ifun.de\/?p=120369"},"modified":"2018-03-27T08:40:39","modified_gmt":"2018-03-27T06:40:39","slug":"apples-netflix-konkurrent-startet-in-einem-jahr","status":"publish","type":"post","link":"https:\/\/www.ifun.de\/apples-netflix-konkurrent-startet-in-einem-jahr-120369\/","title":{"rendered":"Apples Netflix-Konkurrent startet in einem Jahr"},"content":{"rendered":"<p>Die New York Times hat sich mit mehreren Personen <a href=\"https:\/\/www.nytimes.com\/2018\/03\/25\/business\/media\/apple-hollywood-streaming.html\">unterhalten<\/a>, die an den Shows und TV-Inhalten arbeiten, dessen Rechte sich Apple im Laufe der vergangenen Monate <a href=\"https:\/\/www.ifun.de\/apple-ordert-morning-show-drama-20-episoden-mit-jennifer-aniston-115032\/\">gesichert<\/a> und dessen Produktionen der iPhone-Hersteller bislang <a href=\"https:\/\/www.ifun.de\/rekordgehaelter-in-apples-serienproduktionen-117736\/\">in Auftrag gegeben<\/a> hat.<\/p>\n<p><a href=\"https:\/\/images.ifun.de\/wp-content\/uploads\/2018\/03\/apple-tv-4k-1000-neu.jpg\"><img decoding=\"async\" class=\"aligncenter size-full wp-image-120370\" src=\"https:\/\/images.ifun.de\/wp-content\/uploads\/2018\/03\/apple-tv-4k-1000-neu.jpg\" alt=\"Apple Tv 4k 1000 Neu\" width=\"500\" srcset=\"https:\/\/images.ifun.de\/wp-content\/uploads\/2018\/03\/apple-tv-4k-1000-neu.jpg 1000w, https:\/\/images.ifun.de\/wp-content\/uploads\/2018\/03\/apple-tv-4k-1000-neu-300x174.jpg 300w, https:\/\/images.ifun.de\/wp-content\/uploads\/2018\/03\/apple-tv-4k-1000-neu-768x446.jpg 768w\" sizes=\"(max-width: 1000px) 100vw, 1000px\" \/><\/a><\/p>\n<p>Die Gespr\u00e4che liefern erstmals ein vages, wenig \u00fcberraschendes Zeitfenster, wann mit dem Start des Netflix-Konkurrenten aus Cupertino gerechnet werden darf.<\/p>\n<blockquote><p>Produzenten und F\u00fchrungspersonen aus der Entertainment-Branche, die sich k\u00fcrzlich mit Apples Chefetage getroffen haben, erkl\u00e4rten, dass das Unternehmen Inhalte w\u00fcnscht, die zu der hellen, optimistischen Markenidentit\u00e4t Apples passen. Anders formuliert: Es ist davon auszugehen, dass Apple vor Projekten zur\u00fcckschreckt, die zu dunkel sind bzw. soziale Misst\u00e4nde thematisieren. Die Personen erg\u00e4nzten zudem, dass das Unternehmen plane seine Programmpalette zwischen M\u00e4rz und Sommer 2019 einzuf\u00fchren.<\/p><\/blockquote>\n<p>Die &#8222;helle Marken-Identit\u00e4t&#8220; haben wir im vergangenen Oktober folgenderma\u00dfen \u00fcberschrieben: Apple sucht ein \u201eGame of Thrones\u201c ohne Br\u00fcste.<\/p>\n<h2>Kostenpunkt nach wie vor unklar<\/h2>\n<p>Spannend ist, dass Apple offenbar noch immer dar\u00fcber nachdenkt, wie sich das TV-Angebot am besten monetarisieren lassen k\u00f6nnte. Nach Angaben der New York Times hat Cupertino den Produzenten noch nicht erkl\u00e4rt, ob das Streaming-Angebot hinter einer eigenen Bezahl-Schranke, kombiniert mit Apple Music oder als Freemium-Paket angeboten werden soll.<\/p>\n<p>Was sicher sein d\u00fcrfte: \u00c4hnliche wie zum Start von Apple Music d\u00fcrfte auch der Video-Streaming-Dienst mit einer gro\u00dfz\u00fcgigen Testphase starten.<\/p>\n<h2>Zum Nachlesen<\/h2>\n<ul>\n<li><a title=\"Apple sucht: Ein \u201eGame of Thrones\u201c ohne Br\u00fcste\" href=\"https:\/\/www.ifun.de\/apple-sucht-ein-game-of-thrones-ohne-brueste-114512\/\">Apple sucht: Ein \u201eGame of Thrones\u201c ohne Br\u00fcste<\/a><\/li>\n<li><a title=\"Unterhaltung ohne Br\u00fcste: Apples Vorgaben irritieren Kreative\" href=\"https:\/\/www.ifun.de\/unterhaltung-ohne-brueste-apples-vorgaben-irritieren-kreative-118597\/\">Unterhaltung ohne Br\u00fcste: Apples Vorgaben irritieren Kreative<\/a><\/li>\n<\/ul>\n","protected":false},"excerpt":{"rendered":"<a href=\"https:\/\/www.ifun.de\/apples-netflix-konkurrent-startet-in-einem-jahr-120369\/\"><img width=\"150\" height=\"150\" src=\"https:\/\/images.ifun.de\/wp-content\/uploads\/2018\/03\/apple-tv-4k-1000-neu-150x150.jpg\" class=\"alignright tfe wp-post-image\" alt=\"Apple Tv 4k 1000 Neu\" decoding=\"async\" loading=\"lazy\" \/><\/a><p>Die New York Times hat sich mit mehreren Personen unterhalten, die an den Shows und TV-Inhalten arbeiten, dessen Rechte sich Apple im Laufe der vergangenen Monate gesichert und dessen Produktionen der iPhone-Hersteller bislang in Auftrag gegeben hat. Die Gespr\u00e4che liefern erstmals ein vages, wenig \u00fcberraschendes Zeitfenster, wann mit dem Start des Netflix-Konkurrenten aus Cupertino gerechnet [&hellip;]<\/p>\n","protected":false},"author":1,"featured_media":120370,"comment_status":"open","ping_status":"closed","sticky":false,"template":"","format":"standard","meta":{"_acf_changed":false,"footnotes":""},"categories":[3],"tags":[4736,26,3910,6322,1479,6323],"class_list":["post-120369","post","type-post","status-publish","format-standard","has-post-thumbnail","hentry","category-apple","tag-apple","tag-apple-tv","tag-geruechte","tag-rumors","tag-serien","tag-videos"],"acf":[],"aioseo_notices":[],"subheadline":["Zwischen M\u00e4rz und Sommer 2019"],"featured_image":["https:\/\/images.ifun.de\/wp-content\/uploads\/2017\/09\/apple-tv-4k-neu.jpg"],"rest_api_enabler":{"subheadline":"Zwischen M\u00e4rz und Sommer 2019","featured_image":"https:\/\/images.ifun.de\/wp-content\/uploads\/2017\/09\/apple-tv-4k-neu.jpg"},"_links":{"self":[{"href":"https:\/\/www.ifun.de\/apiv2\/wp\/v2\/posts\/120369","targetHints":{"allow":["GET"]}}],"collection":[{"href":"https:\/\/www.ifun.de\/apiv2\/wp\/v2\/posts"}],"about":[{"href":"https:\/\/www.ifun.de\/apiv2\/wp\/v2\/types\/post"}],"author":[{"embeddable":true,"href":"https:\/\/www.ifun.de\/apiv2\/wp\/v2\/users\/1"}],"replies":[{"embeddable":true,"href":"https:\/\/www.ifun.de\/apiv2\/wp\/v2\/comments?post=120369"}],"version-history":[{"count":3,"href":"https:\/\/www.ifun.de\/apiv2\/wp\/v2\/posts\/120369\/revisions"}],"predecessor-version":[{"id":120373,"href":"https:\/\/www.ifun.de\/apiv2\/wp\/v2\/posts\/120369\/revisions\/120373"}],"wp:featuredmedia":[{"embeddable":true,"href":"https:\/\/www.ifun.de\/apiv2\/wp\/v2\/media\/120370"}],"wp:attachment":[{"href":"https:\/\/www.ifun.de\/apiv2\/wp\/v2\/media?parent=120369"}],"wp:term":[{"taxonomy":"category","embeddable":true,"href":"https:\/\/www.ifun.de\/apiv2\/wp\/v2\/categories?post=120369"},{"taxonomy":"post_tag","embeddable":true,"href":"https:\/\/www.ifun.de\/apiv2\/wp\/v2\/tags?post=120369"}],"curies":[{"name":"wp","href":"https:\/\/api.w.org\/{rel}","templated":true}]}}