{"id":120353,"date":"2018-03-26T19:44:54","date_gmt":"2018-03-26T17:44:54","guid":{"rendered":"https:\/\/www.ifun.de\/?p=120353"},"modified":"2018-03-26T19:44:54","modified_gmt":"2018-03-26T17:44:54","slug":"letztes-update-webdesign-tool-adobe-muse-vor-dem-aus","status":"publish","type":"post","link":"https:\/\/www.ifun.de\/letztes-update-webdesign-tool-adobe-muse-vor-dem-aus-120353\/","title":{"rendered":"Letztes Update: Webdesign-Tool Adobe Muse vor dem Aus"},"content":{"rendered":"<p>Die Tage des Webdesign-Tools <a href=\"https:\/\/www.adobe.com\/de\/products\/muse.html\">Adobe Muse<\/a> sind gez\u00e4hlt. Die Software hat wurde zum letzten Mal per Update verbessert, fortan wird Adobe h\u00f6chstens noch dringliche Sicherheits- oder Kompatibilit\u00e4ts-Updates f\u00fcr neue Versionen von macOS und Windows ver\u00f6ffentlichen.<\/p>\n<p>Adobe-Kunden mit Creative-Cloud-Abo k\u00f6nnen die Software weiterhin nutzen und der Hersteller verspricht zudem noch bis 20. Mai 2019 technischen Support. Im Anschluss an diesen Termin kann die Software zwar weiter verwendet werden, wird allerdings nicht mehr vom Hersteller unterst\u00fctzt.<\/p>\n<p><a href=\"https:\/\/images.ifun.de\/wp-content\/uploads\/2018\/03\/adobe-muse.jpg\"><img loading=\"lazy\" decoding=\"async\" src=\"https:\/\/images.ifun.de\/wp-content\/uploads\/2018\/03\/adobe-muse.jpg\" alt=\"Adobe Muse\" width=\"500\" height=\"361\" class=\"alignnone size-full wp-image-120355\" srcset=\"https:\/\/images.ifun.de\/wp-content\/uploads\/2018\/03\/adobe-muse.jpg 500w, https:\/\/images.ifun.de\/wp-content\/uploads\/2018\/03\/adobe-muse-300x217.jpg 300w\" sizes=\"auto, (max-width: 500px) 100vw, 500px\" \/><\/a><\/p>\n<p>Adobe gesteht im Rahmen der <a href=\"http:\/\/muse.adobe.com\/product-announcement-intl.html\">Ank\u00fcndigung<\/a> indirekt ein, dass man die Software an der Zielgruppe vorbei entwickelt habe und damit weder den Anforderungen gro\u00dfer Online-Projekte noch den Bed\u00fcrfnissen f\u00fcr das Erstellen einfacher Webseiten gerecht w\u00fcrde.<\/p>\n<p>Die anstehenden \u00c4nderungen beziehen auch die Plattform Business Catalyst mit ein. Adobe will den Dienst <a href=\"https:\/\/businesscatalyst.com\/#announcement\">zum 26. M\u00e4rz 2020 einstellen<\/a> und fordert Nutzer bereits jetzt dazu auf, sich nach Alternativen umzusehen.<\/p>\n","protected":false},"excerpt":{"rendered":"<a href=\"https:\/\/www.ifun.de\/letztes-update-webdesign-tool-adobe-muse-vor-dem-aus-120353\/\"><img width=\"150\" height=\"150\" src=\"https:\/\/images.ifun.de\/wp-content\/uploads\/2018\/03\/adobe-muse-header-150x150.jpg\" class=\"alignright tfe wp-post-image\" alt=\"Adobe Muse Header\" decoding=\"async\" loading=\"lazy\" \/><\/a><p>Die Tage des Webdesign-Tools Adobe Muse sind gez\u00e4hlt. Die Software hat wurde zum letzten Mal per Update verbessert, fortan wird Adobe h\u00f6chstens noch dringliche Sicherheits- oder Kompatibilit\u00e4ts-Updates f\u00fcr neue Versionen von macOS und Windows ver\u00f6ffentlichen. Adobe-Kunden mit Creative-Cloud-Abo k\u00f6nnen die Software weiterhin nutzen und der Hersteller verspricht zudem noch bis 20. Mai 2019 technischen Support. [&hellip;]<\/p>\n","protected":false},"author":2,"featured_media":120356,"comment_status":"open","ping_status":"closed","sticky":false,"template":"","format":"standard","meta":{"_acf_changed":false,"footnotes":""},"categories":[1],"tags":[265,1486],"class_list":["post-120353","post","type-post","status-publish","format-standard","has-post-thumbnail","hentry","category-news","tag-adobe","tag-webdesign"],"acf":[],"aioseo_notices":[],"subheadline":["Am Kunden vorbei entwickelt"],"featured_image":["https:\/\/images.ifun.de\/wp-content\/uploads\/2018\/03\/adobe-muse-header.jpg"],"rest_api_enabler":{"subheadline":"Am Kunden vorbei entwickelt","featured_image":"https:\/\/images.ifun.de\/wp-content\/uploads\/2018\/03\/adobe-muse-header.jpg"},"_links":{"self":[{"href":"https:\/\/www.ifun.de\/apiv2\/wp\/v2\/posts\/120353","targetHints":{"allow":["GET"]}}],"collection":[{"href":"https:\/\/www.ifun.de\/apiv2\/wp\/v2\/posts"}],"about":[{"href":"https:\/\/www.ifun.de\/apiv2\/wp\/v2\/types\/post"}],"author":[{"embeddable":true,"href":"https:\/\/www.ifun.de\/apiv2\/wp\/v2\/users\/2"}],"replies":[{"embeddable":true,"href":"https:\/\/www.ifun.de\/apiv2\/wp\/v2\/comments?post=120353"}],"version-history":[{"count":3,"href":"https:\/\/www.ifun.de\/apiv2\/wp\/v2\/posts\/120353\/revisions"}],"predecessor-version":[{"id":120358,"href":"https:\/\/www.ifun.de\/apiv2\/wp\/v2\/posts\/120353\/revisions\/120358"}],"wp:featuredmedia":[{"embeddable":true,"href":"https:\/\/www.ifun.de\/apiv2\/wp\/v2\/media\/120356"}],"wp:attachment":[{"href":"https:\/\/www.ifun.de\/apiv2\/wp\/v2\/media?parent=120353"}],"wp:term":[{"taxonomy":"category","embeddable":true,"href":"https:\/\/www.ifun.de\/apiv2\/wp\/v2\/categories?post=120353"},{"taxonomy":"post_tag","embeddable":true,"href":"https:\/\/www.ifun.de\/apiv2\/wp\/v2\/tags?post=120353"}],"curies":[{"name":"wp","href":"https:\/\/api.w.org\/{rel}","templated":true}]}}