{"id":120294,"date":"2018-03-25T08:21:31","date_gmt":"2018-03-25T06:21:31","guid":{"rendered":"https:\/\/www.ifun.de\/?p=120294"},"modified":"2018-03-25T08:21:31","modified_gmt":"2018-03-25T06:21:31","slug":"apples-bildungs-event-am-dienstag-kein-live-video-aber-aufzeichnung","status":"publish","type":"post","link":"https:\/\/www.ifun.de\/apples-bildungs-event-am-dienstag-kein-live-video-aber-aufzeichnung-120294\/","title":{"rendered":"Apples Bildungs-Event am Dienstag: Kein Live-Video aber Aufzeichnung"},"content":{"rendered":"<p>Unter dem Motto \u201eLet\u2019s take a field trip\u201c hat Apple f\u00fcr Dienstag zu einer Sonderveranstaltung nach Chicago geladen, in deren Rahmen uns das Unternehmen \u201ekreative neue Ideen f\u00fcr Lehrer und Sch\u00fcler\u201c pr\u00e4sentieren will. Mittlerweile steht fest, dass die Veranstaltung nicht live \u00fcbertragen wird, eine Videoaufzeichnung wird jedoch im Anschluss bereitgestellt. Apples Events-App auf Apple TV k\u00fcndigt die Verf\u00fcgbarkeit f\u00fcr 17 Uhr an.<\/p>\n<p><a href=\"https:\/\/images.ifun.de\/wp-content\/uploads\/2018\/03\/apple-special-event-27-maerz-2018.jpg\"><img loading=\"lazy\" decoding=\"async\" src=\"https:\/\/images.ifun.de\/wp-content\/uploads\/2018\/03\/apple-special-event-27-maerz-2018.jpg\" alt=\"Apple Special Event 27 Maerz 2018\" width=\"500\" height=\"281\" class=\"alignnone size-full wp-image-120297\" srcset=\"https:\/\/images.ifun.de\/wp-content\/uploads\/2018\/03\/apple-special-event-27-maerz-2018.jpg 500w, https:\/\/images.ifun.de\/wp-content\/uploads\/2018\/03\/apple-special-event-27-maerz-2018-300x169.jpg 300w\" sizes=\"auto, (max-width: 500px) 100vw, 500px\" \/><\/a><\/p>\n<p>Auf die Erwartungen im Zusammenhang mit der Veranstaltung sind wir vergangene Woche schon <a href=\"https:\/\/www.ifun.de\/apples-bildungs-event-120048\/\">eingegangen<\/a>. Neben Software-Aktualisierungen , hier ist insbesondere eine neu iBooks-Version wahrscheinlich, stehen Updates f\u00fcr das iPad und den Apple Pencil hoch im Kurs. Unser Wunschdenken w\u00e4re ja eine neue Generation des Zeichenstifts mit Qi-Ladefunktion und der damit verbundenen Markteinf\u00fchrung von Apples Dreifach-Qi-Ladeger\u00e4t AirPower. Jedoch sollten wir mit Blick auf die Erwartungen im Hardware-Bereich den Ball flach halten, wom\u00f6glich kommt hier gar nichts, und wenn doch, dann lassen wir uns gerne \u00fcberraschen.<\/p>\n<p>In Sachen Software besteht zudem die Chance, dass Apple am Dienstag iOS 11.3 und macOS 10.13.4 frei gibt oder ein Datum diesbez\u00fcglich ank\u00fcndigt. Dies w\u00fcrde im Zusammenhang mit einem iBooks-Update Sinn machen, im Rahmen der Beta-Tests der neuen Systemversionen hat sich durch den vor\u00fcbergehenden Namenswechsel zu \u201eBooks\u201c ja bereits angedeutet, dass hier wom\u00f6glich was im Busch ist.<\/p>\n<h2>HomePod-Ank\u00fcndigung f\u00fcr Deutschland unwahrscheinlich<\/h2>\n<p>Unwahrscheinlich ist dagegen, dass Apple die Veranstaltung zum Anlass nimmt, um den Verkaufsstart des HomePod in Deutschland und Frankreich anzuk\u00fcndigen. Der Siri-Lautsprecher soll ja \u201eim Fr\u00fchjahr\u201c auch hierzulande auf den Markt kommen, dies d\u00fcrfte allerdings eher still und lediglich von einer Pressemitteilung begleitet stattfinden. Zuvor w\u00e4re es angebracht, dass Apple AirPlay 2 an den Start bringt um den HomePod mit dem urspr\u00fcnglich versprochenen Funktionsumfang auszustatten, darunter Multi-Room-Audio und Stereopaare.<\/p>\n<p><h8>Danke Oli<\/h8><\/p>\n","protected":false},"excerpt":{"rendered":"<a href=\"https:\/\/www.ifun.de\/apples-bildungs-event-am-dienstag-kein-live-video-aber-aufzeichnung-120294\/\"><img width=\"150\" height=\"150\" src=\"https:\/\/images.ifun.de\/wp-content\/uploads\/2018\/03\/apple-event-bildung-maerz-2018-150x150.jpg\" class=\"alignright tfe wp-post-image\" alt=\"Apple Event Bildung Maerz 2018\" decoding=\"async\" loading=\"lazy\" \/><\/a><p>Unter dem Motto \u201eLet\u2019s take a field trip\u201c hat Apple f\u00fcr Dienstag zu einer Sonderveranstaltung nach Chicago geladen, in deren Rahmen uns das Unternehmen \u201ekreative neue Ideen f\u00fcr Lehrer und Sch\u00fcler\u201c pr\u00e4sentieren will. Mittlerweile steht fest, dass die Veranstaltung nicht live \u00fcbertragen wird, eine Videoaufzeichnung wird jedoch im Anschluss bereitgestellt. Apples Events-App auf Apple TV [&hellip;]<\/p>\n","protected":false},"author":2,"featured_media":120296,"comment_status":"open","ping_status":"closed","sticky":false,"template":"","format":"standard","meta":{"_acf_changed":false,"footnotes":""},"categories":[4],"tags":[],"class_list":["post-120294","post","type-post","status-publish","format-standard","has-post-thumbnail","hentry","category-appletv"],"acf":[],"aioseo_notices":[],"subheadline":["Events-App auf Apple TV aktualisiert"],"featured_image":["https:\/\/images.ifun.de\/wp-content\/uploads\/2018\/03\/apple-event-bildung-maerz-2018.jpg"],"rest_api_enabler":{"subheadline":"Events-App auf Apple TV aktualisiert","featured_image":"https:\/\/images.ifun.de\/wp-content\/uploads\/2018\/03\/apple-event-bildung-maerz-2018.jpg"},"_links":{"self":[{"href":"https:\/\/www.ifun.de\/apiv2\/wp\/v2\/posts\/120294","targetHints":{"allow":["GET"]}}],"collection":[{"href":"https:\/\/www.ifun.de\/apiv2\/wp\/v2\/posts"}],"about":[{"href":"https:\/\/www.ifun.de\/apiv2\/wp\/v2\/types\/post"}],"author":[{"embeddable":true,"href":"https:\/\/www.ifun.de\/apiv2\/wp\/v2\/users\/2"}],"replies":[{"embeddable":true,"href":"https:\/\/www.ifun.de\/apiv2\/wp\/v2\/comments?post=120294"}],"version-history":[{"count":2,"href":"https:\/\/www.ifun.de\/apiv2\/wp\/v2\/posts\/120294\/revisions"}],"predecessor-version":[{"id":120298,"href":"https:\/\/www.ifun.de\/apiv2\/wp\/v2\/posts\/120294\/revisions\/120298"}],"wp:featuredmedia":[{"embeddable":true,"href":"https:\/\/www.ifun.de\/apiv2\/wp\/v2\/media\/120296"}],"wp:attachment":[{"href":"https:\/\/www.ifun.de\/apiv2\/wp\/v2\/media?parent=120294"}],"wp:term":[{"taxonomy":"category","embeddable":true,"href":"https:\/\/www.ifun.de\/apiv2\/wp\/v2\/categories?post=120294"},{"taxonomy":"post_tag","embeddable":true,"href":"https:\/\/www.ifun.de\/apiv2\/wp\/v2\/tags?post=120294"}],"curies":[{"name":"wp","href":"https:\/\/api.w.org\/{rel}","templated":true}]}}