{"id":120236,"date":"2018-03-22T18:51:41","date_gmt":"2018-03-22T17:51:41","guid":{"rendered":"https:\/\/www.ifun.de\/?p=120236"},"modified":"2018-03-23T13:57:05","modified_gmt":"2018-03-23T12:57:05","slug":"macbook-pro-2016-tausch-tastaturen-mit-neuer-beschriftung","status":"publish","type":"post","link":"https:\/\/www.ifun.de\/macbook-pro-2016-tausch-tastaturen-mit-neuer-beschriftung-120236\/","title":{"rendered":"MacBook Pro 2016: Tausch-Tastaturen mit neuer Beschriftung"},"content":{"rendered":"<p>ifun.de-Leser Karsten teilt uns eine Beobachtung mit, die sich als eines von \u00fcber 100 Puzzleteilen in den <a href=\"https:\/\/www.ifun.de\/support-aergernisse-von-airpods-und-macbook-tastaturen-119861\/\">gro\u00dfen Themenkomplex<\/a> der unzuverl\u00e4ssigen MacBook Pro-Tastaturen einreiht. <\/p>\n<p><a href=\"https:\/\/images.ifun.de\/wp-content\/uploads\/2018\/03\/vordemtausch.jpg\"><img decoding=\"async\" src=\"https:\/\/images.ifun.de\/wp-content\/uploads\/2018\/03\/vordemtausch.jpg\" alt=\"Vordemtausch\" width=\"500\" class=\"aligncenter size-full wp-image-120239\" srcset=\"https:\/\/images.ifun.de\/wp-content\/uploads\/2018\/03\/vordemtausch.jpg 1000w, https:\/\/images.ifun.de\/wp-content\/uploads\/2018\/03\/vordemtausch-300x133.jpg 300w, https:\/\/images.ifun.de\/wp-content\/uploads\/2018\/03\/vordemtausch-768x340.jpg 768w\" sizes=\"(max-width: 1000px) 100vw, 1000px\" \/><\/a><\/p>\n<h6>Die Tastatur vor dem Austausch<\/h6>\n<p>Sein Ger\u00e4t wurde nach anhaltenden Keyboard-Problemen und einem daraufhin veranlassten Tausch des Top-Case nicht nur mit einem neuen Akku und einer neuen Tastatur bedacht, sondern zeigt seitdem auch neue Beschriftungen auf der Tastatur. Diese beweisen erst mal gar nichts, deuten aber zumindest darauf hin, dass Apple nicht mehr ausschlie\u00dflich auf den Lagerbestand bereits zum MacBook-Deb\u00fct 2016 vorhandener Austausch-Tastaturen zugreift, sondern inzwischen revisionierte Modelle verbaut. <\/p>\n<p>Karten schreibt: <\/p>\n<blockquote><p>Hallo liebes ifun.de Team, ich habe nun endlich mein 15&#8243; MacBook Pro 2016 eingeschickt, weil ich schon lange Tastaturprobleme habe und ihr diese oft in den Beitr\u00e4gen behandelt habt.<\/p>\n<p>Die Tastatur wurde anstandslos ausgetauscht. Mir f\u00e4llt aber gerade auf, dass sich das Layout bzw. die Beschriftung der Tastatur ge\u00e4ndert hat. Spricht dies daf\u00fcr, dass Apple in die 2016 Modelle nun auch als Ersatzteil die neue 2017 Tastatur verbaut? Anbei drei Fotos zum Vergleich. [&#8230;]<\/p><\/blockquote>\n<p>So haben sich auf der neuen Tastatur unter anderem die Beschriftungen von Enter-, Backspace-, Option- und Control-Taste ge\u00e4ndert. Die Backspace-Taste setzt auf einen kleinen Pfeil mit Rahmen, die Enter &#8211; und die Control-Taste verzichten je auf ein Symbol und auf dem Option-Knopf wurde der Alternativ-Text &#8222;alt&#8220; durch Apples Option-Symbol ersetzt. Ein Layout, dass sich so auch auf dem aktuellen (und h\u00e4ufig verbogenen) <a href=\"https:\/\/www.ifun.de\/magic-keyboard-mit-ziffernblock-kommt-diesen-monat-ein-verbessertes-modell-116290\/\">Magic Keyboard<\/a> wiederfinden l\u00e4sst. <\/p>\n<h2>Die Tastatur nach dem Austausch<\/h2>\n<p><a href=\"https:\/\/images.ifun.de\/wp-content\/uploads\/2018\/03\/nachdemtasuch.jpg\"><img loading=\"lazy\" decoding=\"async\" src=\"https:\/\/images.ifun.de\/wp-content\/uploads\/2018\/03\/nachdemtasuch.jpg\" alt=\"Nachdemtasuch\" width=\"1296\" height=\"972\" class=\"aligncenter size-full wp-image-120238\" srcset=\"https:\/\/images.ifun.de\/wp-content\/uploads\/2018\/03\/nachdemtasuch.jpg 1296w, https:\/\/images.ifun.de\/wp-content\/uploads\/2018\/03\/nachdemtasuch-300x225.jpg 300w, https:\/\/images.ifun.de\/wp-content\/uploads\/2018\/03\/nachdemtasuch-768x576.jpg 768w, https:\/\/images.ifun.de\/wp-content\/uploads\/2018\/03\/nachdemtasuch-1024x768.jpg 1024w\" sizes=\"auto, (max-width: 1296px) 100vw, 1296px\" \/><\/a><\/p>\n<h2>Zum Nachlesen:<\/h2>\n<ul>\n<li><a title=\"Apples Design-Chef zur MacBook-Kritik: \u201eWe hear you, boy do we hear!\u201c\" href=\"https:\/\/www.ifun.de\/apples-design-chef-zur-macbook-kritik-we-hear-you-boy-do-we-hear-116083\/\">Apples Design-Chef zur MacBook-Kritik: \u201eWe hear you, boy do we hear!\u201c<\/a><\/li>\n<li><a title=\"MacBook Pro: Tastatur-Kritik wird deutlich lauter\" href=\"https:\/\/www.ifun.de\/macbook-tastatur-kritik-wird-deutlich-lauter-114295\/\">MacBook Pro: Tastatur-Kritik wird deutlich lauter<\/a><\/li>\n<li><a title=\"MacBook-Tastatur: Vom Staubkr\u00fcmel zum Austausch\" href=\"https:\/\/www.ifun.de\/macbook-tastatur-vom-staubkruemel-zum-austausch-114232\/\">MacBook-Tastatur: Vom Staubkr\u00fcmel zum Austausch<\/a><\/li>\n<li><a title=\"MacBook Pro: Eine Taste klemmt? Apple tauscht die komplette Tastatur!\" href=\"https:\/\/www.ifun.de\/macbook-pro-eine-taste-klemmt-apple-tauscht-die-komplette-tastatur-107675\/\">MacBook Pro: Eine Taste klemmt? Apple tauscht die komplette Tastatur!<\/a><\/li>\n<li><a title=\"Ger\u00e4usche beim neuen MacBook Pro: Apple verbaut neue \u201eTopcases\u201c\" href=\"https:\/\/www.ifun.de\/geraeusche-beim-neuen-macbook-pro-apple-verbaut-neue-topcases-107426\/\">Ger\u00e4usche beim neuen MacBook Pro: Apple verbaut neue \u201eTopcases\u201c<\/a><\/li>\n<\/ul>\n","protected":false},"excerpt":{"rendered":"<a href=\"https:\/\/www.ifun.de\/macbook-pro-2016-tausch-tastaturen-mit-neuer-beschriftung-120236\/\"><img width=\"150\" height=\"150\" src=\"https:\/\/images.ifun.de\/wp-content\/uploads\/2018\/03\/vordemtausch-150x150.jpg\" class=\"alignright tfe wp-post-image\" alt=\"Vordemtausch\" decoding=\"async\" loading=\"lazy\" \/><\/a><p>ifun.de-Leser Karsten teilt uns eine Beobachtung mit, die sich als eines von \u00fcber 100 Puzzleteilen in den gro\u00dfen Themenkomplex der unzuverl\u00e4ssigen MacBook Pro-Tastaturen einreiht. Die Tastatur vor dem Austausch Sein Ger\u00e4t wurde nach anhaltenden Keyboard-Problemen und einem daraufhin veranlassten Tausch des Top-Case nicht nur mit einem neuen Akku und einer neuen Tastatur bedacht, sondern zeigt [&hellip;]<\/p>\n","protected":false},"author":1,"featured_media":120239,"comment_status":"open","ping_status":"closed","sticky":false,"template":"","format":"standard","meta":{"_acf_changed":false,"footnotes":""},"categories":[3,1783],"tags":[224,348],"class_list":["post-120236","post","type-post","status-publish","format-standard","has-post-thumbnail","hentry","category-apple","category-feature","tag-macbook-pro","tag-tastatur"],"acf":[],"aioseo_notices":[],"featured_image":["https:\/\/images.ifun.de\/wp-content\/uploads\/2018\/03\/tastatur.jpg"],"subheadline":["Leser-Beobachtungen"],"rest_api_enabler":{"featured_image":"https:\/\/images.ifun.de\/wp-content\/uploads\/2018\/03\/tastatur.jpg","subheadline":"Leser-Beobachtungen"},"_links":{"self":[{"href":"https:\/\/www.ifun.de\/apiv2\/wp\/v2\/posts\/120236","targetHints":{"allow":["GET"]}}],"collection":[{"href":"https:\/\/www.ifun.de\/apiv2\/wp\/v2\/posts"}],"about":[{"href":"https:\/\/www.ifun.de\/apiv2\/wp\/v2\/types\/post"}],"author":[{"embeddable":true,"href":"https:\/\/www.ifun.de\/apiv2\/wp\/v2\/users\/1"}],"replies":[{"embeddable":true,"href":"https:\/\/www.ifun.de\/apiv2\/wp\/v2\/comments?post=120236"}],"version-history":[{"count":2,"href":"https:\/\/www.ifun.de\/apiv2\/wp\/v2\/posts\/120236\/revisions"}],"predecessor-version":[{"id":120241,"href":"https:\/\/www.ifun.de\/apiv2\/wp\/v2\/posts\/120236\/revisions\/120241"}],"wp:featuredmedia":[{"embeddable":true,"href":"https:\/\/www.ifun.de\/apiv2\/wp\/v2\/media\/120239"}],"wp:attachment":[{"href":"https:\/\/www.ifun.de\/apiv2\/wp\/v2\/media?parent=120236"}],"wp:term":[{"taxonomy":"category","embeddable":true,"href":"https:\/\/www.ifun.de\/apiv2\/wp\/v2\/categories?post=120236"},{"taxonomy":"post_tag","embeddable":true,"href":"https:\/\/www.ifun.de\/apiv2\/wp\/v2\/tags?post=120236"}],"curies":[{"name":"wp","href":"https:\/\/api.w.org\/{rel}","templated":true}]}}