{"id":120201,"date":"2018-03-22T11:28:43","date_gmt":"2018-03-22T10:28:43","guid":{"rendered":"https:\/\/www.ifun.de\/?p=120201"},"modified":"2018-03-22T11:28:43","modified_gmt":"2018-03-22T10:28:43","slug":"mark-zuckerberg-ich-weiss-nicht-ob-man-uns-vielleicht-regulieren-sollte","status":"publish","type":"post","link":"https:\/\/www.ifun.de\/mark-zuckerberg-ich-weiss-nicht-ob-man-uns-vielleicht-regulieren-sollte-120201\/","title":{"rendered":"Mark Zuckerberg: &#8222;Ich wei\u00df nicht, ob man uns vielleicht regulieren sollte&#8220;"},"content":{"rendered":"<p>Mark Zuckerberg hat in der <a href=\"https:\/\/www.iphone-ticker.de\/gierig-und-unermuedlich-facebook-will-den-kontakt-zugriff-123948\/\" title=\"Cambridge-Analytica-Debatte\">Cambridge-Analytica-Debatte<\/a> nun erstmals selbst \u00f6ffentlich <a href=\"https:\/\/www.facebook.com\/zuck\/posts\/10104712037900071\">Stellung bezogen<\/a>. Im Versuch, dem massiven Imageverlust gegenzusteuern gibt sich der Facebook-Chef dem\u00fctig.<\/p>\n<p>\u201eIch habe Facebook gegr\u00fcndet und bin somit auch verantwortlich daf\u00fcr, was auf unserer Plattform geschieht\u201c bittet Zuckerberg um Entschuldigung, beteuert aber zugleich, dass der von Cambridge Analytica ausgenutzte Fehler l\u00e4ngst behoben sei. Dennoch ziehe man aus diesem Vorfall seine Lehren und wolle zus\u00e4tzliche Sicherheitsma\u00dfnahmen ergreifen.<\/p>\n<p><a href=\"https:\/\/images.ifun.de\/wp-content\/uploads\/2018\/03\/zuckerberg-facebook.jpg\"><img loading=\"lazy\" decoding=\"async\" src=\"https:\/\/images.ifun.de\/wp-content\/uploads\/2018\/03\/zuckerberg-facebook.jpg\" alt=\"Zuckerberg Facebook\" width=\"700\" height=\"448\" class=\"alignnone size-full wp-image-120203\" srcset=\"https:\/\/images.ifun.de\/wp-content\/uploads\/2018\/03\/zuckerberg-facebook.jpg 700w, https:\/\/images.ifun.de\/wp-content\/uploads\/2018\/03\/zuckerberg-facebook-300x192.jpg 300w\" sizes=\"auto, (max-width: 700px) 100vw, 700px\" \/><\/a><\/p>\n<h6>Zuckerberg bei einem Besuch beim Dallas Police Department<\/h6>\n<p>Im Rahmen von <a href=\"https:\/\/www.theverge.com\/2018\/3\/21\/17150270\/mark-zuckerberg-facebook-regulated\">Interviews<\/a> mit verschiedenen US-Medien geht Zuckerberg zudem auf die Frage ein, ob Facebook von staatlicher Seite reguliert werden m\u00fcsse. Mit Blick auf seine Aussage \u201eI actually am not sure we shouldn\u2019t be regulated\u201c darf man spekulieren, ob er hier unterw\u00fcrfig taktiert oder schlichtweg mit der Situation \u00fcberfordert ist und einfach nur un\u00fcberlegt antwortet. Facebook hat das zugrundeliegende Interview <a href=\"https:\/\/newsroom.fb.com\/news\/2018\/03\/hard-questions-cambridge-analytica\/\">hier ver\u00f6ffentlicht<\/a>.<\/p>\n<p>Das Problem hinter der Aff\u00e4re l\u00e4sst sich jedenfalls nicht auf Facebook reduzieren. Die Entwicklung im Bereich der sozialen Netzwerke hat eine darauf nicht vorbereitete Gesellschaft \u00fcberrollt. Einmal mehr muss diese nun erfahren, dass nicht Warnungen, sondern drastische Negativerfahrungen der effektivste Weg sind, um Denkprozesse und Neustrukturierungen anzusto\u00dfen.<\/p>\n","protected":false},"excerpt":{"rendered":"<a href=\"https:\/\/www.ifun.de\/mark-zuckerberg-ich-weiss-nicht-ob-man-uns-vielleicht-regulieren-sollte-120201\/\"><img width=\"150\" height=\"150\" src=\"https:\/\/images.ifun.de\/wp-content\/uploads\/2018\/03\/zuckerberg-facebook-150x150.jpg\" class=\"alignright tfe wp-post-image\" alt=\"Zuckerberg Facebook\" decoding=\"async\" loading=\"lazy\" \/><\/a><p>Mark Zuckerberg hat in der Cambridge-Analytica-Debatte nun erstmals selbst \u00f6ffentlich Stellung bezogen. Im Versuch, dem massiven Imageverlust gegenzusteuern gibt sich der Facebook-Chef dem\u00fctig. \u201eIch habe Facebook gegr\u00fcndet und bin somit auch verantwortlich daf\u00fcr, was auf unserer Plattform geschieht\u201c bittet Zuckerberg um Entschuldigung, beteuert aber zugleich, dass der von Cambridge Analytica ausgenutzte Fehler l\u00e4ngst behoben sei. [&hellip;]<\/p>\n","protected":false},"author":2,"featured_media":120203,"comment_status":"open","ping_status":"closed","sticky":false,"template":"","format":"standard","meta":{"_acf_changed":false,"footnotes":""},"categories":[1],"tags":[234],"class_list":["post-120201","post","type-post","status-publish","format-standard","has-post-thumbnail","hentry","category-news","tag-facebook"],"acf":[],"aioseo_notices":[],"subheadline":["Facebook-Chef \u00e4u\u00dfert sich zur CA-Aff\u00e4re"],"featured_image":["https:\/\/images.ifun.de\/wp-content\/uploads\/2015\/09\/facebook-header.jpg"],"rest_api_enabler":{"subheadline":"Facebook-Chef \u00e4u\u00dfert sich zur CA-Aff\u00e4re","featured_image":"https:\/\/images.ifun.de\/wp-content\/uploads\/2015\/09\/facebook-header.jpg"},"_links":{"self":[{"href":"https:\/\/www.ifun.de\/apiv2\/wp\/v2\/posts\/120201","targetHints":{"allow":["GET"]}}],"collection":[{"href":"https:\/\/www.ifun.de\/apiv2\/wp\/v2\/posts"}],"about":[{"href":"https:\/\/www.ifun.de\/apiv2\/wp\/v2\/types\/post"}],"author":[{"embeddable":true,"href":"https:\/\/www.ifun.de\/apiv2\/wp\/v2\/users\/2"}],"replies":[{"embeddable":true,"href":"https:\/\/www.ifun.de\/apiv2\/wp\/v2\/comments?post=120201"}],"version-history":[{"count":3,"href":"https:\/\/www.ifun.de\/apiv2\/wp\/v2\/posts\/120201\/revisions"}],"predecessor-version":[{"id":120205,"href":"https:\/\/www.ifun.de\/apiv2\/wp\/v2\/posts\/120201\/revisions\/120205"}],"wp:featuredmedia":[{"embeddable":true,"href":"https:\/\/www.ifun.de\/apiv2\/wp\/v2\/media\/120203"}],"wp:attachment":[{"href":"https:\/\/www.ifun.de\/apiv2\/wp\/v2\/media?parent=120201"}],"wp:term":[{"taxonomy":"category","embeddable":true,"href":"https:\/\/www.ifun.de\/apiv2\/wp\/v2\/categories?post=120201"},{"taxonomy":"post_tag","embeddable":true,"href":"https:\/\/www.ifun.de\/apiv2\/wp\/v2\/tags?post=120201"}],"curies":[{"name":"wp","href":"https:\/\/api.w.org\/{rel}","templated":true}]}}