{"id":12017,"date":"2011-05-03T16:40:18","date_gmt":"2011-05-03T14:40:18","guid":{"rendered":"http:\/\/www.ifun.de\/?p=12017"},"modified":"2011-05-03T16:40:18","modified_gmt":"2011-05-03T14:40:18","slug":"von-glastonbury-bis-wacken-neuer-zdf-musikkanal-mit-live-ubertragungen-von-zehn-grosen-musikfestivals","status":"publish","type":"post","link":"https:\/\/www.ifun.de\/von-glastonbury-bis-wacken-neuer-zdf-musikkanal-mit-live-ubertragungen-von-zehn-grosen-musikfestivals-12017\/","title":{"rendered":"Von Glastonbury bis Wacken: Neuer ZDF-Musikkanal mit Live-\u00dcbertragungen von zehn gro\u00dfen Musikfestivals"},"content":{"rendered":"<p>Auf die <a href=\"http:\/\/www.ifun.de\/2011\/04\/14\/zdf-mediathek-nach-ostern-mit-eigener-app\/\">k\u00fcrzlich angek\u00fcndigte ZDF-Mediathek-App<\/a> warten wir immer noch, daf\u00fcr \u00fcberrascht uns der Mainzer TV-Sender mit einer f\u00fcr Musikfans ausgesprochen interessanten Ank\u00fcndigung.<\/p>\n<p>Am 7. Mai startet mit &#8222;ZDFkultur&#8220; der Nachfolger des ZDF-Theaterkanals als &#8222;Programm f\u00fcr die Pop-Generation&#8220;. Das h\u00f6rt sich jetzt etwas verklemmt an, dem weiteren Text der zugeh\u00f6rigen Pressemitteilung entnehmen wir jedoch, dass der neue Kanal durchaus interessante Ans\u00e4tze verfolgt:<\/p>\n<blockquote><p>Moderne Musikformen werden im Programm von ZDFkultur eine pr\u00e4gende Rolle spielen. Dabei soll es weniger um Charts und Mainstream als vielmehr um Club- und Szenetrends gehen. Besonders auff\u00e4llig ist die Live-\u00dcbertragung von zehn Musikfestivals \u2013 darunter Hurricane, Glastonbury, Roskilde, splash und Wacken \u2013 mit den derzeit angesagtesten Bands aus Rock, Indie-Pop, Hip Hop und Metal. ZDFkultur geht dazu jeweils am Samstagabend von 20 bis 24 Uhr auf Sendung, berichtet live von der B\u00fchne und zeigt die Highlights der jeweiligen Festivals in der Folgewoche von Montag bis Freitag zwischen 18 und 20 Uhr.<\/p><\/blockquote>\n","protected":false},"excerpt":{"rendered":"<p>Auf die k\u00fcrzlich angek\u00fcndigte ZDF-Mediathek-App warten wir immer noch, daf\u00fcr \u00fcberrascht uns der Mainzer TV-Sender mit einer f\u00fcr Musikfans ausgesprochen interessanten Ank\u00fcndigung. Am 7. Mai startet mit &#8222;ZDFkultur&#8220; der Nachfolger des ZDF-Theaterkanals als &#8222;Programm f\u00fcr die Pop-Generation&#8220;. Das h\u00f6rt sich jetzt etwas verklemmt an, dem weiteren Text der zugeh\u00f6rigen Pressemitteilung entnehmen wir jedoch, dass der [&hellip;]<\/p>\n","protected":false},"author":2,"featured_media":0,"comment_status":"open","ping_status":"closed","sticky":false,"template":"","format":"standard","meta":{"_acf_changed":false,"footnotes":""},"categories":[17],"tags":[58,29,62],"class_list":["post-12017","post","type-post","status-publish","format-standard","hentry","category-platzhalter","tag-fernsehen","tag-musik","tag-zdf"],"acf":[],"aioseo_notices":[],"rest_api_enabler":[],"_links":{"self":[{"href":"https:\/\/www.ifun.de\/apiv2\/wp\/v2\/posts\/12017","targetHints":{"allow":["GET"]}}],"collection":[{"href":"https:\/\/www.ifun.de\/apiv2\/wp\/v2\/posts"}],"about":[{"href":"https:\/\/www.ifun.de\/apiv2\/wp\/v2\/types\/post"}],"author":[{"embeddable":true,"href":"https:\/\/www.ifun.de\/apiv2\/wp\/v2\/users\/2"}],"replies":[{"embeddable":true,"href":"https:\/\/www.ifun.de\/apiv2\/wp\/v2\/comments?post=12017"}],"version-history":[{"count":4,"href":"https:\/\/www.ifun.de\/apiv2\/wp\/v2\/posts\/12017\/revisions"}],"predecessor-version":[{"id":12021,"href":"https:\/\/www.ifun.de\/apiv2\/wp\/v2\/posts\/12017\/revisions\/12021"}],"wp:attachment":[{"href":"https:\/\/www.ifun.de\/apiv2\/wp\/v2\/media?parent=12017"}],"wp:term":[{"taxonomy":"category","embeddable":true,"href":"https:\/\/www.ifun.de\/apiv2\/wp\/v2\/categories?post=12017"},{"taxonomy":"post_tag","embeddable":true,"href":"https:\/\/www.ifun.de\/apiv2\/wp\/v2\/tags?post=12017"}],"curies":[{"name":"wp","href":"https:\/\/api.w.org\/{rel}","templated":true}]}}