{"id":119083,"date":"2018-02-21T17:18:50","date_gmt":"2018-02-21T16:18:50","guid":{"rendered":"https:\/\/www.ifun.de\/?p=119083"},"modified":"2018-02-21T17:18:50","modified_gmt":"2018-02-21T16:18:50","slug":"tim-cook-im-interview-wir-wollen-die-welt-verbessern","status":"publish","type":"post","link":"https:\/\/www.ifun.de\/tim-cook-im-interview-wir-wollen-die-welt-verbessern-119083\/","title":{"rendered":"Tim Cook im Interview: \u201eWir wollen die Welt verbessern\u201c"},"content":{"rendered":"<p>Das US-Magazin <a href=\"https:\/\/www.fastcompany.com\/\">Fast Company<\/a> hat Apple den Titel \u201eInnovativstes Unternehmen 2018\u201c verliehen. Zum Dank daf\u00fcr stand Apple-Chef Tim Cook in einem ausf\u00fchrlichen <a href=\"https:\/\/www.fastcompany.com\/40525409\/why-apple-is-the-worlds-most-innovative-company\">Interview<\/a> Rede und Antwort und l\u00e4sst sich einmal mehr mit dem bereits von seinem Vorg\u00e4nger ins Leben gerufenen Grundsatz \u201eWir wollen die Welt verbessern\u201c zitieren.<\/p>\n<p>Cook legt Wert auf die Feststellung, dass sich seine Firmenpolitik nicht am Aktienkurs ausrichtet, sondern Produkt und Kunde im Fokus stehen. Sofern man hier alles richtig mache, stelle sich der wirtschaftliche Erfolg automatisch ein. Die B\u00f6rse habe nur minimalen, wenn \u00fcberhaupt Einfluss auf Apple.<\/p>\n<p><a href=\"https:\/\/images.ifun.de\/wp-content\/uploads\/2017\/06\/tim-cook-keynote.jpg\"><img loading=\"lazy\" decoding=\"async\" src=\"https:\/\/images.ifun.de\/wp-content\/uploads\/2017\/06\/tim-cook-keynote.jpg\" alt=\"Tim Cook Keynote\" width=\"700\" height=\"377\" class=\"alignnone size-full wp-image-108192\" srcset=\"https:\/\/images.ifun.de\/wp-content\/uploads\/2017\/06\/tim-cook-keynote.jpg 700w, https:\/\/images.ifun.de\/wp-content\/uploads\/2017\/06\/tim-cook-keynote-300x162.jpg 300w\" sizes=\"auto, (max-width: 700px) 100vw, 700px\" \/><\/a><\/p>\n<p>Auf die Tatsache angesprochen, dass die Konkurrenz neue M\u00e4rkte oft schneller erschlie\u00dfe als Apple, verweist Cook auf die Tatsache, dass sein Unternehmen sich in der Vergangenheit schon nie auf derartige Wettrennen eingelassen habe. Man habe enorme Geduld wenn es darum gehe, ein Produkt auf den Markt zu bringen, und liefere erst dann, wenn das Ergebnis auch gro\u00dfartig sei. Solange dies nicht der Fall ist, verschiebe man den Verkaufsstart.<\/p>\n<p>Cook bestreitet dann auch vehement, dass man auf Produkte der Konkurrenz reagiere sondern betont, dass man oft selbst schon viel fr\u00fcher mit deren Entwicklung begonnen habe. So arbeite man heute bereits an Projekten, die irgendwann in den 2020er-Jahren zum Tragen kommen.<\/p>\n","protected":false},"excerpt":{"rendered":"<a href=\"https:\/\/www.ifun.de\/tim-cook-im-interview-wir-wollen-die-welt-verbessern-119083\/\"><img decoding=\"async\" width=\"150\" src=\"https:\/\/images.ifun.de\/wp-content\/uploads\/2017\/06\/tim-cook-keynote.jpg\" class=\"alignright wp-post-image tfe\" alt=\"Tim Cook Keynote\" title=\"\" \/><\/a><p>Das US-Magazin Fast Company hat Apple den Titel \u201eInnovativstes Unternehmen 2018\u201c verliehen. Zum Dank daf\u00fcr stand Apple-Chef Tim Cook in einem ausf\u00fchrlichen Interview Rede und Antwort und l\u00e4sst sich einmal mehr mit dem bereits von seinem Vorg\u00e4nger ins Leben gerufenen Grundsatz \u201eWir wollen die Welt verbessern\u201c zitieren. Cook legt Wert auf die Feststellung, dass sich [&hellip;]<\/p>\n","protected":false},"author":2,"featured_media":0,"comment_status":"open","ping_status":"closed","sticky":false,"template":"","format":"standard","meta":{"_acf_changed":false,"footnotes":""},"categories":[3],"tags":[4736,736,614],"class_list":["post-119083","post","type-post","status-publish","format-standard","hentry","category-apple","tag-apple","tag-interview","tag-tim-cook"],"acf":[],"aioseo_notices":[],"subheadline":["Apple \"Innovativstes Unternehmen 2018\""],"featured_image":["https:\/\/images.ifun.de\/wp-content\/uploads\/2017\/09\/tim-cook-keynote.jpg"],"rest_api_enabler":{"subheadline":"Apple \"Innovativstes Unternehmen 2018\"","featured_image":"https:\/\/images.ifun.de\/wp-content\/uploads\/2017\/09\/tim-cook-keynote.jpg"},"_links":{"self":[{"href":"https:\/\/www.ifun.de\/apiv2\/wp\/v2\/posts\/119083","targetHints":{"allow":["GET"]}}],"collection":[{"href":"https:\/\/www.ifun.de\/apiv2\/wp\/v2\/posts"}],"about":[{"href":"https:\/\/www.ifun.de\/apiv2\/wp\/v2\/types\/post"}],"author":[{"embeddable":true,"href":"https:\/\/www.ifun.de\/apiv2\/wp\/v2\/users\/2"}],"replies":[{"embeddable":true,"href":"https:\/\/www.ifun.de\/apiv2\/wp\/v2\/comments?post=119083"}],"version-history":[{"count":2,"href":"https:\/\/www.ifun.de\/apiv2\/wp\/v2\/posts\/119083\/revisions"}],"predecessor-version":[{"id":119085,"href":"https:\/\/www.ifun.de\/apiv2\/wp\/v2\/posts\/119083\/revisions\/119085"}],"wp:attachment":[{"href":"https:\/\/www.ifun.de\/apiv2\/wp\/v2\/media?parent=119083"}],"wp:term":[{"taxonomy":"category","embeddable":true,"href":"https:\/\/www.ifun.de\/apiv2\/wp\/v2\/categories?post=119083"},{"taxonomy":"post_tag","embeddable":true,"href":"https:\/\/www.ifun.de\/apiv2\/wp\/v2\/tags?post=119083"}],"curies":[{"name":"wp","href":"https:\/\/api.w.org\/{rel}","templated":true}]}}