{"id":118491,"date":"2018-02-06T16:02:51","date_gmt":"2018-02-06T15:02:51","guid":{"rendered":"https:\/\/www.ifun.de\/?p=118491"},"modified":"2018-02-07T11:54:37","modified_gmt":"2018-02-07T10:54:37","slug":"9-minuten-video-zeigt-apples-homepod-im-test","status":"publish","type":"post","link":"https:\/\/www.ifun.de\/9-minuten-video-zeigt-apples-homepod-im-test-118491\/","title":{"rendered":"9-Minuten-Video zeigt: Apples HomePod im Test"},"content":{"rendered":"<p>Auch der HomePod bricht nicht mit Apples Tradition: Am letzten Dienstag vor dem offiziellen Verkaufsstart des neuen Produktes am 9. Februar ist jetzt das Presse-Embargo zu dem Multiroom-Lautsprecher gefallen, der noch im Fr\u00fchjahr auch in Deutschland erh\u00e4ltlich sein wird.<\/p>\n<p><a href=\"https:\/\/images.ifun.de\/wp-content\/uploads\/2018\/02\/homepod-breit.jpg\"><img decoding=\"async\" class=\"aligncenter size-full wp-image-118492\" src=\"https:\/\/images.ifun.de\/wp-content\/uploads\/2018\/02\/homepod-breit.jpg\" alt=\"Homepod Breit\" width=\"500\" srcset=\"https:\/\/images.ifun.de\/wp-content\/uploads\/2018\/02\/homepod-breit.jpg 960w, https:\/\/images.ifun.de\/wp-content\/uploads\/2018\/02\/homepod-breit-300x200.jpg 300w, https:\/\/images.ifun.de\/wp-content\/uploads\/2018\/02\/homepod-breit-768x512.jpg 768w\" sizes=\"(max-width: 960px) 100vw, 960px\" \/><\/a><\/p>\n<h6><a href=\"https:\/\/www.theverge.com\/2018\/2\/6\/16976906\/apple-homepod-review-smart-speaker\">Bild: James Bareham<\/a><\/h6>\n<p>Entsprechend liegen nun die ersten Stimmen amerikanischer und englischer Medienvertreter vor, die von Apple mit einem Vorabexemplar des Sonos-Konkurrenten ausgestattet wurden.<\/p>\n<p>Das Medienecho f\u00e4llt dabei erwartungsgem\u00e4\u00df aus: Funktional k\u00f6nnten Siri und der HomePod durchaus etwas mehr bieten, das akustische Produktversprechen Cupertinos scheint der knapp 400 Euro teure Speaker jedoch zu erf\u00fcllen.<\/p>\n<p>Wir empfehlen euch das eingebettete <a href=\"http:\/\/youtu.be\/jQF5Q3773uk\">9-Minuten-Video<\/a> von Nilay Patel, das die <a href=\"https:\/\/www.theverge.com\/2018\/2\/6\/16976906\/apple-homepod-review-smart-speaker\">Besprechung auf theverge.com<\/a> flankiert und den Neuzugang in Apples Produkt-Lineup erstmals, hochaufgel\u00f6st in einer realistischen Umgebung pr\u00e4sentiert:<\/p>\n<p><div class=\"responsive-video\"><iframe loading=\"lazy\" src=\"https:\/\/www.youtube-nocookie.com\/embed\/jQF5Q3773uk\" width=\"700\" height=\"371\" frameborder=\"0\" allowfullscreen=\"allowfullscreen\"><\/iframe><\/div><\/p>\n<h2>Pressespiegel: Die ersten HomePod Rezensionen<\/h2>\n<p>Neben den Ber\u00fccksichtigungen von <a href=\"http:\/\/www.loopinsight.com\/2018\/02\/06\/review-apple-homepod\/\">Jim Dalrymple<\/a>, <a href=\"https:\/\/www.cnet.com\/products\/apple-homepod\/review\/\">Megan Wollerton<\/a> und <a href=\"https:\/\/www.usatoday.com\/story\/tech\/columnist\/baig\/2018\/02\/06\/apples-pricey-homepod-sounds-great-but-exacts-some-tradeoffs\/310032002\/\">Edward C. Baig<\/a> empfehlen wir die folgenden Rezensionen:<\/p>\n<h3><a href=\"https:\/\/www.theverge.com\/2018\/2\/6\/16976906\/apple-homepod-review-smart-speaker\">Nilay Patel &#8211; theverge.com<\/a><\/h3>\n<blockquote><p>All of this is why I started thinking of the HomePod as \u201clonely.\u201d It feels like it was designed for a very demanding person to use while living alone entirely inside Apple\u2019s ecosystem. It\u2019s tied more closely to a single iPhone and iCloud account than any other smart speaker, and Siri has none of the capability or vibrancy of what\u2019s happening with Alexa. Apple can try to move mountains by itself, or it can recognize that the HomePod is a little iOS computer for the home and let developers build on it as they have for so long and with such great success with the iPhone, iPad, and Mac.<\/p><\/blockquote>\n<h3><a href=\"https:\/\/www.nytimes.com\/2018\/02\/06\/technology\/personaltech\/apple-homepod-review.html\">Brian Chen &#8211; nyt.com<\/a><\/h3>\n<blockquote><p>Siri also had laughably awkward pronunciations of some artist names. When I once asked HomePod to play songs by Tupac, Siri replied: \u201cSure, here\u2019s Tu,\u201d and after a short pause said: \u201cPac.\u201d (I\u2019m not sure Dr. Dre or Jimmy Iovine, whose streaming service was acquired by Apple to develop Apple Music, would approve.) In response to my concerns, Apple said HomePod studies a customer\u2019s music preferences over time. I figured a week should have been enough.<\/p><\/blockquote>\n<h3><a href=\"http:\/\/www.independent.co.uk\/life-style\/gadgets-and-tech\/features\/apple-homepod-review-sonos-speakers-smart-siri-amazon-alexa-google-home-max-a8196921.html\">David Phelan &#8211; independent.co.uk<\/a><\/h3>\n<blockquote><p>What if you\u2019re a Spotify subscriber? You can launch Spotify on your iPhone, say, and once you\u2019re playing a track you can transfer it to the HomePod speaker using AirPlay. This works well, but obviously you don\u2019t get the voice control capabilities here, apart from changing volume and so on. You can also use AirPlay to throw other tracks from your iPhone or iPad to the HomePod, or for other people in your home to play, they just need to be on your Wi-Fi network.<\/p><\/blockquote>\n<h3><a href=\"https:\/\/www.wsj.com\/articles\/apple-homepod-review-super-sound-but-not-super-smart-1517923981\">Joanna Stern &#8211; wsj.com<\/a><\/h3>\n<blockquote><p>The HomePod has a circular touch screen up top that indicates when Siri is listening. Annoyingly, its placement makes it difficult to see from across the room. There\u2019s no physical off button for the mic; if you want it to stop listening, you have to say so.<\/p><\/blockquote>\n<h3><a href=\"https:\/\/techcrunch.com\/2018\/02\/06\/a-four-sentence-homepod-review-with-appendices\/\">Matthew Panzarino &#8211; techcrunch.com<\/a><\/h3>\n<blockquote><p>There\u2019s a reason my review is only four sentences: if you don\u2019t like Apple Music, don\u2019t buy a HomePod. The HomePod sounds great but on the surface, it\u2019s debatable whether it\u2019s great enough to justify the limitations of its smart features when compared purely on those merits and not as a component of the Apple ecosystem.<\/p><\/blockquote>\n","protected":false},"excerpt":{"rendered":"<a href=\"https:\/\/www.ifun.de\/9-minuten-video-zeigt-apples-homepod-im-test-118491\/\"><img width=\"150\" height=\"150\" src=\"https:\/\/images.ifun.de\/wp-content\/uploads\/2018\/02\/homepod-feature-150x150.jpg\" class=\"alignright tfe wp-post-image\" alt=\"Homepod Feature\" decoding=\"async\" loading=\"lazy\" \/><\/a><p>Auch der HomePod bricht nicht mit Apples Tradition: Am letzten Dienstag vor dem offiziellen Verkaufsstart des neuen Produktes am 9. Februar ist jetzt das Presse-Embargo zu dem Multiroom-Lautsprecher gefallen, der noch im Fr\u00fchjahr auch in Deutschland erh\u00e4ltlich sein wird. Bild: James Bareham Entsprechend liegen nun die ersten Stimmen amerikanischer und englischer Medienvertreter vor, die von [&hellip;]<\/p>\n","protected":false},"author":1,"featured_media":118493,"comment_status":"open","ping_status":"closed","sticky":false,"template":"","format":"standard","meta":{"_acf_changed":false,"footnotes":""},"categories":[1,20,1783],"tags":[3714,215,31],"class_list":["post-118491","post","type-post","status-publish","format-standard","has-post-thumbnail","hentry","category-news","category-videos","category-feature","tag-homepod","tag-review","tag-video"],"acf":[],"aioseo_notices":[],"subheadline":["Pressespiegel der ersten HomePod-Rezensionen"],"featured_image":["https:\/\/images.ifun.de\/wp-content\/uploads\/2018\/02\/homepod-feature.jpg"],"rest_api_enabler":{"subheadline":"Pressespiegel der ersten HomePod-Rezensionen","featured_image":"https:\/\/images.ifun.de\/wp-content\/uploads\/2018\/02\/homepod-feature.jpg"},"_links":{"self":[{"href":"https:\/\/www.ifun.de\/apiv2\/wp\/v2\/posts\/118491","targetHints":{"allow":["GET"]}}],"collection":[{"href":"https:\/\/www.ifun.de\/apiv2\/wp\/v2\/posts"}],"about":[{"href":"https:\/\/www.ifun.de\/apiv2\/wp\/v2\/types\/post"}],"author":[{"embeddable":true,"href":"https:\/\/www.ifun.de\/apiv2\/wp\/v2\/users\/1"}],"replies":[{"embeddable":true,"href":"https:\/\/www.ifun.de\/apiv2\/wp\/v2\/comments?post=118491"}],"version-history":[{"count":3,"href":"https:\/\/www.ifun.de\/apiv2\/wp\/v2\/posts\/118491\/revisions"}],"predecessor-version":[{"id":118523,"href":"https:\/\/www.ifun.de\/apiv2\/wp\/v2\/posts\/118491\/revisions\/118523"}],"wp:featuredmedia":[{"embeddable":true,"href":"https:\/\/www.ifun.de\/apiv2\/wp\/v2\/media\/118493"}],"wp:attachment":[{"href":"https:\/\/www.ifun.de\/apiv2\/wp\/v2\/media?parent=118491"}],"wp:term":[{"taxonomy":"category","embeddable":true,"href":"https:\/\/www.ifun.de\/apiv2\/wp\/v2\/categories?post=118491"},{"taxonomy":"post_tag","embeddable":true,"href":"https:\/\/www.ifun.de\/apiv2\/wp\/v2\/tags?post=118491"}],"curies":[{"name":"wp","href":"https:\/\/api.w.org\/{rel}","templated":true}]}}