{"id":118142,"date":"2018-01-29T09:24:31","date_gmt":"2018-01-29T08:24:31","guid":{"rendered":"https:\/\/www.ifun.de\/?p=118142"},"modified":"2018-01-29T09:24:31","modified_gmt":"2018-01-29T08:24:31","slug":"icloud-speicherplatz-die-kostenlosen-5-gb-sind-ein-witz","status":"publish","type":"post","link":"https:\/\/www.ifun.de\/icloud-speicherplatz-die-kostenlosen-5-gb-sind-ein-witz-118142\/","title":{"rendered":"iCloud-Speicherplatz: Die kostenlosen 5 GB sind ein Witz"},"content":{"rendered":"<p>Das <a href=\"https:\/\/www.wsj.com\/articles\/icloud-storage-your-guide-to-the-other-apple-tax-1516820540\">Wall Street Journal<\/a> spricht uns in einem aktuellen Artikel aus der Seele: Wann passt Apple sein iCloud-Speicherangebot endlich zeitgem\u00e4\u00df an. Zuletzt haben wir uns vor mehr als einem Jahr kritisch mit diesem Thema <a href=\"https:\/\/www.iphone-ticker.de\/apples-icloud-speicherpreise-sind-nicht-mehr-zeitgemaess-102112\/\">auseinandergesetzt<\/a>: Die seit Ewigkeiten unver\u00e4ndert angebotenen kostenlosen 5 GB iCloud-Speicher stehen in keiner Relation zu Apples Ger\u00e4tepreisen und Produktstrategie.<\/p>\n<p>Besonders \u00e4rgerlich ist hier, dass Apple seine Kunden mittlerweile mehr oder weniger dazu zwingt, iCloud-Speicher aktiv zu nutzen. Die Synchronisierung und in dem Zusammenhang auch lokale Backups \u00fcber iTunes gelten als \u00fcberholt, zudem haben Apple-Manager wiederholt darauf hingewiesen, dass die geringere Speicherausstattung der Einstiegsmodelle von iPhone und Pad dank Funktionen wie iCloud Fotos oder iCloud Drive kein Problem sei. Den hierf\u00fcr ben\u00f6tigten Online-Speicher sollen Kunden allerdings kostenpflichtig erwerben.<\/p>\n<p>Apple t\u00e4te gut daran, den mit einem Benutzerkonto verbundenen kostenlosen Speicherplatz gro\u00dfz\u00fcgig zu erh\u00f6hen, vielleicht auch abh\u00e4ngig von der Anzahl des vom Kunde genutzten Ger\u00e4te. Es passt nicht ins Bild, dass der K\u00e4ufer eines iPhone daf\u00fcr bezahlen muss, dass er die damit geknipsten Fotos dauerhaft speichern kann. Joanna Stern bezeichnet die von Apple verschickten iCloud-Speicherwarnungen in ihrem WSJ-Artikel dann auch als L\u00f6segeldforderungen, greift das Thema Fotos ebenfalls auf und empfiehlt das kostenlose Angebot <a href=\"https:\/\/photos.google.com\/?hl=de\">Google Fotos<\/a> als Alternative.<\/p>\n<p>Doch es bleibt die Hoffnung, dass Apple in diesem Punkt fr\u00fcher oder sp\u00e4ter einlenkt und das eigene Cloud-Angebot \u00e4hnlich attraktiv gestaltet. Durch lautstarke und wiederholte Kritik konnte Tim Cooks Apple in der Vergangenheit wiederholt zu anwenderfreundlichen Kurskorrekturen bewegt werden. Ein erster Schritt in die richtige Richtung ist die mit iOS 11 eingef\u00fchrte M\u00f6glichkeit, den iCloud-Speicherplatz <a href=\"https:\/\/www.iphone-ticker.de\/icloud-speicher-mit-anderen-familienmitgliedern-teilen-121597\/\" title=\"iCloud-Speicher mit anderen Familienmitgliedern teilen\">mit anderen Familienmitgliedern zu teilen<\/a>.<\/p>\n","protected":false},"excerpt":{"rendered":"<p>Das Wall Street Journal spricht uns in einem aktuellen Artikel aus der Seele: Wann passt Apple sein iCloud-Speicherangebot endlich zeitgem\u00e4\u00df an. Zuletzt haben wir uns vor mehr als einem Jahr kritisch mit diesem Thema auseinandergesetzt: Die seit Ewigkeiten unver\u00e4ndert angebotenen kostenlosen 5 GB iCloud-Speicher stehen in keiner Relation zu Apples Ger\u00e4tepreisen und Produktstrategie. Besonders \u00e4rgerlich [&hellip;]<\/p>\n","protected":false},"author":2,"featured_media":0,"comment_status":"open","ping_status":"closed","sticky":false,"template":"","format":"standard","meta":{"_acf_changed":false,"footnotes":""},"categories":[1],"tags":[4736,401,851],"class_list":["post-118142","post","type-post","status-publish","format-standard","hentry","category-news","tag-apple","tag-icloud","tag-speicherplatz"],"acf":[],"aioseo_notices":[],"subheadline":["Wann \u00fcberarbeitet Apple das Konzept?"],"featured_image":["https:\/\/images.ifun.de\/wp-content\/uploads\/2018\/01\/icloud-header.jpg"],"rest_api_enabler":{"subheadline":"Wann \u00fcberarbeitet Apple das Konzept?","featured_image":"https:\/\/images.ifun.de\/wp-content\/uploads\/2018\/01\/icloud-header.jpg"},"_links":{"self":[{"href":"https:\/\/www.ifun.de\/apiv2\/wp\/v2\/posts\/118142","targetHints":{"allow":["GET"]}}],"collection":[{"href":"https:\/\/www.ifun.de\/apiv2\/wp\/v2\/posts"}],"about":[{"href":"https:\/\/www.ifun.de\/apiv2\/wp\/v2\/types\/post"}],"author":[{"embeddable":true,"href":"https:\/\/www.ifun.de\/apiv2\/wp\/v2\/users\/2"}],"replies":[{"embeddable":true,"href":"https:\/\/www.ifun.de\/apiv2\/wp\/v2\/comments?post=118142"}],"version-history":[{"count":3,"href":"https:\/\/www.ifun.de\/apiv2\/wp\/v2\/posts\/118142\/revisions"}],"predecessor-version":[{"id":118145,"href":"https:\/\/www.ifun.de\/apiv2\/wp\/v2\/posts\/118142\/revisions\/118145"}],"wp:attachment":[{"href":"https:\/\/www.ifun.de\/apiv2\/wp\/v2\/media?parent=118142"}],"wp:term":[{"taxonomy":"category","embeddable":true,"href":"https:\/\/www.ifun.de\/apiv2\/wp\/v2\/categories?post=118142"},{"taxonomy":"post_tag","embeddable":true,"href":"https:\/\/www.ifun.de\/apiv2\/wp\/v2\/tags?post=118142"}],"curies":[{"name":"wp","href":"https:\/\/api.w.org\/{rel}","templated":true}]}}