{"id":117702,"date":"2018-01-17T14:02:24","date_gmt":"2018-01-17T13:02:24","guid":{"rendered":"https:\/\/www.ifun.de\/?p=117702"},"modified":"2018-01-17T14:02:24","modified_gmt":"2018-01-17T13:02:24","slug":"tim-cook-ueber-angela-merkel-eine-phaenomenale-fuehrungspersoenlichkeit","status":"publish","type":"post","link":"https:\/\/www.ifun.de\/tim-cook-ueber-angela-merkel-eine-phaenomenale-fuehrungspersoenlichkeit-117702\/","title":{"rendered":"Tim Cook \u00fcber Angela Merkel: &#8222;Eine ph\u00e4nomenale F\u00fchrungspers\u00f6nlichkeit&#8220;"},"content":{"rendered":"<p>Die High School Studentin Rebecca Kahn hat sich im Rahmen der Interview-Serie <a href=\"https:\/\/www.aspirations.org\/blog\/innovator-innovator-apple-ceo-tim-cook-interviewed-high-school-senior-rebecca-kahn\">Innovator to Innovator<\/a>, die von der Nichtregierungsorganisation Aspirations in Computing (<a href=\"https:\/\/www.aspirations.org\/aspirations-computing\">AiC<\/a>) publiziert wird, mit Apple-Chef Tim Cook unterhalten. <\/p>\n<p><a href=\"https:\/\/images.ifun.de\/wp-content\/uploads\/2015\/09\/merkel.jpg\"><img decoding=\"async\" src=\"https:\/\/images.ifun.de\/wp-content\/uploads\/2015\/09\/merkel.jpg\" alt=\"\" width=\"500\" class=\"aligncenter size-full wp-image-82275\" srcset=\"https:\/\/images.ifun.de\/wp-content\/uploads\/2015\/09\/merkel.jpg 640w, https:\/\/images.ifun.de\/wp-content\/uploads\/2015\/09\/merkel-300x118.jpg 300w\" sizes=\"(max-width: 640px) 100vw, 640px\" \/><\/a><\/p>\n<p>Dem Fokus der gemeinn\u00fctzigen Organisation folgend &#8211; AiC setzt sich daf\u00fcr ein, dass Frauen einen besseren Zugang zu technologischen Berufen bekommen &#8211; hat die junge Studentin Cook nicht nur nach seinen Gedanken zum Thema Diversity in Silicon Valley sondern auch nach seinen (weiblichen) Vorbildern befragt. <\/p>\n<p>Rebecca Kahn beschreibt die Reaktion Cooks, dessen Unternehmen zu den gr\u00f6\u00dften Sponsoren von AiC z\u00e4hlt, folgenderma\u00dfen:<\/p>\n<blockquote><p>Tim dr\u00fcckte eine echte Bewunderung f\u00fcr mehrere Frauen aus. Er h\u00e4lt Angela Merkel f\u00fcr eine &#8222;ph\u00e4nomenale F\u00fchrungspers\u00f6nlichkeit &#8211; nicht nur f\u00fcr Deutschland, sondern f\u00fcr die Welt&#8220;. <\/p>\n<p>Vor kurzem traf er sich mit Lori Robinson, einem Vier-Sterne-General der Luftwaffe, die ihn als eine unglaublich mutige Frau begeisterte und wusste, wie sich ein starker &#8222;menschlicher F\u00fchrungsstil mit einem dem\u00fctigen Wesen&#8220; kombiniert lie\u00df.  <\/p>\n<p>Als S\u00fcdstaatler sah Tim auch in Rosa Parks eine &#8222;Heldin&#8220;, die mit ihrem Mut dabei half, die Ziele der B\u00fcrgerrechtsbewegung &#8222;schneller zu erreichen&#8220;. <\/p><\/blockquote>\n","protected":false},"excerpt":{"rendered":"<a href=\"https:\/\/www.ifun.de\/tim-cook-ueber-angela-merkel-eine-phaenomenale-fuehrungspersoenlichkeit-117702\/\"><img decoding=\"async\" width=\"150\" src=\"https:\/\/images.ifun.de\/wp-content\/uploads\/2015\/09\/merkel.jpg\" class=\"alignright wp-post-image tfe\" alt=\"\" title=\"\" \/><\/a><p>Die High School Studentin Rebecca Kahn hat sich im Rahmen der Interview-Serie Innovator to Innovator, die von der Nichtregierungsorganisation Aspirations in Computing (AiC) publiziert wird, mit Apple-Chef Tim Cook unterhalten. Dem Fokus der gemeinn\u00fctzigen Organisation folgend &#8211; AiC setzt sich daf\u00fcr ein, dass Frauen einen besseren Zugang zu technologischen Berufen bekommen &#8211; hat die junge [&hellip;]<\/p>\n","protected":false},"author":1,"featured_media":0,"comment_status":"open","ping_status":"closed","sticky":false,"template":"","format":"standard","meta":{"_acf_changed":false,"footnotes":""},"categories":[3],"tags":[3998,614],"class_list":["post-117702","post","type-post","status-publish","format-standard","hentry","category-apple","tag-angela-merkel","tag-tim-cook"],"acf":[],"aioseo_notices":[],"featured_image":["https:\/\/images.ifun.de\/wp-content\/uploads\/2017\/06\/tim-cook-wwdc.jpg"],"subheadline":["F\u00fcr Deutschland und die Welt"],"rest_api_enabler":{"featured_image":"https:\/\/images.ifun.de\/wp-content\/uploads\/2017\/06\/tim-cook-wwdc.jpg","subheadline":"F\u00fcr Deutschland und die Welt"},"_links":{"self":[{"href":"https:\/\/www.ifun.de\/apiv2\/wp\/v2\/posts\/117702","targetHints":{"allow":["GET"]}}],"collection":[{"href":"https:\/\/www.ifun.de\/apiv2\/wp\/v2\/posts"}],"about":[{"href":"https:\/\/www.ifun.de\/apiv2\/wp\/v2\/types\/post"}],"author":[{"embeddable":true,"href":"https:\/\/www.ifun.de\/apiv2\/wp\/v2\/users\/1"}],"replies":[{"embeddable":true,"href":"https:\/\/www.ifun.de\/apiv2\/wp\/v2\/comments?post=117702"}],"version-history":[{"count":1,"href":"https:\/\/www.ifun.de\/apiv2\/wp\/v2\/posts\/117702\/revisions"}],"predecessor-version":[{"id":117703,"href":"https:\/\/www.ifun.de\/apiv2\/wp\/v2\/posts\/117702\/revisions\/117703"}],"wp:attachment":[{"href":"https:\/\/www.ifun.de\/apiv2\/wp\/v2\/media?parent=117702"}],"wp:term":[{"taxonomy":"category","embeddable":true,"href":"https:\/\/www.ifun.de\/apiv2\/wp\/v2\/categories?post=117702"},{"taxonomy":"post_tag","embeddable":true,"href":"https:\/\/www.ifun.de\/apiv2\/wp\/v2\/tags?post=117702"}],"curies":[{"name":"wp","href":"https:\/\/api.w.org\/{rel}","templated":true}]}}