{"id":117649,"date":"2018-01-16T20:31:47","date_gmt":"2018-01-16T19:31:47","guid":{"rendered":"https:\/\/www.ifun.de\/?p=117649"},"modified":"2018-01-16T20:34:13","modified_gmt":"2018-01-16T19:34:13","slug":"vor-zehn-jahren-steve-jobs-stellt-das-macbook-air-vor","status":"publish","type":"post","link":"https:\/\/www.ifun.de\/vor-zehn-jahren-steve-jobs-stellt-das-macbook-air-vor-117649\/","title":{"rendered":"Vor zehn Jahren: Steve Jobs stellt das MacBook Air vor"},"content":{"rendered":"<p>Das <a href=\"https:\/\/www.apple.com\/de\/macbook-air\/\">MacBook Air<\/a> feiert einen runden Geburtstag. Vor zehn Jahren hat Steve Jobs das \u201ed\u00fcnnste Notebook der Welt\u201c auf der damals noch allj\u00e4hrlich in San Francisco abgehaltenen Apple-Messe Macworld vorgestellt. Die Pr\u00e4sentation war ganz nach dem Geschmack des ehemaligen Apple-Chefs, Jobs zauberte das f\u00fcr die damalige Zeit extrem d\u00fcnne Ger\u00e4t aus einem Versandumschlag hervor und l\u00e4utete damit eine neue Generation portabler Computer ein.<\/p>\n<p><a href=\"https:\/\/images.ifun.de\/wp-content\/uploads\/2018\/01\/macbook-air-2008.jpg\"><img loading=\"lazy\" decoding=\"async\" src=\"https:\/\/images.ifun.de\/wp-content\/uploads\/2018\/01\/macbook-air-2008.jpg\" alt=\"Macbook Air 2008\" width=\"500\" height=\"220\" class=\"alignnone size-full wp-image-117652\" srcset=\"https:\/\/images.ifun.de\/wp-content\/uploads\/2018\/01\/macbook-air-2008.jpg 500w, https:\/\/images.ifun.de\/wp-content\/uploads\/2018\/01\/macbook-air-2008-300x132.jpg 300w\" sizes=\"auto, (max-width: 500px) 100vw, 500px\" \/><\/a><\/p>\n<p>Das MacBook Air wurde damals mit 13 Zoll Bildschirmgr\u00f6\u00dfe zum Preis von 1699 Euro angeboten und war mit einem Intel-Core-2-Duo-Prozessor mit wahlweise 1,6 oder 1,8 GHz ausgestattet. An der dicksten Stelle noch weniger als 2 Zentimeter stark, war das Ger\u00e4t ein Leichtgewicht mit nur 1,36 Kilogramm.<\/p>\n<p>Zum Vergleich: Das aktuelle MacBook Air kostet 1099 Euro und arbeitet nat\u00fcrlich mit deutlich leistungsf\u00e4higerer Technik, ist mit einer maximalen St\u00e4rke von 1,7 cm um 1,35 kg Gewicht nur unwesentlich kleiner bzw. leichter.<\/p>\n<p>Namhafte Hersteller nahmen sich in der Folge ein Vorbild am MacBook Air und brachten \u00e4hnlich kompakte und teils optisch auch deutlich an das Apple-Design angelehnte Konkurrenzprodukte auf den Markt. Apple selbst bietet seit 2015 mit dem MacBook Retina ein Notebook an, das mit einem 12-Zoll-Bildschirm und 0,92 kg Gewicht sowie einer Dicke von maximal 1,31 cm die Ma\u00dfe des MacBook Air unterbietet.<\/p>\n<h2>Video: Steve Jobs stellt das MacBook Air vor<\/h2>\n<p><div class=\"responsive-video\"><iframe loading=\"lazy\" width=\"700\" height=\"394\" src=\"https:\/\/www.youtube-nocookie.com\/embed\/NGM4PXbUnBc?showinfo=0&amp;ecver=1\" frameborder=\"0\" allow=\"autoplay; encrypted-media\" allowfullscreen><\/iframe><\/div><\/p>\n","protected":false},"excerpt":{"rendered":"<a href=\"https:\/\/www.ifun.de\/vor-zehn-jahren-steve-jobs-stellt-das-macbook-air-vor-117649\/\"><img width=\"150\" height=\"150\" src=\"https:\/\/images.ifun.de\/wp-content\/uploads\/2018\/01\/steve-jobs-stellt-macbook-air-vor-1-150x150.jpg\" class=\"alignright tfe wp-post-image\" alt=\"Steve Jobs Stellt Macbook Air Vor\" decoding=\"async\" loading=\"lazy\" \/><\/a><p>Das MacBook Air feiert einen runden Geburtstag. Vor zehn Jahren hat Steve Jobs das \u201ed\u00fcnnste Notebook der Welt\u201c auf der damals noch allj\u00e4hrlich in San Francisco abgehaltenen Apple-Messe Macworld vorgestellt. Die Pr\u00e4sentation war ganz nach dem Geschmack des ehemaligen Apple-Chefs, Jobs zauberte das f\u00fcr die damalige Zeit extrem d\u00fcnne Ger\u00e4t aus einem Versandumschlag hervor und [&hellip;]<\/p>\n","protected":false},"author":2,"featured_media":117653,"comment_status":"open","ping_status":"closed","sticky":false,"template":"","format":"standard","meta":{"footnotes":""},"categories":[16],"tags":[3996,344,1667,67],"class_list":["post-117649","post","type-post","status-publish","format-standard","has-post-thumbnail","hentry","category-mac","tag-3996","tag-macbook-air","tag-macworld","tag-steve-jobs"],"aioseo_notices":[],"aioseo_head":"\n\t\t<!-- All in One SEO Pro 5.0.1 - aioseo.com -->\n\t<meta name=\"description\" content=\"Das MacBook Air feiert einen runden Geburtstag. Vor zehn Jahren hat Steve Jobs das \u201ed\u00fcnnste Notebook der Welt\u201c auf der damals noch allj\u00e4hrlich in San Francisco abgehaltenen Apple-Messe Macworld vorgestellt. Die Pr\u00e4sentation war ganz nach dem Geschmack des ehemaligen Apple-Chefs, Jobs zauberte das f\u00fcr die damalige Zeit extrem d\u00fcnne Ger\u00e4t aus einem Versandumschlag hervor und\" \/>\n\t<meta name=\"robots\" content=\"max-image-preview:large\" \/>\n\t<meta name=\"author\" content=\"Chris\"\/>\n\t<meta name=\"google-site-verification\" content=\"uH_IhWlZO-QDb51DGwVoGT_GCZmfJp98klL3XmbE3ow\" \/>\n\t<link rel=\"canonical\" href=\"https:\/\/www.ifun.de\/vor-zehn-jahren-steve-jobs-stellt-das-macbook-air-vor-117649\/\" \/>\n\t<meta name=\"generator\" content=\"All in One SEO Pro (AIOSEO) 5.0.1\" \/>\n\t\t<meta property=\"og:locale\" content=\"de_DE\" \/>\n\t\t<meta property=\"og:site_name\" content=\"ifun.de | Apple-News seit 2001\" \/>\n\t\t<meta property=\"og:type\" content=\"article\" \/>\n\t\t<meta property=\"og:title\" content=\"Vor zehn Jahren: Steve Jobs stellt das MacBook Air vor | ifun.de\" \/>\n\t\t<meta property=\"og:description\" content=\"Das MacBook Air feiert einen runden Geburtstag. Vor zehn Jahren hat Steve Jobs das \u201ed\u00fcnnste Notebook der Welt\u201c auf der damals noch allj\u00e4hrlich in San Francisco abgehaltenen Apple-Messe Macworld vorgestellt. Die Pr\u00e4sentation war ganz nach dem Geschmack des ehemaligen Apple-Chefs, Jobs zauberte das f\u00fcr die damalige Zeit extrem d\u00fcnne Ger\u00e4t aus einem Versandumschlag hervor und\" \/>\n\t\t<meta property=\"og:url\" content=\"https:\/\/www.ifun.de\/vor-zehn-jahren-steve-jobs-stellt-das-macbook-air-vor-117649\/\" \/>\n\t\t<meta property=\"og:image\" content=\"https:\/\/images.ifun.de\/wp-content\/uploads\/2018\/01\/steve-jobs-stellt-macbook-air-vor-1.jpg\" \/>\n\t\t<meta property=\"og:image:secure_url\" content=\"https:\/\/images.ifun.de\/wp-content\/uploads\/2018\/01\/steve-jobs-stellt-macbook-air-vor-1.jpg\" \/>\n\t\t<meta property=\"og:image:width\" content=\"960\" \/>\n\t\t<meta property=\"og:image:height\" content=\"378\" \/>\n\t\t<meta property=\"article:published_time\" content=\"2018-01-16T19:31:47+00:00\" \/>\n\t\t<meta property=\"article:modified_time\" content=\"2018-01-16T19:34:13+00:00\" \/>\n\t\t<meta property=\"article:publisher\" content=\"https:\/\/facebook.com\/ifun.de\" \/>\n\t\t<meta name=\"twitter:card\" content=\"summary_large_image\" \/>\n\t\t<meta name=\"twitter:site\" content=\"@ifun_news\" \/>\n\t\t<meta name=\"twitter:title\" content=\"Vor zehn Jahren: Steve Jobs stellt das MacBook Air vor | ifun.de\" \/>\n\t\t<meta name=\"twitter:description\" content=\"Das MacBook Air feiert einen runden Geburtstag. Vor zehn Jahren hat Steve Jobs das \u201ed\u00fcnnste Notebook der Welt\u201c auf der damals noch allj\u00e4hrlich in San Francisco abgehaltenen Apple-Messe Macworld vorgestellt. Die Pr\u00e4sentation war ganz nach dem Geschmack des ehemaligen Apple-Chefs, Jobs zauberte das f\u00fcr die damalige Zeit extrem d\u00fcnne Ger\u00e4t aus einem Versandumschlag hervor und\" \/>\n\t\t<meta name=\"twitter:creator\" content=\"@ifun_news\" \/>\n\t\t<meta name=\"twitter:image\" content=\"https:\/\/images.ifun.de\/wp-content\/uploads\/2018\/01\/steve-jobs-stellt-macbook-air-vor-1.jpg\" \/>\n\t\t<script type=\"application\/ld+json\" class=\"aioseo-schema\">\n\t\t\t{\"@context\":\"https:\\\/\\\/schema.org\",\"@graph\":[{\"@type\":\"Article\",\"@id\":\"https:\\\/\\\/www.ifun.de\\\/vor-zehn-jahren-steve-jobs-stellt-das-macbook-air-vor-117649\\\/#article\",\"name\":\"Vor zehn Jahren: Steve Jobs stellt das MacBook Air vor | ifun.de\",\"headline\":\"Vor zehn Jahren: Steve Jobs stellt das MacBook Air vor\",\"author\":{\"@id\":\"https:\\\/\\\/www.ifun.de\\\/author\\\/chris\\\/#author\"},\"publisher\":{\"@id\":\"https:\\\/\\\/www.ifun.de\\\/#organization\"},\"image\":{\"@type\":\"ImageObject\",\"url\":\"https:\\\/\\\/images.ifun.de\\\/wp-content\\\/uploads\\\/2018\\\/01\\\/steve-jobs-stellt-macbook-air-vor-1.jpg\",\"width\":960,\"height\":378,\"caption\":\"Steve Jobs Stellt Macbook Air Vor\"},\"datePublished\":\"2018-01-16T20:31:47+01:00\",\"dateModified\":\"2018-01-16T20:34:13+01:00\",\"inLanguage\":\"de-DE\",\"commentCount\":41,\"mainEntityOfPage\":{\"@id\":\"https:\\\/\\\/www.ifun.de\\\/vor-zehn-jahren-steve-jobs-stellt-das-macbook-air-vor-117649\\\/#webpage\"},\"isPartOf\":{\"@id\":\"https:\\\/\\\/www.ifun.de\\\/vor-zehn-jahren-steve-jobs-stellt-das-macbook-air-vor-117649\\\/#webpage\"},\"articleSection\":\"Mac, 2008, MacBook Air, Macworld, Steve Jobs\"},{\"@type\":\"BreadcrumbList\",\"@id\":\"https:\\\/\\\/www.ifun.de\\\/vor-zehn-jahren-steve-jobs-stellt-das-macbook-air-vor-117649\\\/#breadcrumblist\",\"itemListElement\":[{\"@type\":\"ListItem\",\"@id\":\"https:\\\/\\\/www.ifun.de#listItem\",\"position\":1,\"name\":\"Home\",\"item\":\"https:\\\/\\\/www.ifun.de\",\"nextItem\":{\"@type\":\"ListItem\",\"@id\":\"https:\\\/\\\/www.ifun.de\\\/category\\\/mac\\\/#listItem\",\"name\":\"Mac\"}},{\"@type\":\"ListItem\",\"@id\":\"https:\\\/\\\/www.ifun.de\\\/category\\\/mac\\\/#listItem\",\"position\":2,\"name\":\"Mac\",\"item\":\"https:\\\/\\\/www.ifun.de\\\/category\\\/mac\\\/\",\"nextItem\":{\"@type\":\"ListItem\",\"@id\":\"https:\\\/\\\/www.ifun.de\\\/vor-zehn-jahren-steve-jobs-stellt-das-macbook-air-vor-117649\\\/#listItem\",\"name\":\"Vor zehn Jahren: Steve Jobs stellt das MacBook Air vor\"},\"previousItem\":{\"@type\":\"ListItem\",\"@id\":\"https:\\\/\\\/www.ifun.de#listItem\",\"name\":\"Home\"}},{\"@type\":\"ListItem\",\"@id\":\"https:\\\/\\\/www.ifun.de\\\/vor-zehn-jahren-steve-jobs-stellt-das-macbook-air-vor-117649\\\/#listItem\",\"position\":3,\"name\":\"Vor zehn Jahren: Steve Jobs stellt das MacBook Air vor\",\"previousItem\":{\"@type\":\"ListItem\",\"@id\":\"https:\\\/\\\/www.ifun.de\\\/category\\\/mac\\\/#listItem\",\"name\":\"Mac\"}}]},{\"@type\":\"Organization\",\"@id\":\"https:\\\/\\\/www.ifun.de\\\/#organization\",\"name\":\"ifun.de\",\"description\":\"Apple-News seit 2001\",\"url\":\"https:\\\/\\\/www.ifun.de\\\/\",\"telephone\":\"+493057707123\",\"logo\":{\"@type\":\"ImageObject\",\"url\":\"https:\\\/\\\/images.ifun.de\\\/wp-content\\\/uploads\\\/2026\\\/02\\\/apple-touch-icon.png\",\"@id\":\"https:\\\/\\\/www.ifun.de\\\/vor-zehn-jahren-steve-jobs-stellt-das-macbook-air-vor-117649\\\/#organizationLogo\",\"width\":512,\"height\":512,\"caption\":\"Apple Touch Icon\"},\"image\":{\"@id\":\"https:\\\/\\\/www.ifun.de\\\/vor-zehn-jahren-steve-jobs-stellt-das-macbook-air-vor-117649\\\/#organizationLogo\"},\"sameAs\":[\"https:\\\/\\\/facebook.com\\\/ifun.de\",\"https:\\\/\\\/x.com\\\/ifun_news\"]},{\"@type\":\"Person\",\"@id\":\"https:\\\/\\\/www.ifun.de\\\/author\\\/chris\\\/#author\",\"url\":\"https:\\\/\\\/www.ifun.de\\\/author\\\/chris\\\/\",\"name\":\"Chris\"},{\"@type\":\"WebPage\",\"@id\":\"https:\\\/\\\/www.ifun.de\\\/vor-zehn-jahren-steve-jobs-stellt-das-macbook-air-vor-117649\\\/#webpage\",\"url\":\"https:\\\/\\\/www.ifun.de\\\/vor-zehn-jahren-steve-jobs-stellt-das-macbook-air-vor-117649\\\/\",\"name\":\"Vor zehn Jahren: Steve Jobs stellt das MacBook Air vor | ifun.de\",\"description\":\"Das MacBook Air feiert einen runden Geburtstag. Vor zehn Jahren hat Steve Jobs das \\u201ed\\u00fcnnste Notebook der Welt\\u201c auf der damals noch allj\\u00e4hrlich in San Francisco abgehaltenen Apple-Messe Macworld vorgestellt. Die Pr\\u00e4sentation war ganz nach dem Geschmack des ehemaligen Apple-Chefs, Jobs zauberte das f\\u00fcr die damalige Zeit extrem d\\u00fcnne Ger\\u00e4t aus einem Versandumschlag hervor und\",\"inLanguage\":\"de-DE\",\"isPartOf\":{\"@id\":\"https:\\\/\\\/www.ifun.de\\\/#website\"},\"breadcrumb\":{\"@id\":\"https:\\\/\\\/www.ifun.de\\\/vor-zehn-jahren-steve-jobs-stellt-das-macbook-air-vor-117649\\\/#breadcrumblist\"},\"author\":{\"@id\":\"https:\\\/\\\/www.ifun.de\\\/author\\\/chris\\\/#author\"},\"creator\":{\"@id\":\"https:\\\/\\\/www.ifun.de\\\/author\\\/chris\\\/#author\"},\"image\":{\"@type\":\"ImageObject\",\"url\":\"https:\\\/\\\/images.ifun.de\\\/wp-content\\\/uploads\\\/2018\\\/01\\\/steve-jobs-stellt-macbook-air-vor-1.jpg\",\"@id\":\"https:\\\/\\\/www.ifun.de\\\/vor-zehn-jahren-steve-jobs-stellt-das-macbook-air-vor-117649\\\/#mainImage\",\"width\":960,\"height\":378,\"caption\":\"Steve Jobs Stellt Macbook Air Vor\"},\"primaryImageOfPage\":{\"@id\":\"https:\\\/\\\/www.ifun.de\\\/vor-zehn-jahren-steve-jobs-stellt-das-macbook-air-vor-117649\\\/#mainImage\"},\"datePublished\":\"2018-01-16T20:31:47+01:00\",\"dateModified\":\"2018-01-16T20:34:13+01:00\"},{\"@type\":\"WebSite\",\"@id\":\"https:\\\/\\\/www.ifun.de\\\/#website\",\"url\":\"https:\\\/\\\/www.ifun.de\\\/\",\"name\":\"ifun.de\",\"description\":\"Apple-News seit 2001\",\"inLanguage\":\"de-DE\",\"publisher\":{\"@id\":\"https:\\\/\\\/www.ifun.de\\\/#organization\"}}]}\n\t\t<\/script>\n\t\t<!-- All in One SEO Pro -->\r\n\t\t<title>Vor zehn Jahren: Steve Jobs stellt das MacBook Air vor | ifun.de<\/title>\n\n","aioseo_head_json":{"title":"Vor zehn Jahren: Steve Jobs stellt das MacBook Air vor | ifun.de","description":"Das MacBook Air feiert einen runden Geburtstag. Vor zehn Jahren hat Steve Jobs das \u201ed\u00fcnnste Notebook der Welt\u201c auf der damals noch allj\u00e4hrlich in San Francisco abgehaltenen Apple-Messe Macworld vorgestellt. Die Pr\u00e4sentation war ganz nach dem Geschmack des ehemaligen Apple-Chefs, Jobs zauberte das f\u00fcr die damalige Zeit extrem d\u00fcnne Ger\u00e4t aus einem Versandumschlag hervor und","canonical_url":"https:\/\/www.ifun.de\/vor-zehn-jahren-steve-jobs-stellt-das-macbook-air-vor-117649\/","robots":"max-image-preview:large","keywords":"","webmasterTools":{"google-site-verification":"uH_IhWlZO-QDb51DGwVoGT_GCZmfJp98klL3XmbE3ow","miscellaneous":""},"schema":{"@context":"https:\/\/schema.org","@graph":[{"@type":"Article","@id":"https:\/\/www.ifun.de\/vor-zehn-jahren-steve-jobs-stellt-das-macbook-air-vor-117649\/#article","name":"Vor zehn Jahren: Steve Jobs stellt das MacBook Air vor | ifun.de","headline":"Vor zehn Jahren: Steve Jobs stellt das MacBook Air vor","author":{"@id":"https:\/\/www.ifun.de\/author\/chris\/#author"},"publisher":{"@id":"https:\/\/www.ifun.de\/#organization"},"image":{"@type":"ImageObject","url":"https:\/\/images.ifun.de\/wp-content\/uploads\/2018\/01\/steve-jobs-stellt-macbook-air-vor-1.jpg","width":960,"height":378,"caption":"Steve Jobs Stellt Macbook Air Vor"},"datePublished":"2018-01-16T20:31:47+01:00","dateModified":"2018-01-16T20:34:13+01:00","inLanguage":"de-DE","commentCount":41,"mainEntityOfPage":{"@id":"https:\/\/www.ifun.de\/vor-zehn-jahren-steve-jobs-stellt-das-macbook-air-vor-117649\/#webpage"},"isPartOf":{"@id":"https:\/\/www.ifun.de\/vor-zehn-jahren-steve-jobs-stellt-das-macbook-air-vor-117649\/#webpage"},"articleSection":"Mac, 2008, MacBook Air, Macworld, Steve Jobs"},{"@type":"BreadcrumbList","@id":"https:\/\/www.ifun.de\/vor-zehn-jahren-steve-jobs-stellt-das-macbook-air-vor-117649\/#breadcrumblist","itemListElement":[{"@type":"ListItem","@id":"https:\/\/www.ifun.de#listItem","position":1,"name":"Home","item":"https:\/\/www.ifun.de","nextItem":{"@type":"ListItem","@id":"https:\/\/www.ifun.de\/category\/mac\/#listItem","name":"Mac"}},{"@type":"ListItem","@id":"https:\/\/www.ifun.de\/category\/mac\/#listItem","position":2,"name":"Mac","item":"https:\/\/www.ifun.de\/category\/mac\/","nextItem":{"@type":"ListItem","@id":"https:\/\/www.ifun.de\/vor-zehn-jahren-steve-jobs-stellt-das-macbook-air-vor-117649\/#listItem","name":"Vor zehn Jahren: Steve Jobs stellt das MacBook Air vor"},"previousItem":{"@type":"ListItem","@id":"https:\/\/www.ifun.de#listItem","name":"Home"}},{"@type":"ListItem","@id":"https:\/\/www.ifun.de\/vor-zehn-jahren-steve-jobs-stellt-das-macbook-air-vor-117649\/#listItem","position":3,"name":"Vor zehn Jahren: Steve Jobs stellt das MacBook Air vor","previousItem":{"@type":"ListItem","@id":"https:\/\/www.ifun.de\/category\/mac\/#listItem","name":"Mac"}}]},{"@type":"Organization","@id":"https:\/\/www.ifun.de\/#organization","name":"ifun.de","description":"Apple-News seit 2001","url":"https:\/\/www.ifun.de\/","telephone":"+493057707123","logo":{"@type":"ImageObject","url":"https:\/\/images.ifun.de\/wp-content\/uploads\/2026\/02\/apple-touch-icon.png","@id":"https:\/\/www.ifun.de\/vor-zehn-jahren-steve-jobs-stellt-das-macbook-air-vor-117649\/#organizationLogo","width":512,"height":512,"caption":"Apple Touch Icon"},"image":{"@id":"https:\/\/www.ifun.de\/vor-zehn-jahren-steve-jobs-stellt-das-macbook-air-vor-117649\/#organizationLogo"},"sameAs":["https:\/\/facebook.com\/ifun.de","https:\/\/x.com\/ifun_news"]},{"@type":"Person","@id":"https:\/\/www.ifun.de\/author\/chris\/#author","url":"https:\/\/www.ifun.de\/author\/chris\/","name":"Chris"},{"@type":"WebPage","@id":"https:\/\/www.ifun.de\/vor-zehn-jahren-steve-jobs-stellt-das-macbook-air-vor-117649\/#webpage","url":"https:\/\/www.ifun.de\/vor-zehn-jahren-steve-jobs-stellt-das-macbook-air-vor-117649\/","name":"Vor zehn Jahren: Steve Jobs stellt das MacBook Air vor | ifun.de","description":"Das MacBook Air feiert einen runden Geburtstag. Vor zehn Jahren hat Steve Jobs das \u201ed\u00fcnnste Notebook der Welt\u201c auf der damals noch allj\u00e4hrlich in San Francisco abgehaltenen Apple-Messe Macworld vorgestellt. Die Pr\u00e4sentation war ganz nach dem Geschmack des ehemaligen Apple-Chefs, Jobs zauberte das f\u00fcr die damalige Zeit extrem d\u00fcnne Ger\u00e4t aus einem Versandumschlag hervor und","inLanguage":"de-DE","isPartOf":{"@id":"https:\/\/www.ifun.de\/#website"},"breadcrumb":{"@id":"https:\/\/www.ifun.de\/vor-zehn-jahren-steve-jobs-stellt-das-macbook-air-vor-117649\/#breadcrumblist"},"author":{"@id":"https:\/\/www.ifun.de\/author\/chris\/#author"},"creator":{"@id":"https:\/\/www.ifun.de\/author\/chris\/#author"},"image":{"@type":"ImageObject","url":"https:\/\/images.ifun.de\/wp-content\/uploads\/2018\/01\/steve-jobs-stellt-macbook-air-vor-1.jpg","@id":"https:\/\/www.ifun.de\/vor-zehn-jahren-steve-jobs-stellt-das-macbook-air-vor-117649\/#mainImage","width":960,"height":378,"caption":"Steve Jobs Stellt Macbook Air Vor"},"primaryImageOfPage":{"@id":"https:\/\/www.ifun.de\/vor-zehn-jahren-steve-jobs-stellt-das-macbook-air-vor-117649\/#mainImage"},"datePublished":"2018-01-16T20:31:47+01:00","dateModified":"2018-01-16T20:34:13+01:00"},{"@type":"WebSite","@id":"https:\/\/www.ifun.de\/#website","url":"https:\/\/www.ifun.de\/","name":"ifun.de","description":"Apple-News seit 2001","inLanguage":"de-DE","publisher":{"@id":"https:\/\/www.ifun.de\/#organization"}}]},"og:locale":"de_DE","og:site_name":"ifun.de | Apple-News seit 2001","og:type":"article","og:title":"Vor zehn Jahren: Steve Jobs stellt das MacBook Air vor | ifun.de","og:description":"Das MacBook Air feiert einen runden Geburtstag. Vor zehn Jahren hat Steve Jobs das \u201ed\u00fcnnste Notebook der Welt\u201c auf der damals noch allj\u00e4hrlich in San Francisco abgehaltenen Apple-Messe Macworld vorgestellt. Die Pr\u00e4sentation war ganz nach dem Geschmack des ehemaligen Apple-Chefs, Jobs zauberte das f\u00fcr die damalige Zeit extrem d\u00fcnne Ger\u00e4t aus einem Versandumschlag hervor und","og:url":"https:\/\/www.ifun.de\/vor-zehn-jahren-steve-jobs-stellt-das-macbook-air-vor-117649\/","og:image":"https:\/\/images.ifun.de\/wp-content\/uploads\/2018\/01\/steve-jobs-stellt-macbook-air-vor-1.jpg","og:image:secure_url":"https:\/\/images.ifun.de\/wp-content\/uploads\/2018\/01\/steve-jobs-stellt-macbook-air-vor-1.jpg","og:image:width":960,"og:image:height":378,"article:published_time":"2018-01-16T19:31:47+00:00","article:modified_time":"2018-01-16T19:34:13+00:00","article:publisher":"https:\/\/facebook.com\/ifun.de","twitter:card":"summary_large_image","twitter:site":"@ifun_news","twitter:title":"Vor zehn Jahren: Steve Jobs stellt das MacBook Air vor | ifun.de","twitter:description":"Das MacBook Air feiert einen runden Geburtstag. Vor zehn Jahren hat Steve Jobs das \u201ed\u00fcnnste Notebook der Welt\u201c auf der damals noch allj\u00e4hrlich in San Francisco abgehaltenen Apple-Messe Macworld vorgestellt. Die Pr\u00e4sentation war ganz nach dem Geschmack des ehemaligen Apple-Chefs, Jobs zauberte das f\u00fcr die damalige Zeit extrem d\u00fcnne Ger\u00e4t aus einem Versandumschlag hervor und","twitter:creator":"@ifun_news","twitter:image":"https:\/\/images.ifun.de\/wp-content\/uploads\/2018\/01\/steve-jobs-stellt-macbook-air-vor-1.jpg"},"aioseo_meta_data":{"post_id":"117649","title":null,"description":null,"keywords":null,"keyphrases":null,"primary_term":null,"canonical_url":null,"og_title":null,"og_description":null,"og_object_type":"default","og_image_type":"default","og_image_url":null,"og_image_width":null,"og_image_height":null,"og_image_custom_url":null,"og_image_custom_fields":null,"og_video":null,"og_custom_url":null,"og_article_section":null,"og_article_tags":null,"twitter_use_og":false,"twitter_card":"default","twitter_image_type":"default","twitter_image_url":null,"twitter_image_custom_url":null,"twitter_image_custom_fields":null,"twitter_title":null,"twitter_description":null,"schema":{"blockGraphs":[],"customGraphs":[],"default":{"data":{"Article":[],"Course":[],"Dataset":[],"FAQPage":[],"Movie":[],"Person":[],"Product":[],"ProductReview":[],"Car":[],"Recipe":[],"Service":[],"SoftwareApplication":[],"WebPage":[]},"graphName":"Article","isEnabled":true},"graphs":[]},"schema_type":"default","schema_type_options":null,"pillar_content":false,"robots_default":true,"robots_noindex":false,"robots_noarchive":false,"robots_nosnippet":false,"robots_nofollow":false,"robots_noimageindex":false,"robots_noodp":false,"robots_notranslate":false,"robots_max_snippet":null,"robots_max_videopreview":null,"robots_max_imagepreview":"large","priority":null,"frequency":null,"local_seo":null,"seo_analyzer_scan_date":null,"breadcrumb_settings":null,"limit_modified_date":false,"reviewed_by":null,"open_ai":null,"ai":null,"created":"2026-02-25 18:37:19","updated":"2026-02-25 18:37:19","focus_keyword":null,"additional_keywords":null,"truseo_locale":null},"aioseo_breadcrumb":"<div class=\"aioseo-breadcrumbs\"><span class=\"aioseo-breadcrumb\">\n\t<a href=\"https:\/\/www.ifun.de\" title=\"Home\">Home<\/a>\n<\/span><span class=\"aioseo-breadcrumb-separator\">\u00bb<\/span><span class=\"aioseo-breadcrumb\">\n\t<a href=\"https:\/\/www.ifun.de\/category\/mac\/\" title=\"Mac\">Mac<\/a>\n<\/span><span class=\"aioseo-breadcrumb-separator\">\u00bb<\/span><span class=\"aioseo-breadcrumb\">\n\tVor zehn Jahren: Steve Jobs stellt das MacBook Air vor\n<\/span><\/div>","aioseo_breadcrumb_json":[{"label":"Home","link":"https:\/\/www.ifun.de"},{"label":"Mac","link":"https:\/\/www.ifun.de\/category\/mac\/"},{"label":"Vor zehn Jahren: Steve Jobs stellt das MacBook Air vor","link":"https:\/\/www.ifun.de\/vor-zehn-jahren-steve-jobs-stellt-das-macbook-air-vor-117649\/"}],"featured_image":["https:\/\/images.ifun.de\/wp-content\/uploads\/2018\/01\/steve-jobs-stellt-macbook-air-vor-1.jpg"],"subheadline":["\"D\u00fcnnstes Notebook der Welt\""],"rest_api_enabler":{"featured_image":"https:\/\/images.ifun.de\/wp-content\/uploads\/2018\/01\/steve-jobs-stellt-macbook-air-vor-1.jpg","subheadline":"\"D\u00fcnnstes Notebook der Welt\""},"_links":{"self":[{"href":"https:\/\/www.ifun.de\/apiv2\/wp\/v2\/posts\/117649","targetHints":{"allow":["GET"]}}],"collection":[{"href":"https:\/\/www.ifun.de\/apiv2\/wp\/v2\/posts"}],"about":[{"href":"https:\/\/www.ifun.de\/apiv2\/wp\/v2\/types\/post"}],"author":[{"embeddable":true,"href":"https:\/\/www.ifun.de\/apiv2\/wp\/v2\/users\/2"}],"replies":[{"embeddable":true,"href":"https:\/\/www.ifun.de\/apiv2\/wp\/v2\/comments?post=117649"}],"version-history":[{"count":5,"href":"https:\/\/www.ifun.de\/apiv2\/wp\/v2\/posts\/117649\/revisions"}],"predecessor-version":[{"id":117658,"href":"https:\/\/www.ifun.de\/apiv2\/wp\/v2\/posts\/117649\/revisions\/117658"}],"wp:featuredmedia":[{"embeddable":true,"href":"https:\/\/www.ifun.de\/apiv2\/wp\/v2\/media\/117653"}],"wp:attachment":[{"href":"https:\/\/www.ifun.de\/apiv2\/wp\/v2\/media?parent=117649"}],"wp:term":[{"taxonomy":"category","embeddable":true,"href":"https:\/\/www.ifun.de\/apiv2\/wp\/v2\/categories?post=117649"},{"taxonomy":"post_tag","embeddable":true,"href":"https:\/\/www.ifun.de\/apiv2\/wp\/v2\/tags?post=117649"}],"curies":[{"name":"wp","href":"https:\/\/api.w.org\/{rel}","templated":true}]}}