{"id":117592,"date":"2018-01-15T18:28:22","date_gmt":"2018-01-15T17:28:22","guid":{"rendered":"https:\/\/www.ifun.de\/?p=117592"},"modified":"2018-01-15T18:28:41","modified_gmt":"2018-01-15T17:28:41","slug":"macbook-pro-auch-2018-ohne-hardware-update","status":"publish","type":"post","link":"https:\/\/www.ifun.de\/macbook-pro-auch-2018-ohne-hardware-update-117592\/","title":{"rendered":"MacBook Pro: Auch 2018 ohne Hardware-Update"},"content":{"rendered":"<p>Die <a href=\"http:\/\/www.digitimes.com\/news\/a20180115PD209.html\">Update-Prognosen<\/a> der DigiTimes erreichen uns ausgerechnet zum zehnj\u00e4hrigen Geburtstag <a href=\"https:\/\/www.apple.com\/de\/macbook-air\/\">des MacBook Air<\/a>.<\/p>\n<p><a href=\"https:\/\/images.ifun.de\/wp-content\/uploads\/2015\/04\/macbook-vs-air-header.jpg\"><img decoding=\"async\" class=\"aligncenter size-full wp-image-75322\" src=\"https:\/\/images.ifun.de\/wp-content\/uploads\/2015\/04\/macbook-vs-air-header.jpg\" alt=\"\" width=\"500\" srcset=\"https:\/\/images.ifun.de\/wp-content\/uploads\/2015\/04\/macbook-vs-air-header.jpg 640w, https:\/\/images.ifun.de\/wp-content\/uploads\/2015\/04\/macbook-vs-air-header-300x118.jpg 300w\" sizes=\"(max-width: 640px) 100vw, 640px\" \/><\/a><\/p>\n<p>W\u00e4hrend das schmale, $1800 teure MacBook Air in den Augen vieler Nutzer ein nahezu perfektes Deb\u00fct hinlegte und sich in den zur\u00fcckliegenden zehn Jahren als hervorragender Alltagsbegleiter etabliert hat, der sich auch heute noch gut verkauft, stie\u00df das aktuelle MacBook Pro auf eine durchwachsene Resonanz.<\/p>\n<p>Apples, im Herbst 2016 neu vorgestellter Profi-Laptop geizte mit Anschl\u00fcsse, setzte auf die ber\u00fchrungsempfindliche Eingabeleiste &#8222;Touch Bar&#8220;, die in weiten Teilen der Community inzwischen als missgl\u00fccktes Experiment Cupertinos gewertet wird und trat mit einer neuen Tastatur an, die <a href=\"https:\/\/www.ifun.de\/macbook-tastatur-kritik-wird-deutlich-lauter-114295\/\">deutlich fehleranf\u00e4lliger<\/a> als all ihre Vorg\u00e4nger zu arbeiten schien.<\/p>\n<ul>\n<li><a title=\"MacBook Pro: Tastatur-Kritik wird deutlich lauter\" href=\"https:\/\/www.ifun.de\/macbook-tastatur-kritik-wird-deutlich-lauter-114295\/\">MacBook Pro: Tastatur-Kritik wird deutlich lauter<\/a><\/li>\n<li><a title=\"MacBook-Tastatur: Vom Staubkr\u00fcmel zum Austausch\" href=\"https:\/\/www.ifun.de\/macbook-tastatur-vom-staubkruemel-zum-austausch-114232\/\">MacBook-Tastatur: Vom Staubkr\u00fcmel zum Austausch<\/a><\/li>\n<li><a title=\"Touch Bar: Zwischenfazit nach zehn Monaten\" href=\"https:\/\/www.ifun.de\/touch-bar-zwischenfazit-nach-zehn-monaten-111618\/\">Touch Bar: Zwischenfazit nach zehn Monaten<\/a><\/li>\n<\/ul>\n<p>Kurz: Anders als das MacBook Air legte das MacBook Pro keine Punktlandung hin &#8211; seit Ende 2016 wartet die Zielgruppe auf ein Hardware-Update, mit dem Apple auf die Kritik des letzten Jahres reagiert.<\/p>\n<p>Solltet ihr zu den Wartenden geh\u00f6ren, dann m\u00fcsst ihr euch laut DigiTimes noch ein wenig mehr gedulden. Unter Berufung auf die mit der MacBook Pro-Fertigung beauftragten Zulieferer schreibt das Branchenblatt:<\/p>\n<blockquote><p>The sources revealed that Foxconn had been aggressively working to land more MacBook orders from Apple during the past few years by offering attractive quotes. Since Apple has not had a major upgrade to its MacBook product line since the releases of its new MacBook Pro devices at the end of 2016 and has no plan for one in 2018, the US-based vendor is planning to shift orders for models that are already in mass production to Foxconn to save costs and reduce risks.<\/p><\/blockquote>\n<h2>Zum 10. Geburtstag des MacBook Air<\/h2>\n<p><div class=\"responsive-video\"><iframe loading=\"lazy\" src=\"https:\/\/www.youtube-nocookie.com\/embed\/vyr-tngrmNI\" width=\"700\" height=\"371\" frameborder=\"0\" allowfullscreen=\"allowfullscreen\"><\/iframe><\/div><\/p>\n","protected":false},"excerpt":{"rendered":"<a href=\"https:\/\/www.ifun.de\/macbook-pro-auch-2018-ohne-hardware-update-117592\/\"><img width=\"150\" height=\"150\" src=\"https:\/\/images.ifun.de\/wp-content\/uploads\/2018\/01\/macbook-air-150x150.jpg\" class=\"alignright tfe wp-post-image\" alt=\"Macbook Air\" decoding=\"async\" loading=\"lazy\" \/><\/a><p>Die Update-Prognosen der DigiTimes erreichen uns ausgerechnet zum zehnj\u00e4hrigen Geburtstag des MacBook Air. W\u00e4hrend das schmale, $1800 teure MacBook Air in den Augen vieler Nutzer ein nahezu perfektes Deb\u00fct hinlegte und sich in den zur\u00fcckliegenden zehn Jahren als hervorragender Alltagsbegleiter etabliert hat, der sich auch heute noch gut verkauft, stie\u00df das aktuelle MacBook Pro auf [&hellip;]<\/p>\n","protected":false},"author":1,"featured_media":117594,"comment_status":"open","ping_status":"closed","sticky":false,"template":"","format":"standard","meta":{"_acf_changed":false,"footnotes":""},"categories":[3],"tags":[344,224],"class_list":["post-117592","post","type-post","status-publish","format-standard","has-post-thumbnail","hentry","category-apple","tag-macbook-air","tag-macbook-pro"],"acf":[],"aioseo_notices":[],"subheadline":["Zehn Jahre MacBook Air"],"featured_image":["https:\/\/images.ifun.de\/wp-content\/uploads\/2018\/01\/macbook-air.jpg"],"rest_api_enabler":{"subheadline":"Zehn Jahre MacBook Air","featured_image":"https:\/\/images.ifun.de\/wp-content\/uploads\/2018\/01\/macbook-air.jpg"},"_links":{"self":[{"href":"https:\/\/www.ifun.de\/apiv2\/wp\/v2\/posts\/117592","targetHints":{"allow":["GET"]}}],"collection":[{"href":"https:\/\/www.ifun.de\/apiv2\/wp\/v2\/posts"}],"about":[{"href":"https:\/\/www.ifun.de\/apiv2\/wp\/v2\/types\/post"}],"author":[{"embeddable":true,"href":"https:\/\/www.ifun.de\/apiv2\/wp\/v2\/users\/1"}],"replies":[{"embeddable":true,"href":"https:\/\/www.ifun.de\/apiv2\/wp\/v2\/comments?post=117592"}],"version-history":[{"count":3,"href":"https:\/\/www.ifun.de\/apiv2\/wp\/v2\/posts\/117592\/revisions"}],"predecessor-version":[{"id":117596,"href":"https:\/\/www.ifun.de\/apiv2\/wp\/v2\/posts\/117592\/revisions\/117596"}],"wp:featuredmedia":[{"embeddable":true,"href":"https:\/\/www.ifun.de\/apiv2\/wp\/v2\/media\/117594"}],"wp:attachment":[{"href":"https:\/\/www.ifun.de\/apiv2\/wp\/v2\/media?parent=117592"}],"wp:term":[{"taxonomy":"category","embeddable":true,"href":"https:\/\/www.ifun.de\/apiv2\/wp\/v2\/categories?post=117592"},{"taxonomy":"post_tag","embeddable":true,"href":"https:\/\/www.ifun.de\/apiv2\/wp\/v2\/tags?post=117592"}],"curies":[{"name":"wp","href":"https:\/\/api.w.org\/{rel}","templated":true}]}}