{"id":117586,"date":"2018-01-15T17:21:58","date_gmt":"2018-01-15T16:21:58","guid":{"rendered":"https:\/\/www.ifun.de\/?p=117586"},"modified":"2018-01-15T17:22:31","modified_gmt":"2018-01-15T16:22:31","slug":"homepage-uebernahme-apple-erinnert-an-martin-luther-king","status":"publish","type":"post","link":"https:\/\/www.ifun.de\/homepage-uebernahme-apple-erinnert-an-martin-luther-king-117586\/","title":{"rendered":"Homepage-\u00dcbernahme: Apple erinnert an Martin Luther King"},"content":{"rendered":"<p>Aus Anlass des Martin Luther King-Tages, ein amerikanischer Feiertag, der in den USA traditionell am 3. Montag im Januar stattfindet und an die gewaltfreie Protestbewegung des B\u00fcrgerrechtlers erinnert, hat Cupertino heute die eigene Webseite <a href=\"http:\/\/Apple.com\">Apple.com<\/a> \u00fcberarbeitet und erinnert mit einer Portr\u00e4t-Aufnahme der &#8222;I Have a Dream&#8220;-Rede an den 1929 geborenen Pastor.  <\/p>\n<p><a href=\"https:\/\/images.ifun.de\/wp-content\/uploads\/2018\/01\/mlk-safari.jpg\"><img decoding=\"async\" src=\"https:\/\/images.ifun.de\/wp-content\/uploads\/2018\/01\/mlk-safari.jpg\" alt=\"Mlk Safari\" width=\"500\" class=\"aligncenter size-full wp-image-117588\" srcset=\"https:\/\/images.ifun.de\/wp-content\/uploads\/2018\/01\/mlk-safari.jpg 1000w, https:\/\/images.ifun.de\/wp-content\/uploads\/2018\/01\/mlk-safari-300x185.jpg 300w, https:\/\/images.ifun.de\/wp-content\/uploads\/2018\/01\/mlk-safari-768x473.jpg 768w\" sizes=\"(max-width: 1000px) 100vw, 1000px\" \/><\/a><\/p>\n<h2>The time is always right to do what is right.<\/h2>\n<p>Das Foto wird von dem Zitat \u201cThe time is always right to do what is right\u201d flankiert &#8211; auf der deutschen Apple-Webseite <a href=\"http:\/\/apple.com\/de\">apple.com\/de<\/a> fehlt der Hinweis auf den B\u00fcrgerrechtler hingegen. <\/p>\n<p>Alte Mac-Nutzer werden sich an die Darstellung Martin Luther Kings in Apples &#8222;<a href=\"https:\/\/en.wikipedia.org\/wiki\/Think_different\">Think Different<\/a>&#8220; Werbekampagne erinnern. Die 1997 angesto\u00dfene Marketing-Kampagne zeigte neben Albert Einstein, Bob Dylan und John Lennon auch den bekannteste Sprecher der US-amerikanischen B\u00fcrgerrechtsbewegung und brachte das Selbstverst\u00e4ndnis des Computer-Konzerns in dem Text &#8222;Here\u2019s to the crazy ones&#8220; auf dem Punkt: <\/p>\n<blockquote><p>Here\u2019s to the crazy ones. The misfits. The rebels. The troublemakers. The round pegs in the square holes. The ones who see things differently. They\u2019re not fond of rules. And they have no respect for the status quo. You can quote them, disagree with them, glorify or vilify them. About the only thing you can\u2019t do is ignore them. Because they change things. They push the human race forward. And while some may see them as the crazy ones, we see genius. Because the people who are crazy enough to think they can change the world, are the ones who do.<\/p><\/blockquote>\n<p><div class=\"responsive-video\"><iframe loading=\"lazy\" width=\"700\" height=\"371\" src=\"https:\/\/www.youtube-nocookie.com\/embed\/cFEarBzelBs\" frameborder=\"0\" allowfullscreen><\/iframe><\/div><\/p>\n<p>Apple erinnerte zuletzt 2015 mit einer Homepage-\u00dcbernahme an den B\u00fcrgerrechtler, den Apple-Chef Tim Cook heute auch auf dem Kurznachrichtenportal Twitter <a href=\"https:\/\/twitter.com\/tim_cook\/status\/952895400477773824\">erw\u00e4hnte<\/a>. Hier schrieb der Apple CEO in Anspielung auf ein <a href=\"https:\/\/www.brainyquote.com\/quotes\/martin_luther_king_jr_101472\">bekanntes Martin Luther King-Zitat<\/a> &#8222;lasst uns gemeinsam Licht und Liebe finden&#8220;<\/p>\n","protected":false},"excerpt":{"rendered":"<a href=\"https:\/\/www.ifun.de\/homepage-uebernahme-apple-erinnert-an-martin-luther-king-117586\/\"><img width=\"150\" height=\"150\" src=\"https:\/\/images.ifun.de\/wp-content\/uploads\/2018\/01\/apple-homepage-150x150.jpg\" class=\"alignright tfe wp-post-image\" alt=\"Apple Homepage\" decoding=\"async\" loading=\"lazy\" \/><\/a><p>Aus Anlass des Martin Luther King-Tages, ein amerikanischer Feiertag, der in den USA traditionell am 3. Montag im Januar stattfindet und an die gewaltfreie Protestbewegung des B\u00fcrgerrechtlers erinnert, hat Cupertino heute die eigene Webseite Apple.com \u00fcberarbeitet und erinnert mit einer Portr\u00e4t-Aufnahme der &#8222;I Have a Dream&#8220;-Rede an den 1929 geborenen Pastor. The time is always [&hellip;]<\/p>\n","protected":false},"author":1,"featured_media":117589,"comment_status":"open","ping_status":"closed","sticky":false,"template":"","format":"standard","meta":{"_acf_changed":false,"footnotes":""},"categories":[3],"tags":[4736],"class_list":["post-117586","post","type-post","status-publish","format-standard","has-post-thumbnail","hentry","category-apple","tag-apple"],"acf":[],"aioseo_notices":[],"subheadline":["\u201cThe time is always right to do what is right.\u201d"],"featured_image":["https:\/\/images.ifun.de\/wp-content\/uploads\/2018\/01\/apple-homepage.jpg"],"rest_api_enabler":{"subheadline":"\u201cThe time is always right to do what is right.\u201d","featured_image":"https:\/\/images.ifun.de\/wp-content\/uploads\/2018\/01\/apple-homepage.jpg"},"_links":{"self":[{"href":"https:\/\/www.ifun.de\/apiv2\/wp\/v2\/posts\/117586","targetHints":{"allow":["GET"]}}],"collection":[{"href":"https:\/\/www.ifun.de\/apiv2\/wp\/v2\/posts"}],"about":[{"href":"https:\/\/www.ifun.de\/apiv2\/wp\/v2\/types\/post"}],"author":[{"embeddable":true,"href":"https:\/\/www.ifun.de\/apiv2\/wp\/v2\/users\/1"}],"replies":[{"embeddable":true,"href":"https:\/\/www.ifun.de\/apiv2\/wp\/v2\/comments?post=117586"}],"version-history":[{"count":2,"href":"https:\/\/www.ifun.de\/apiv2\/wp\/v2\/posts\/117586\/revisions"}],"predecessor-version":[{"id":117591,"href":"https:\/\/www.ifun.de\/apiv2\/wp\/v2\/posts\/117586\/revisions\/117591"}],"wp:featuredmedia":[{"embeddable":true,"href":"https:\/\/www.ifun.de\/apiv2\/wp\/v2\/media\/117589"}],"wp:attachment":[{"href":"https:\/\/www.ifun.de\/apiv2\/wp\/v2\/media?parent=117586"}],"wp:term":[{"taxonomy":"category","embeddable":true,"href":"https:\/\/www.ifun.de\/apiv2\/wp\/v2\/categories?post=117586"},{"taxonomy":"post_tag","embeddable":true,"href":"https:\/\/www.ifun.de\/apiv2\/wp\/v2\/tags?post=117586"}],"curies":[{"name":"wp","href":"https:\/\/api.w.org\/{rel}","templated":true}]}}