{"id":117157,"date":"2018-01-04T10:58:39","date_gmt":"2018-01-04T09:58:39","guid":{"rendered":"https:\/\/www.ifun.de\/?p=117157"},"modified":"2018-01-04T10:59:51","modified_gmt":"2018-01-04T09:59:51","slug":"fuer-macbook-nutzer-zwei-usb-c-hubs-fuer-je-30-euro","status":"publish","type":"post","link":"https:\/\/www.ifun.de\/fuer-macbook-nutzer-zwei-usb-c-hubs-fuer-je-30-euro-117157\/","title":{"rendered":"F\u00fcr MacBook-Nutzer: Zwei USB-C-Hubs f\u00fcr je 30 Euro"},"content":{"rendered":"<p>Die sonst f\u00fcr jeweils rund 40 Euro angebotenen USB-C-Hubs der No-Name-Hersteller &#8222;Western Business&#8220; und &#8222;Bqeel&#8220; lassen sich im Rahmen der heutigen Amazon-Blitzangebote aktuell f\u00fcr 30 Euro mitnehmen. <\/p>\n<p><a href=\"https:\/\/images.ifun.de\/wp-content\/uploads\/2018\/01\/adapter.jpg\"><img loading=\"lazy\" decoding=\"async\" src=\"https:\/\/images.ifun.de\/wp-content\/uploads\/2018\/01\/adapter.jpg\" alt=\"Adapter\" width=\"500\" height=\"377\" class=\"aligncenter size-full wp-image-117160\" srcset=\"https:\/\/images.ifun.de\/wp-content\/uploads\/2018\/01\/adapter.jpg 500w, https:\/\/images.ifun.de\/wp-content\/uploads\/2018\/01\/adapter-300x226.jpg 300w\" sizes=\"auto, (max-width: 500px) 100vw, 500px\" \/><\/a><\/p>\n<p>Kompatibel mit den USB-C-Anschl\u00fcssen von MacBook und MacBook Pro bietet das <a rel=\"noindex, nofollow\" href=\"http:\/\/www.ifun.de\/amzn\/B01LLG4D8G\">Bqeel-Modell<\/a> zwei USB 3.0 Ports, je einen Slot f\u00fcr SD Card und Micro SD Card sowie einen USB-C-Ladeanschluss.<\/p>\n<p>Die <a rel=\"noindex, nofollow\" href=\"http:\/\/www.ifun.de\/amzn\/B075JHZ1YV\">Western Business-Variante<\/a> tritt mit einer nahezu identischen aber leicht kompakteren Steckplatz-Sortierung an, ist dabei etwas kleiner und deutlich schwerer als das in vier Farben erh\u00e4ltliche Bqeel-Modell. <\/p>\n<p><a href=\"https:\/\/images.ifun.de\/wp-content\/uploads\/2018\/01\/geraete.jpg\"><img loading=\"lazy\" decoding=\"async\" src=\"https:\/\/images.ifun.de\/wp-content\/uploads\/2018\/01\/geraete.jpg\" alt=\"Geraete\" width=\"950\" height=\"311\" class=\"aligncenter size-full wp-image-117161\" srcset=\"https:\/\/images.ifun.de\/wp-content\/uploads\/2018\/01\/geraete.jpg 950w, https:\/\/images.ifun.de\/wp-content\/uploads\/2018\/01\/geraete-300x98.jpg 300w, https:\/\/images.ifun.de\/wp-content\/uploads\/2018\/01\/geraete-768x251.jpg 768w\" sizes=\"auto, (max-width: 950px) 100vw, 950px\" \/><\/a><\/p>\n<p>Beide Hubs kommen ohne zus\u00e4tzlichen HDMI-Ausgang und bieten sich als Rucksackbegleiter f\u00fcr MacBook-Nutzer an, die ihre Rechner hin und wieder mitnehmen und die Kompatibilit\u00e4t zu den USB-Sticks und Foto-Speicherkarten von Kunden und Mitarbeitern gew\u00e4hrleisten wollen. <\/p>\n<h2>Bqeel: Aktuell f\u00fcr 30,59 Euro<\/h2>\n<script>\r\n  function open_amazon(link) {\r\n    if (navigator.userAgent.indexOf(\"Firefox\") != -1) {\r\n      window.open(link, '_blank');\r\n    } else {\r\n      var tag = document.createElement('a');\r\n      tag.setAttribute('href', link);\r\n      tag.innerHTML = \"amzn\";\r\n      tag.click();\r\n    }\r\n  }\r\n<\/script>\r\n    <div id=\"article-single-amazon-preview\" onclick=\"return open_amazon('https:\/\/www.amazon.de\/dp\/B01LLG4D8G?tag=musicweb02&linkCode=ogi&th=1&psc=1');\">\n  <div id=\"article-single-amazon-preview-header\">\n    <span class=\"title\">Produkthinweis<\/span>\n      <\/div>\n  <div id=\"article-single-amazon-preview-content\">\n    <div id=\"article-single-amazon-preview-img\" style=\"background: url('https:\/\/m.media-amazon.com\/images\/I\/310iHqbjM8L.jpg') center center no-repeat; background-size: cover;\"><\/div>\n    <div id=\"article-single-amazon-preview-desc\">\n      <span class=\"bezeichnung\"><a href=\"https:\/\/www.amazon.de\/dp\/B01LLG4D8G?tag=musicweb02&linkCode=ogi&th=1&psc=1\" style=\"text-decoration: none; border-bottom: 0px; box-shadow: none;\">Bqeel Usb-C-Hub Typ C Adapter Aluminium Kartenleser Mit 1 Typ-C Ladeanschluss, 1 Sd Kartenleser, 1 Micro-Sd-Kartenleser...<\/a><\/span>\n      <span class=\"preis--aktuell\"><\/span>\n      <span class=\"preis--alt\"><\/span>\n    <\/div>\n  <\/div>\n<\/div>\n<h2>Western Business: Aktuell f\u00fcr 27,99 Euro<\/h2>\n<script>\r\n  function open_amazon(link) {\r\n    if (navigator.userAgent.indexOf(\"Firefox\") != -1) {\r\n      window.open(link, '_blank');\r\n    } else {\r\n      var tag = document.createElement('a');\r\n      tag.setAttribute('href', link);\r\n      tag.innerHTML = \"amzn\";\r\n      tag.click();\r\n    }\r\n  }\r\n<\/script>\r\n    <div id=\"article-single-amazon-preview\" onclick=\"return open_amazon('https:\/\/www.amazon.de\/dp\/B075JHZ1YV?tag=musicweb02&linkCode=ogi&th=1&psc=1');\">\n  <div id=\"article-single-amazon-preview-header\">\n    <span class=\"title\">Produkthinweis<\/span>\n      <\/div>\n  <div id=\"article-single-amazon-preview-content\">\n    <div id=\"article-single-amazon-preview-img\" style=\"background: url('https:\/\/m.media-amazon.com\/images\/I\/51PbZmPI26L.jpg') center center no-repeat; background-size: cover;\"><\/div>\n    <div id=\"article-single-amazon-preview-desc\">\n      <span class=\"bezeichnung\"><a href=\"https:\/\/www.amazon.de\/dp\/B075JHZ1YV?tag=musicweb02&linkCode=ogi&th=1&psc=1\" style=\"text-decoration: none; border-bottom: 0px; box-shadow: none;\">Western Business Typ-C USB C Hub MacBook,Thunderbolt 3 Multi Port Charging Adapter mit USB-C Ladeanschluss, Typ-C...<\/a><\/span>\n      <span class=\"preis--aktuell\"><\/span>\n      <span class=\"preis--alt\"><\/span>\n    <\/div>\n  <\/div>\n<\/div>\n","protected":false},"excerpt":{"rendered":"<a href=\"https:\/\/www.ifun.de\/fuer-macbook-nutzer-zwei-usb-c-hubs-fuer-je-30-euro-117157\/\"><img width=\"150\" height=\"150\" src=\"https:\/\/images.ifun.de\/wp-content\/uploads\/2018\/01\/geraete-150x150.jpg\" class=\"alignright tfe wp-post-image\" alt=\"Geraete\" decoding=\"async\" loading=\"lazy\" \/><\/a><p>Die sonst f\u00fcr jeweils rund 40 Euro angebotenen USB-C-Hubs der No-Name-Hersteller &#8222;Western Business&#8220; und &#8222;Bqeel&#8220; lassen sich im Rahmen der heutigen Amazon-Blitzangebote aktuell f\u00fcr 30 Euro mitnehmen. Kompatibel mit den USB-C-Anschl\u00fcssen von MacBook und MacBook Pro bietet das Bqeel-Modell zwei USB 3.0 Ports, je einen Slot f\u00fcr SD Card und Micro SD Card sowie einen [&hellip;]<\/p>\n","protected":false},"author":1,"featured_media":117161,"comment_status":"open","ping_status":"closed","sticky":false,"template":"","format":"standard","meta":{"_acf_changed":false,"footnotes":""},"categories":[22],"tags":[144,224,40,2650,6325],"class_list":["post-117157","post","type-post","status-publish","format-standard","has-post-thumbnail","hentry","category-zubehor","tag-macbook","tag-macbook-pro","tag-sparen","tag-usb-c","tag-zubehor"],"acf":[],"aioseo_notices":[],"subheadline":["Zum Einstecken"],"featured_image":["https:\/\/images.ifun.de\/wp-content\/uploads\/2018\/01\/usb-c-dock.jpg"],"rest_api_enabler":{"subheadline":"Zum Einstecken","featured_image":"https:\/\/images.ifun.de\/wp-content\/uploads\/2018\/01\/usb-c-dock.jpg"},"_links":{"self":[{"href":"https:\/\/www.ifun.de\/apiv2\/wp\/v2\/posts\/117157","targetHints":{"allow":["GET"]}}],"collection":[{"href":"https:\/\/www.ifun.de\/apiv2\/wp\/v2\/posts"}],"about":[{"href":"https:\/\/www.ifun.de\/apiv2\/wp\/v2\/types\/post"}],"author":[{"embeddable":true,"href":"https:\/\/www.ifun.de\/apiv2\/wp\/v2\/users\/1"}],"replies":[{"embeddable":true,"href":"https:\/\/www.ifun.de\/apiv2\/wp\/v2\/comments?post=117157"}],"version-history":[{"count":3,"href":"https:\/\/www.ifun.de\/apiv2\/wp\/v2\/posts\/117157\/revisions"}],"predecessor-version":[{"id":117163,"href":"https:\/\/www.ifun.de\/apiv2\/wp\/v2\/posts\/117157\/revisions\/117163"}],"wp:featuredmedia":[{"embeddable":true,"href":"https:\/\/www.ifun.de\/apiv2\/wp\/v2\/media\/117161"}],"wp:attachment":[{"href":"https:\/\/www.ifun.de\/apiv2\/wp\/v2\/media?parent=117157"}],"wp:term":[{"taxonomy":"category","embeddable":true,"href":"https:\/\/www.ifun.de\/apiv2\/wp\/v2\/categories?post=117157"},{"taxonomy":"post_tag","embeddable":true,"href":"https:\/\/www.ifun.de\/apiv2\/wp\/v2\/tags?post=117157"}],"curies":[{"name":"wp","href":"https:\/\/api.w.org\/{rel}","templated":true}]}}