{"id":116841,"date":"2017-12-21T19:16:04","date_gmt":"2017-12-21T18:16:04","guid":{"rendered":"https:\/\/www.ifun.de\/?p=116841"},"modified":"2017-12-21T19:16:04","modified_gmt":"2017-12-21T18:16:04","slug":"musik-postings-facebook-geht-kooperation-mit-universal-ein","status":"publish","type":"post","link":"https:\/\/www.ifun.de\/musik-postings-facebook-geht-kooperation-mit-universal-ein-116841\/","title":{"rendered":"Musik-Postings: Facebook geht Kooperation mit Universal ein"},"content":{"rendered":"<p>Facebook-Nutzer werden in Zukunft die M\u00f6glichkeit haben, Musik und Videos von bekannten Interpreten innerhalb ihrer Beitr\u00e4ge zu verwenden. Dies l\u00e4sst sich aus einer etwas vage verfassten Pressemitteilung der Universal Music Group herauslesen. Universal ist das gr\u00f6\u00dfte der drei sogenannten Major Labels und es ist davon auszugehen, dass Facebook auch mit den Konkurrenten Sony und Warner in Verhandlung steht.<\/p>\n<p>Wie genau die k\u00fcnftige Kooperation aussieht, lassen Universal und Facebook derzeit noch offen. Jedenfalls will das Label seine Musik- und Videokataloge an Facebook lizenzieren, der Vertrag beinhaltet dann auch die Facebook-Ableger Instagram, Oculus und dem Facebook Messenger.<\/p>\n<blockquote>\n<p>Die Partnerschaft wird eine enge Zusammenarbeit zwischen K\u00fcnstlern und Fans erm\u00f6glichen und Nutzern die M\u00f6glichkeit bieten, sich durch Musik auszudr\u00fccken, die Lieder, die sie lieben, zu teilen und Communities rund um Musikkultur aufzubauen. Die \u00dcbereinkunft soll eine Vielzahl von Funktionen auf den Plattformen von Facebook bereitstellen und als Grundlage f\u00fcr eine langfristige strategische Partnerschaft dienen, auf deren Basis neue musikbasierte Online-Erfahrungen m\u00f6glich werden.<\/p>\n<\/blockquote>\n<p>Die Bestrebungen d\u00fcrfen zumindest ein St\u00fcck weit als Angriff auf YouTube gesehen werden, sollen doch Nutzer der Facebook-Plattformen k\u00fcnftig ausdr\u00fccklich auch Videos ver\u00f6ffentlichen d\u00fcrfen, die von Universal lizensierte Musik enthalten. In der Folge wollen die beiden Unternehmen \u201eeine neue Generation von Musikprodukten\u201c entwickeln, die besonders auf die Nutzung im Rahmen sozialer Netzwerke zugeschnitten sind.<\/p>\n","protected":false},"excerpt":{"rendered":"<p>Facebook-Nutzer werden in Zukunft die M\u00f6glichkeit haben, Musik und Videos von bekannten Interpreten innerhalb ihrer Beitr\u00e4ge zu verwenden. Dies l\u00e4sst sich aus einer etwas vage verfassten Pressemitteilung der Universal Music Group herauslesen. Universal ist das gr\u00f6\u00dfte der drei sogenannten Major Labels und es ist davon auszugehen, dass Facebook auch mit den Konkurrenten Sony und Warner [&hellip;]<\/p>\n","protected":false},"author":2,"featured_media":0,"comment_status":"open","ping_status":"closed","sticky":false,"template":"","format":"standard","meta":{"_acf_changed":false,"footnotes":""},"categories":[1],"tags":[234,29,502],"class_list":["post-116841","post","type-post","status-publish","format-standard","hentry","category-news","tag-facebook","tag-musik","tag-universal"],"acf":[],"aioseo_notices":[],"subheadline":["\"Neue Generation von Musikprodukten\""],"featured_image":["https:\/\/images.ifun.de\/wp-content\/uploads\/2015\/09\/facebook-header.jpg"],"rest_api_enabler":{"subheadline":"\"Neue Generation von Musikprodukten\"","featured_image":"https:\/\/images.ifun.de\/wp-content\/uploads\/2015\/09\/facebook-header.jpg"},"_links":{"self":[{"href":"https:\/\/www.ifun.de\/apiv2\/wp\/v2\/posts\/116841","targetHints":{"allow":["GET"]}}],"collection":[{"href":"https:\/\/www.ifun.de\/apiv2\/wp\/v2\/posts"}],"about":[{"href":"https:\/\/www.ifun.de\/apiv2\/wp\/v2\/types\/post"}],"author":[{"embeddable":true,"href":"https:\/\/www.ifun.de\/apiv2\/wp\/v2\/users\/2"}],"replies":[{"embeddable":true,"href":"https:\/\/www.ifun.de\/apiv2\/wp\/v2\/comments?post=116841"}],"version-history":[{"count":2,"href":"https:\/\/www.ifun.de\/apiv2\/wp\/v2\/posts\/116841\/revisions"}],"predecessor-version":[{"id":116843,"href":"https:\/\/www.ifun.de\/apiv2\/wp\/v2\/posts\/116841\/revisions\/116843"}],"wp:attachment":[{"href":"https:\/\/www.ifun.de\/apiv2\/wp\/v2\/media?parent=116841"}],"wp:term":[{"taxonomy":"category","embeddable":true,"href":"https:\/\/www.ifun.de\/apiv2\/wp\/v2\/categories?post=116841"},{"taxonomy":"post_tag","embeddable":true,"href":"https:\/\/www.ifun.de\/apiv2\/wp\/v2\/tags?post=116841"}],"curies":[{"name":"wp","href":"https:\/\/api.w.org\/{rel}","templated":true}]}}