{"id":116649,"date":"2017-12-18T08:41:50","date_gmt":"2017-12-18T07:41:50","guid":{"rendered":"https:\/\/www.ifun.de\/?p=116649"},"modified":"2017-12-18T08:41:50","modified_gmt":"2017-12-18T07:41:50","slug":"phil-schiller-zu-apple-problemen-wir-hatten-eine-schlechte-woche","status":"publish","type":"post","link":"https:\/\/www.ifun.de\/phil-schiller-zu-apple-problemen-wir-hatten-eine-schlechte-woche-116649\/","title":{"rendered":"Phil Schiller zu Apple-Problemen: &#8222;Wir hatten eine schlechte Woche&#8220;"},"content":{"rendered":"<p>In der Reihe der Interviews mit Phil Schiller war am Wochenende der britische <a href=\"http:\/\/www.telegraph.co.uk\/technology\/2017\/12\/16\/apples-phil-schiller-tech-giant-has-changed-hasnt\/\">Telegraph<\/a> dran. Die Online-Version der Tageszeitung hat Apples Marketing-Chef zu Themen wie dem iPhone X und dem HomePod befragt, ging nat\u00fcrlich aber auch auf die in letzter Zeit geh\u00e4uften Software-Probleme des Unternehmens ein. Wenn ihr den kompletten Artikel lesen wollt, gen\u00fcgt eine kostenlose Registrierung beim Telegraph.<\/p>\n<p><img loading=\"lazy\" decoding=\"async\" src=\"https:\/\/images.iphone-ticker.de\/wp-content\/uploads\/2017\/05\/schiller.jpg\" width=\"500\" height=\"290\" class=\"alignnone size-full\" \/><\/p>\n<p>Auf das iPhone angesprochen ging Schiller auch auf die Tatsache ein, dass Apple in diesem Herbst drei neue Ger\u00e4te in den Handel brachte. \u201eDas war komplett neu f\u00fcr uns, aber auch seit langer Zeit geplant. Wir wollten sowohl die M\u00f6glichkeit haben, mit dem 8 eine neue iPhone-Generation zu schaffen wie wir dies jedes Jahr tun. Dar\u00fcber hinaus wollten wir aber auch etwas au\u00dfergew\u00f6hnliches schaffen, uns in Sachen iPhone in eine neue Richtung bewegen. Das iPhone X.\u201c<\/p>\n<p>Mit den drei neuen Ger\u00e4ten w\u00e4chst Apples ohnehin in den letzten Jahren schon enorm vergr\u00f6\u00dferte Produktpalette weiter &#8211; f\u00fcnf verschiedene iPhone-Modelle gleichzeitig im Verkauf und das Unternehmen ist mittlerweile auch mit Blick auf das Zubeh\u00f6rangebot wesentlich breiter gestreut. Unter anderem bekam mit der \u00dcbernahme von Beats und der Vorstellung der AirPods auch die Kopfh\u00f6rersparte gro\u00dfe Relevanz. Kann Apple dieses Wachstum in alle Richtungen bew\u00e4ltigen oder findet man hier die Gr\u00fcnde f\u00fcr die sich in letzter Zeit h\u00e4ufenden Probleme und Software-Fehler? Apple musste zuletzt das Lieferdatum f\u00fcr den HomePod verschieben und mit mehreren, teils gravierenden Software-Fehlern und Sicherheitsl\u00fccken k\u00e4mpfen.<\/p>\n<p>Schiller weist die Kritik, Apple arbeite schlampiger als in der Vergangenheit streng zur\u00fcck. Man habe einfach nur eine schlechte Woche gehabt, und fertig. Nat\u00fcrlich werde man die Vorf\u00e4lle untersuchen und versuchen, dergleichen f\u00fcr die Zukunft zu verhindern:<\/p>\n<blockquote>\n<p>We just had a bad week. A couple of things happened, that\u2019s all. The team is going to audit the systems and look carefully at the process and do some soul-searching, and do everything that they can to keep this from happening again.<\/p>\n<\/blockquote>\n<p>Den verschobenen Liefertermin des HomePod begr\u00fcndet Schiller mit der Sorgfalt Apples: \u201eWir sind einfach noch nicht so weit. Viele unserer Kunden sch\u00e4tzen gerade die Tatsache, dass wir nie davor zur\u00fcckschrecken, einen Liefertermin zu verschieben.\u201c Andere Firmen verkaufen Schiller zufolge ihre Produkte auch dann, wenn sie nicht davon ausgehen, dass der Start ein Erfolg wird. Apple sorge sich sehr um die Qualit\u00e4t seiner Produkte und somit k\u00e4men diese erst dann in den Verkauf, wenn sie auch tats\u00e4chlich marktreif seien.<img loading=\"lazy\" decoding=\"async\" src=\"http:\/\/vg01.met.vgwort.de\/na\/d50c65269db942ef80f160543e45c5ac\" width=\"1\" height=\"1\" class=\"tracking\"><\/p>\n<h3>Phil Schiller auf Europatour:<\/h3>\n<ul>\n<li><a href=\"https:\/\/www.ifun.de\/phil-schiller-zum-homepod-wir-wollen-es-richtig-machen-116390\/\" title=\"Phil Schiller zum HomePod: \u201eWir wollen es richtig machen\u201c\">Phil Schiller zum HomePod: \u201eWir wollen es richtig machen\u201c<\/a><\/li>\n<li><a href=\"https:\/\/www.ifun.de\/phil-schiller-zu-softeware-fehlern-siri-und-seinem-ruf-als-dr-no-116317\/\" title=\"Phil Schiller zu Software-Fehlern, Siri und seinem Ruf als \u201eDr. No\u201c\">Phil Schiller zu Software-Fehlern, Siri und seinem Ruf als \u201eDr. No\u201c<\/a><\/li>\n<\/ul>\n","protected":false},"excerpt":{"rendered":"<a href=\"https:\/\/www.ifun.de\/phil-schiller-zu-apple-problemen-wir-hatten-eine-schlechte-woche-116649\/\"><img decoding=\"async\" width=\"150\" src=\"https:\/\/images.iphone-ticker.de\/wp-content\/uploads\/2017\/05\/schiller.jpg\" class=\"alignright wp-post-image tfe\" alt=\"\" title=\"\" \/><\/a><p>In der Reihe der Interviews mit Phil Schiller war am Wochenende der britische Telegraph dran. Die Online-Version der Tageszeitung hat Apples Marketing-Chef zu Themen wie dem iPhone X und dem HomePod befragt, ging nat\u00fcrlich aber auch auf die in letzter Zeit geh\u00e4uften Software-Probleme des Unternehmens ein. Wenn ihr den kompletten Artikel lesen wollt, gen\u00fcgt eine [&hellip;]<\/p>\n","protected":false},"author":2,"featured_media":0,"comment_status":"open","ping_status":"closed","sticky":false,"template":"","format":"standard","meta":{"_acf_changed":false,"footnotes":""},"categories":[3],"tags":[4736,736,2732],"class_list":["post-116649","post","type-post","status-publish","format-standard","hentry","category-apple","tag-apple","tag-interview","tag-phil-schiller"],"acf":[],"aioseo_notices":[],"subheadline":["Apples Marketing-Chef im Inteview"],"featured_image":["https:\/\/images.ifun.de\/wp-content\/uploads\/2016\/10\/macbook-pro-phil-schiller-header.jpg"],"rest_api_enabler":{"subheadline":"Apples Marketing-Chef im Inteview","featured_image":"https:\/\/images.ifun.de\/wp-content\/uploads\/2016\/10\/macbook-pro-phil-schiller-header.jpg"},"_links":{"self":[{"href":"https:\/\/www.ifun.de\/apiv2\/wp\/v2\/posts\/116649","targetHints":{"allow":["GET"]}}],"collection":[{"href":"https:\/\/www.ifun.de\/apiv2\/wp\/v2\/posts"}],"about":[{"href":"https:\/\/www.ifun.de\/apiv2\/wp\/v2\/types\/post"}],"author":[{"embeddable":true,"href":"https:\/\/www.ifun.de\/apiv2\/wp\/v2\/users\/2"}],"replies":[{"embeddable":true,"href":"https:\/\/www.ifun.de\/apiv2\/wp\/v2\/comments?post=116649"}],"version-history":[{"count":5,"href":"https:\/\/www.ifun.de\/apiv2\/wp\/v2\/posts\/116649\/revisions"}],"predecessor-version":[{"id":116654,"href":"https:\/\/www.ifun.de\/apiv2\/wp\/v2\/posts\/116649\/revisions\/116654"}],"wp:attachment":[{"href":"https:\/\/www.ifun.de\/apiv2\/wp\/v2\/media?parent=116649"}],"wp:term":[{"taxonomy":"category","embeddable":true,"href":"https:\/\/www.ifun.de\/apiv2\/wp\/v2\/categories?post=116649"},{"taxonomy":"post_tag","embeddable":true,"href":"https:\/\/www.ifun.de\/apiv2\/wp\/v2\/tags?post=116649"}],"curies":[{"name":"wp","href":"https:\/\/api.w.org\/{rel}","templated":true}]}}