{"id":116605,"date":"2017-12-15T13:52:49","date_gmt":"2017-12-15T12:52:49","guid":{"rendered":"https:\/\/www.ifun.de\/?p=116605"},"modified":"2017-12-15T15:11:19","modified_gmt":"2017-12-15T14:11:19","slug":"nach-imac-start-keine-peripherie-aber-ein-thunderbolt-3-kabel","status":"publish","type":"post","link":"https:\/\/www.ifun.de\/nach-imac-start-keine-peripherie-aber-ein-thunderbolt-3-kabel-116605\/","title":{"rendered":"Nach iMac-Start: Keine Peripherie aber ein Thunderbolt-3-Kabel"},"content":{"rendered":"<p>Die Frage, die sich viele Apple-Anwender noch vor dem offiziellen <a href=\"https:\/\/www.ifun.de\/imac-pro-startet-zwischen-5-499-und-15-597-euro-116555\/\">Verkaufsstart des iMac Pro<\/a> am Donnerstag stellten, beantwortete Apple gestern Nachmittag recht z\u00fcgig: Nein, die spacegrauen Peripherie-Ger\u00e4te lassen sich nicht einzeln kaufen.<\/p>\n<p><a href=\"https:\/\/images.ifun.de\/wp-content\/uploads\/2017\/12\/umfang.jpg\"><img decoding=\"async\" class=\"aligncenter size-full wp-image-116563\" src=\"https:\/\/images.ifun.de\/wp-content\/uploads\/2017\/12\/umfang.jpg\" alt=\"Umfang\" width=\"500\" srcset=\"https:\/\/images.ifun.de\/wp-content\/uploads\/2017\/12\/umfang.jpg 1960w, https:\/\/images.ifun.de\/wp-content\/uploads\/2017\/12\/umfang-300x145.jpg 300w, https:\/\/images.ifun.de\/wp-content\/uploads\/2017\/12\/umfang-768x371.jpg 768w, https:\/\/images.ifun.de\/wp-content\/uploads\/2017\/12\/umfang-1024x494.jpg 1024w\" sizes=\"(max-width: 1960px) 100vw, 1960px\" \/><\/a><\/p>\n<p>Die graue Magic Maus, das ebenfalls dunkle und hoffentlich <a href=\"https:\/\/www.ifun.de\/leicht-gewoelbt-prueft-euer-magic-keyboard-mit-ziffernblock-109786\/\">nicht mehr durchgebogene<\/a> Magic Keyboard und die schwarzen Lightning-Kabel sind eine exklusive Dreingabe f\u00fcr K\u00e4ufer des neuen iMac Pro. Im Einzelverkauf setzt Apple weiterhin auf wei\u00dfe Peripherie-Ger\u00e4te.<\/p>\n<p>Aber immerhin: Das ebenfalls auf iMac Pro-K\u00e4ufer abzielende <a href=\"http:\/\/ifun.de\/applestore\/http:\/\/store.apple.com\/de\/go\/product\/MQ4H2\">neue Thunderbolt 3-Kabel<\/a>, bietet Apple jetzt zum freien Verkauf f\u00fcr 45 Euro an.<\/p>\n<p>Cupertino hat mit der 80 Zentimeter langen Strippe nun erstmals ein eigenes Thunderbolt 3-Kabel im Angebot, das auch Besitzer des 2016 vorgestellten MacBook Pro interessieren d\u00fcrfte.<\/p>\n<p>Apple notiert:<\/p>\n<blockquote><p>Dieses 0,8 m lange Kabel unterst\u00fctzt Thunderbolt 3 Datentransfers mit bis zu 40 Gbit\/s, Datentransfers mit USB 3.1 der 2. Generation mit bis zu 10 Gbit\/s, DisplayPort Videoausgabe (HBR3) und Laden mit bis zu 100 W. Schlie\u00dfe mit diesem Kabel einen Mac mit Thunderbolt 3 (USB-C) an Thunderbolt 3 Ger\u00e4te wie Docks, Festplatten und Displays an. Du kannst bis zu sechs Thunderbolt 3 Ger\u00e4te in Reihe anschlie\u00dfen.<\/p><\/blockquote>\n<p><a href=\"https:\/\/images.ifun.de\/wp-content\/uploads\/2017\/12\/thunderbolt.jpg\"><img loading=\"lazy\" decoding=\"async\" src=\"https:\/\/images.ifun.de\/wp-content\/uploads\/2017\/12\/thunderbolt.jpg\" alt=\"Thunderbolt\" width=\"2000\" height=\"1263\" class=\"aligncenter size-full wp-image-116606\" srcset=\"https:\/\/images.ifun.de\/wp-content\/uploads\/2017\/12\/thunderbolt.jpg 2000w, https:\/\/images.ifun.de\/wp-content\/uploads\/2017\/12\/thunderbolt-300x189.jpg 300w, https:\/\/images.ifun.de\/wp-content\/uploads\/2017\/12\/thunderbolt-768x485.jpg 768w, https:\/\/images.ifun.de\/wp-content\/uploads\/2017\/12\/thunderbolt-1024x647.jpg 1024w\" sizes=\"auto, (max-width: 2000px) 100vw, 2000px\" \/><\/a><\/p>\n<p>Damit bietet der Online Shop Apples nun eine Alternative zu den schwarzen Thunderbolt 3-Kabeln von Belkin an, die mit 80 Euro (<a href=\"http:\/\/ifun.de\/applestore\/http:\/\/store.apple.com\/de\/go\/product\/HKK22\">f\u00fcr 2 Meter<\/a>) beziehungsweise 30 Euro (<a href=\"http:\/\/ifun.de\/applestore\/http:\/\/store.apple.com\/de\/go\/product\/HKK12\">f\u00fcr 50 Zentimeter<\/a>) ausgezeichnet sind.<\/p>\n<h2>Die Eckdaten im \u00dcberblick:<\/h2>\n<ul>\n<li>\u00dcbertrage Daten mit bis zu 40 Gbit\/s<\/li>\n<li>\u00dcbertrage Daten mit USB 3.1 der 2. Generation mit bis zu 10 Gbit\/s<\/li>\n<li>DisplayPort Videoausgabe (HBR3)<\/li>\n<li>Verbinde Thunderbolt 3 oder USB\u2011C f\u00e4hige Ger\u00e4te und Displays<\/li>\n<li>Bis zu 100 W Ladeleistung<\/li>\n<li>Durch das eingravierte Thunderbolt Logo unterscheidest du es ganz leicht von anderen Kabeln<\/li>\n<li>Schlie\u00dfe bis zu sechs Thunderbolt 3 Ger\u00e4te in Reihe an<\/li>\n<\/ul>\n","protected":false},"excerpt":{"rendered":"<a href=\"https:\/\/www.ifun.de\/nach-imac-start-keine-peripherie-aber-ein-thunderbolt-3-kabel-116605\/\"><img width=\"150\" height=\"150\" src=\"https:\/\/images.ifun.de\/wp-content\/uploads\/2017\/12\/kabel-apple-150x150.jpg\" class=\"alignright tfe wp-post-image\" alt=\"Kabel Apple\" decoding=\"async\" loading=\"lazy\" \/><\/a><p>Die Frage, die sich viele Apple-Anwender noch vor dem offiziellen Verkaufsstart des iMac Pro am Donnerstag stellten, beantwortete Apple gestern Nachmittag recht z\u00fcgig: Nein, die spacegrauen Peripherie-Ger\u00e4te lassen sich nicht einzeln kaufen. Die graue Magic Maus, das ebenfalls dunkle und hoffentlich nicht mehr durchgebogene Magic Keyboard und die schwarzen Lightning-Kabel sind eine exklusive Dreingabe f\u00fcr [&hellip;]<\/p>\n","protected":false},"author":1,"featured_media":116607,"comment_status":"open","ping_status":"closed","sticky":false,"template":"","format":"standard","meta":{"_acf_changed":false,"footnotes":""},"categories":[3],"tags":[4736,3718,341,3478],"class_list":["post-116605","post","type-post","status-publish","format-standard","has-post-thumbnail","hentry","category-apple","tag-apple","tag-imac-pro","tag-kabel","tag-thunderbolt-3"],"acf":[],"aioseo_notices":[],"featured_image":["https:\/\/images.ifun.de\/wp-content\/uploads\/2017\/12\/kabel-apple.jpg"],"subheadline":["56 Cent pro Zentimeter"],"rest_api_enabler":{"featured_image":"https:\/\/images.ifun.de\/wp-content\/uploads\/2017\/12\/kabel-apple.jpg","subheadline":"56 Cent pro Zentimeter"},"_links":{"self":[{"href":"https:\/\/www.ifun.de\/apiv2\/wp\/v2\/posts\/116605","targetHints":{"allow":["GET"]}}],"collection":[{"href":"https:\/\/www.ifun.de\/apiv2\/wp\/v2\/posts"}],"about":[{"href":"https:\/\/www.ifun.de\/apiv2\/wp\/v2\/types\/post"}],"author":[{"embeddable":true,"href":"https:\/\/www.ifun.de\/apiv2\/wp\/v2\/users\/1"}],"replies":[{"embeddable":true,"href":"https:\/\/www.ifun.de\/apiv2\/wp\/v2\/comments?post=116605"}],"version-history":[{"count":3,"href":"https:\/\/www.ifun.de\/apiv2\/wp\/v2\/posts\/116605\/revisions"}],"predecessor-version":[{"id":116610,"href":"https:\/\/www.ifun.de\/apiv2\/wp\/v2\/posts\/116605\/revisions\/116610"}],"wp:featuredmedia":[{"embeddable":true,"href":"https:\/\/www.ifun.de\/apiv2\/wp\/v2\/media\/116607"}],"wp:attachment":[{"href":"https:\/\/www.ifun.de\/apiv2\/wp\/v2\/media?parent=116605"}],"wp:term":[{"taxonomy":"category","embeddable":true,"href":"https:\/\/www.ifun.de\/apiv2\/wp\/v2\/categories?post=116605"},{"taxonomy":"post_tag","embeddable":true,"href":"https:\/\/www.ifun.de\/apiv2\/wp\/v2\/tags?post=116605"}],"curies":[{"name":"wp","href":"https:\/\/api.w.org\/{rel}","templated":true}]}}