{"id":116488,"date":"2017-12-13T12:11:00","date_gmt":"2017-12-13T11:11:00","guid":{"rendered":"https:\/\/www.ifun.de\/?p=116488"},"modified":"2017-12-13T12:11:51","modified_gmt":"2017-12-13T11:11:51","slug":"imac-pro-neuer-t2-chip-und-maus-im-iphone-design","status":"publish","type":"post","link":"https:\/\/www.ifun.de\/imac-pro-neuer-t2-chip-und-maus-im-iphone-design-116488\/","title":{"rendered":"iMac Pro: Neuer T2-Chip und Maus im iPhone-Design"},"content":{"rendered":"<p>Ihr erinnert euch an den T1 Chip, den Apple zur Pr\u00e4sentation der neuen MacBook Pro Modelle im Oktober 2016 <a href=\"https:\/\/www.youtube.com\/watch?v=EA8vDBY6bCs&#038;feature=youtu.be&#038;t=2290\">vorgestellt hat<\/a>?<\/p>\n<p><a href=\"https:\/\/images.ifun.de\/wp-content\/uploads\/2017\/12\/apple-t1-chip.jpg\"><img decoding=\"async\" src=\"https:\/\/images.ifun.de\/wp-content\/uploads\/2017\/12\/apple-t1-chip.jpg\" alt=\"Apple T1 Chip\" width=\"500\" class=\"aligncenter size-full wp-image-116489\" srcset=\"https:\/\/images.ifun.de\/wp-content\/uploads\/2017\/12\/apple-t1-chip.jpg 1244w, https:\/\/images.ifun.de\/wp-content\/uploads\/2017\/12\/apple-t1-chip-300x229.jpg 300w, https:\/\/images.ifun.de\/wp-content\/uploads\/2017\/12\/apple-t1-chip-768x586.jpg 768w, https:\/\/images.ifun.de\/wp-content\/uploads\/2017\/12\/apple-t1-chip-1024x782.jpg 1024w\" sizes=\"(max-width: 1244px) 100vw, 1244px\" \/><\/a><\/p>\n<p>Der ARM-Chip, bei dem es sich um eine Weiterentwicklung des in der Apple Watch verbauten <a href=\"https:\/\/en.wikipedia.org\/wiki\/Apple_S1\">S1<\/a> handeln soll, sorgt sich in den Laptops Cupertinos um die Sicherung der Secure Enclave und um die Kontrolle des Fingerabdruck-Scanners Touch ID. <\/p>\n<p>Im neuen iMac Pro, der sich, wie Apple gestern <a href=\"https:\/\/www.ifun.de\/imac-pro-verfuegbar-ab-dem-14-dezember-116436\/\">bekannt gegeben hat<\/a>, aber morgen bestellen l\u00e4sst, arbeitet fortan die zweite Generation der In-House-Entwicklung. <\/p>\n<p>Beim Apple T2 soll es sich um einen angepassten A10 Fusion Chip mit 512MB RAM handeln, der sich fortan um mehrere Aufgaben k\u00fcmmern soll, f\u00fcr die bislang auf spezialisierte Einzelkomponenten zust\u00e4ndig waren. <\/p>\n<p><a href=\"https:\/\/images.ifun.de\/wp-content\/uploads\/2017\/12\/secure-boot.jpg\"><img loading=\"lazy\" decoding=\"async\" src=\"https:\/\/images.ifun.de\/wp-content\/uploads\/2017\/12\/secure-boot.jpg\" alt=\"Secure Boot\" width=\"1200\" height=\"900\" class=\"aligncenter size-full wp-image-116490\" srcset=\"https:\/\/images.ifun.de\/wp-content\/uploads\/2017\/12\/secure-boot.jpg 1200w, https:\/\/images.ifun.de\/wp-content\/uploads\/2017\/12\/secure-boot-300x225.jpg 300w, https:\/\/images.ifun.de\/wp-content\/uploads\/2017\/12\/secure-boot-768x576.jpg 768w, https:\/\/images.ifun.de\/wp-content\/uploads\/2017\/12\/secure-boot-1024x768.jpg 1024w\" sizes=\"auto, (max-width: 1200px) 100vw, 1200px\" \/><\/a><\/p>\n<p>So berichtet der Entwickler Cabel Sasser\u200f, der beim Software-Studio Panic arbeitet und von Apple mit einem Vorabmodell des iMac Pro ausgestattet wurde: <\/p>\n<blockquote><p>The iMac Pro features new apple custom silicon: the T2 chip. It integrates previously discrete components, like the SMC, ISP for the camera, audio control, SSD control\u2026 plus a secure enclave, and a hardware encryption engine. This new chip means storage encryption keys pass from the secure enclave to the hardware encryption engine in-chip \u2014 your key never leaves the chip. And, it allows for hardware verification of OS, kernel, boot loader, firmware, etc. (This can be disabled\u2026)<\/p><\/blockquote>\n<h2>Maus im iPhone-Design<\/h2>\n<p>Sasser notiert in seiner ersten kurzen Bestandsaufnahme, die er auf dem Kurznachrichtenportal Twitter <a href=\"https:\/\/twitter.com\/cabel\/status\/940669442165415936\">ver\u00f6ffentlicht hat<\/a>, zudem eine Handvoll Anmerkungen zum schwarzen Design des neuen Schlachtschiffes. <\/p>\n<p><a href=\"https:\/\/images.ifun.de\/wp-content\/uploads\/2017\/12\/maus-kable.jpg\"><img loading=\"lazy\" decoding=\"async\" src=\"https:\/\/images.ifun.de\/wp-content\/uploads\/2017\/12\/maus-kable.jpg\" alt=\"Maus Kable\" width=\"1600\" height=\"900\" class=\"aligncenter size-full wp-image-116491\" srcset=\"https:\/\/images.ifun.de\/wp-content\/uploads\/2017\/12\/maus-kable.jpg 1600w, https:\/\/images.ifun.de\/wp-content\/uploads\/2017\/12\/maus-kable-300x169.jpg 300w, https:\/\/images.ifun.de\/wp-content\/uploads\/2017\/12\/maus-kable-768x432.jpg 768w, https:\/\/images.ifun.de\/wp-content\/uploads\/2017\/12\/maus-kable-1024x576.jpg 1024w\" sizes=\"auto, (max-width: 1600px) 100vw, 1600px\" \/><\/a><\/p>\n<p>Die Oberfl\u00e4che der Maus w\u00fcrde demnach an das Finish der iPhone X-R\u00fcckseite erinnern und auf eine \u00e4hnliche Material- und Farbkombination setzen. Selbst die Lightning-Kabel, die Apple der neuen Maschine beilegt, sind komplett schwarz gehalten. <\/p>\n<h2>Noch keine deutschen Preise und Spezifikationen<\/h2>\n<p>Zwar hat Apple gestern den Bestellstart des neuen iMac Pros angek\u00fcndigt, h\u00e4lt sich was die Verkaufspreise und Ausstattungsmerkmale angeht, aber weiterhin zur\u00fcck. So fehlen auf <a href=\"https:\/\/www.apple.com\/de\/imac-pro\/\">der offiziellen Webseite<\/a> nach wie vor die Preisangaben und Ausstattungsvarianten. Zur Zeit\u00fcberbr\u00fcckung d\u00fcrfen weiterhin die beiden Video-Besprechungen von Jonathan Morrison und Marques Brownlee empfohlen werden.<\/p>\n<p><div class=\"responsive-video\"><iframe loading=\"lazy\" width=\"700\" height=\"371\" src=\"https:\/\/www.youtube-nocookie.com\/embed\/h-h5Mhlt6O0\" frameborder=\"0\" allowfullscreen><\/iframe><\/div><\/p>\n<p><div class=\"responsive-video\"><iframe loading=\"lazy\" width=\"700\" height=\"371\" src=\"https:\/\/www.youtube-nocookie.com\/embed\/Wl7V4LwkfQE\" frameborder=\"0\" allowfullscreen><\/iframe><\/div><\/p>\n","protected":false},"excerpt":{"rendered":"<a href=\"https:\/\/www.ifun.de\/imac-pro-neuer-t2-chip-und-maus-im-iphone-design-116488\/\"><img width=\"150\" height=\"150\" src=\"https:\/\/images.ifun.de\/wp-content\/uploads\/2017\/12\/imac-pro-1-150x150.jpg\" class=\"alignright tfe wp-post-image\" alt=\"Imac Pro\" decoding=\"async\" loading=\"lazy\" \/><\/a><p>Ihr erinnert euch an den T1 Chip, den Apple zur Pr\u00e4sentation der neuen MacBook Pro Modelle im Oktober 2016 vorgestellt hat? Der ARM-Chip, bei dem es sich um eine Weiterentwicklung des in der Apple Watch verbauten S1 handeln soll, sorgt sich in den Laptops Cupertinos um die Sicherung der Secure Enclave und um die Kontrolle [&hellip;]<\/p>\n","protected":false},"author":1,"featured_media":116492,"comment_status":"open","ping_status":"closed","sticky":false,"template":"","format":"standard","meta":{"_acf_changed":false,"footnotes":""},"categories":[1],"tags":[3718],"class_list":["post-116488","post","type-post","status-publish","format-standard","has-post-thumbnail","hentry","category-news","tag-imac-pro"],"acf":[],"aioseo_notices":[],"featured_image":["https:\/\/images.ifun.de\/wp-content\/uploads\/2017\/12\/imac-pro-1.jpg"],"subheadline":["Secure Boot"],"rest_api_enabler":{"featured_image":"https:\/\/images.ifun.de\/wp-content\/uploads\/2017\/12\/imac-pro-1.jpg","subheadline":"Secure Boot"},"_links":{"self":[{"href":"https:\/\/www.ifun.de\/apiv2\/wp\/v2\/posts\/116488","targetHints":{"allow":["GET"]}}],"collection":[{"href":"https:\/\/www.ifun.de\/apiv2\/wp\/v2\/posts"}],"about":[{"href":"https:\/\/www.ifun.de\/apiv2\/wp\/v2\/types\/post"}],"author":[{"embeddable":true,"href":"https:\/\/www.ifun.de\/apiv2\/wp\/v2\/users\/1"}],"replies":[{"embeddable":true,"href":"https:\/\/www.ifun.de\/apiv2\/wp\/v2\/comments?post=116488"}],"version-history":[{"count":2,"href":"https:\/\/www.ifun.de\/apiv2\/wp\/v2\/posts\/116488\/revisions"}],"predecessor-version":[{"id":116494,"href":"https:\/\/www.ifun.de\/apiv2\/wp\/v2\/posts\/116488\/revisions\/116494"}],"wp:featuredmedia":[{"embeddable":true,"href":"https:\/\/www.ifun.de\/apiv2\/wp\/v2\/media\/116492"}],"wp:attachment":[{"href":"https:\/\/www.ifun.de\/apiv2\/wp\/v2\/media?parent=116488"}],"wp:term":[{"taxonomy":"category","embeddable":true,"href":"https:\/\/www.ifun.de\/apiv2\/wp\/v2\/categories?post=116488"},{"taxonomy":"post_tag","embeddable":true,"href":"https:\/\/www.ifun.de\/apiv2\/wp\/v2\/tags?post=116488"}],"curies":[{"name":"wp","href":"https:\/\/api.w.org\/{rel}","templated":true}]}}