{"id":11644,"date":"2011-04-18T12:43:45","date_gmt":"2011-04-18T10:43:45","guid":{"rendered":"http:\/\/www.ifun.de\/?p=11644"},"modified":"2012-06-30T00:31:07","modified_gmt":"2012-06-29T22:31:07","slug":"gelbe-flecken-ipad-2-bildschirmprobleme-auch-in-deutschland","status":"publish","type":"post","link":"https:\/\/www.ifun.de\/gelbe-flecken-ipad-2-bildschirmprobleme-auch-in-deutschland-11644\/","title":{"rendered":"Gelbe Flecken: iPad 2 Bildschirmprobleme auch in Deutschland"},"content":{"rendered":"<p>Gut drei Wochen ist das iPad 2 nun auch in Deutschland erh\u00e4ltlich, und offensichtlich treten die bereits <a href=\"http:\/\/forums.macrumors.com\/showthread.php?t=1114520\">aus den USA<\/a> bekannten Bildschirmprobleme zumindest teilweise auch hierzulande auf. Die betroffenen Nutzer klagen \u00fcber partielle Lichteinstrahlung an den R\u00e4ndern sowie gelblich verf\u00e4rbten Flecken auf dem Bildschirm. Zumindest teilweise sollen sich diese Probleme jedoch mit der Zeit von selbst beheben, angeblich sein ein noch nicht vollst\u00e4ndig ausgeh\u00e4rteter Klebstoff im Display f\u00fcr die Verf\u00e4rbungen verantwortlich.<\/p>\n<p><img loading=\"lazy\" decoding=\"async\" src=\"http:\/\/images.ifun.de\/wp-content\/uploads\/2011\/04\/display.jpg\" alt=\"\" title=\"display\" width=\"464\" height=\"175\" class=\"alignnone size-full wp-image-11645\" srcset=\"https:\/\/images.ifun.de\/wp-content\/uploads\/2011\/04\/display.jpg 464w, https:\/\/images.ifun.de\/wp-content\/uploads\/2011\/04\/display-300x113.jpg 300w\" sizes=\"auto, (max-width: 464px) 100vw, 464px\" \/><\/p>\n<p>Abwarten oder Tausch? Im ifun-Forum findet sich bereits ein <a href=\"http:\/\/forum.ifun.de\/threads\/52599-ipad-2-gelbe-flecken-(bleeding)\">Thread zu diesem Thema<\/a>, \u00fcber eure Erfahrungsberichte dort freuen sich alle anderen betroffenen iPad-Besitzer.<\/p>\n<p><div class=\"responsive-video\"><iframe loading=\"lazy\" width=\"464\" height=\"261\" src=\"http:\/\/www.youtube-nocookie.com\/embed\/LAXjFwLKCAU\" frameborder=\"0\" allowfullscreen><\/iframe><\/div><br \/>\n(<a href=\"http:\/\/www.youtube.com\/watch?v=LAXjFwLKCAU\">Direkt-Link<\/a>)<\/p>\n","protected":false},"excerpt":{"rendered":"<a href=\"https:\/\/www.ifun.de\/gelbe-flecken-ipad-2-bildschirmprobleme-auch-in-deutschland-11644\/\"><img width=\"150\" height=\"150\" src=\"https:\/\/images.ifun.de\/wp-content\/uploads\/2011\/04\/display-150x150.jpg\" class=\"alignright tfe wp-post-image\" alt=\"\" decoding=\"async\" loading=\"lazy\" \/><\/a><p>Gut drei Wochen ist das iPad 2 nun auch in Deutschland erh\u00e4ltlich, und offensichtlich treten die bereits aus den USA bekannten Bildschirmprobleme zumindest teilweise auch hierzulande auf. Die betroffenen Nutzer klagen \u00fcber partielle Lichteinstrahlung an den R\u00e4ndern sowie gelblich verf\u00e4rbten Flecken auf dem Bildschirm. Zumindest teilweise sollen sich diese Probleme jedoch mit der Zeit von [&hellip;]<\/p>\n","protected":false},"author":2,"featured_media":11645,"comment_status":"open","ping_status":"closed","sticky":false,"template":"","format":"standard","meta":{"_acf_changed":false,"footnotes":""},"categories":[10],"tags":[241,253,177],"class_list":["post-11644","post","type-post","status-publish","format-standard","has-post-thumbnail","hentry","category-ipad","tag-bildschirm","tag-ipad-2","tag-problem"],"acf":[],"aioseo_notices":[],"rest_api_enabler":[],"_links":{"self":[{"href":"https:\/\/www.ifun.de\/apiv2\/wp\/v2\/posts\/11644","targetHints":{"allow":["GET"]}}],"collection":[{"href":"https:\/\/www.ifun.de\/apiv2\/wp\/v2\/posts"}],"about":[{"href":"https:\/\/www.ifun.de\/apiv2\/wp\/v2\/types\/post"}],"author":[{"embeddable":true,"href":"https:\/\/www.ifun.de\/apiv2\/wp\/v2\/users\/2"}],"replies":[{"embeddable":true,"href":"https:\/\/www.ifun.de\/apiv2\/wp\/v2\/comments?post=11644"}],"version-history":[{"count":3,"href":"https:\/\/www.ifun.de\/apiv2\/wp\/v2\/posts\/11644\/revisions"}],"predecessor-version":[{"id":26819,"href":"https:\/\/www.ifun.de\/apiv2\/wp\/v2\/posts\/11644\/revisions\/26819"}],"wp:featuredmedia":[{"embeddable":true,"href":"https:\/\/www.ifun.de\/apiv2\/wp\/v2\/media\/11645"}],"wp:attachment":[{"href":"https:\/\/www.ifun.de\/apiv2\/wp\/v2\/media?parent=11644"}],"wp:term":[{"taxonomy":"category","embeddable":true,"href":"https:\/\/www.ifun.de\/apiv2\/wp\/v2\/categories?post=11644"},{"taxonomy":"post_tag","embeddable":true,"href":"https:\/\/www.ifun.de\/apiv2\/wp\/v2\/tags?post=11644"}],"curies":[{"name":"wp","href":"https:\/\/api.w.org\/{rel}","templated":true}]}}