{"id":116124,"date":"2017-12-05T12:51:41","date_gmt":"2017-12-05T11:51:41","guid":{"rendered":"https:\/\/www.ifun.de\/?p=116124"},"modified":"2017-12-05T12:52:01","modified_gmt":"2017-12-05T11:52:01","slug":"youtube-googles-loeschteam-waechst-auf-10-000-mitarbeiter","status":"publish","type":"post","link":"https:\/\/www.ifun.de\/youtube-googles-loeschteam-waechst-auf-10-000-mitarbeiter-116124\/","title":{"rendered":"YouTube: Googles L\u00f6schteam w\u00e4chst auf 10.000 Mitarbeiter"},"content":{"rendered":"<p>Zum Jahresende liefert YouTube-CEO Susan Wojcicki ein D\u00e9j\u00e0 vu ab, das an die Diskussionen um das L\u00f6schteam des sozialen Netzwerkes Facebook im Dezember 2016 erinnert. Damals <a href=\"http:\/\/www.huffingtonpost.de\/2016\/12\/16\/facebook-loeschteam_n_13665986.html\">berichteten<\/a> zahlreiche Berliner Facebook-Mitarbeiter von traumatisierenden Arbeitsbedingung und <a href=\"http:\/\/www.faz.net\/aktuell\/wirtschaft\/netzwirtschaft\/alltag-im-facebook-loeschteam-nach-der-ersten-enthauptung-habe-ich-geheult-15101055.html\">machten \u00f6ffentlich<\/a>, wie sie f\u00fcr wenig Geld Kinderpornos und Gewaltvideos sichten mussten.<\/p>\n<p><a href=\"https:\/\/images.ifun.de\/wp-content\/uploads\/2017\/12\/melden.jpg\"><img decoding=\"async\" src=\"https:\/\/images.ifun.de\/wp-content\/uploads\/2017\/12\/melden.jpg\" alt=\"Melden\" width=\"500\" class=\"aligncenter size-full wp-image-116127\" srcset=\"https:\/\/images.ifun.de\/wp-content\/uploads\/2017\/12\/melden.jpg 836w, https:\/\/images.ifun.de\/wp-content\/uploads\/2017\/12\/melden-300x225.jpg 300w, https:\/\/images.ifun.de\/wp-content\/uploads\/2017\/12\/melden-768x577.jpg 768w\" sizes=\"(max-width: 836px) 100vw, 836px\" \/><\/a><\/p>\n<p>Bei Google scheint es fortan \u00e4hnlich zuzugehen. Wie das Unternehmen im offiziellen Hausblog <a href=\"https:\/\/youtube.googleblog.com\/2017\/12\/expanding-our-work-against-abuse-of-our.html\">mitteilt<\/a> will man im kommenden Jahr eine Offensive gegen Content-Verst\u00f6\u00dfe fahren und plant das hauseigene L\u00f6schteam dazu auf 10.000 Mitarbeiter aufzustocken.<\/p>\n<p>Diese arbeiten jetzt schon mit Hochdruck an der Reinigung des Videoangebotes. Allein seit Juni seien zwei Millionen Videos gesichtet worden. In den meisten F\u00e4llen sei man hier einem Extremismus-Verdacht nachgegangen.<\/p>\n<blockquote><p>We will continue the significant growth of our teams into next year, with the goal of bringing the total number of people across Google working to address content that might violate our policies to over 10,000 in 2018.<\/p><\/blockquote>\n<p>Seit dem Sommer setzt YouTube zudem vermehrt auf &#8222;machine learning&#8220;-Algorithmen, die dem L\u00f6schteam langfristig die Arbeit abnehmen sollen. Die vorl\u00e4ufigen Ergebnisse der Anstrengungen gestalten sich wie folgt:<\/p>\n<ul>\n<li>Seit Juni hat YouTube 150.000 Videos wegen &#8222;gewaltverherrlichendem Extremismus&#8220; gel\u00f6scht.<\/li>\n<li>Dank der neuen &#8222;machine learning&#8220;-Unterst\u00fctzung h\u00e4tten die Pr\u00fcfer f\u00fcnf mal so viele Videos wie bislang aus dem Angebot l\u00f6schen k\u00f6nnen.<\/li>\n<li>Aktuell wurde 98% aller von YouTube entfernten Videos von Algorithmen vorsortiert.<\/li>\n<li>70% aller gewaltverherrlichenden Videos werden inzwischen in den ersten acht Stunden nach ihrem Upload erkannt.<\/li>\n<\/ul>\n<h2>Video: Facebooks Anti\u00ad-Hass-\u00adAbteilung stellt sich vor<\/h2>\n<p><div class=\"responsive-video\"><iframe loading=\"lazy\" src=\"https:\/\/www.youtube-nocookie.com\/embed\/dGdxcxm1YJk\" width=\"700\" height=\"371\" frameborder=\"0\" allowfullscreen=\"allowfullscreen\"><\/iframe><\/div><\/p>\n","protected":false},"excerpt":{"rendered":"<a href=\"https:\/\/www.ifun.de\/youtube-googles-loeschteam-waechst-auf-10-000-mitarbeiter-116124\/\"><img width=\"150\" height=\"150\" src=\"https:\/\/images.ifun.de\/wp-content\/uploads\/2017\/12\/melden-150x150.jpg\" class=\"alignright tfe wp-post-image\" alt=\"Melden\" decoding=\"async\" loading=\"lazy\" \/><\/a><p>Zum Jahresende liefert YouTube-CEO Susan Wojcicki ein D\u00e9j\u00e0 vu ab, das an die Diskussionen um das L\u00f6schteam des sozialen Netzwerkes Facebook im Dezember 2016 erinnert. Damals berichteten zahlreiche Berliner Facebook-Mitarbeiter von traumatisierenden Arbeitsbedingung und machten \u00f6ffentlich, wie sie f\u00fcr wenig Geld Kinderpornos und Gewaltvideos sichten mussten. Bei Google scheint es fortan \u00e4hnlich zuzugehen. Wie das [&hellip;]<\/p>\n","protected":false},"author":1,"featured_media":116127,"comment_status":"open","ping_status":"closed","sticky":false,"template":"","format":"standard","meta":{"_acf_changed":false,"footnotes":""},"categories":[1,20],"tags":[553,31,335],"class_list":["post-116124","post","type-post","status-publish","format-standard","has-post-thumbnail","hentry","category-news","category-videos","tag-recht","tag-video","tag-youtube"],"acf":[],"aioseo_notices":[],"subheadline":["Offensive gegen Content-Verst\u00f6\u00dfe"],"featured_image":["https:\/\/images.ifun.de\/wp-content\/uploads\/2017\/12\/google-facebook.jpg"],"rest_api_enabler":{"subheadline":"Offensive gegen Content-Verst\u00f6\u00dfe","featured_image":"https:\/\/images.ifun.de\/wp-content\/uploads\/2017\/12\/google-facebook.jpg"},"_links":{"self":[{"href":"https:\/\/www.ifun.de\/apiv2\/wp\/v2\/posts\/116124","targetHints":{"allow":["GET"]}}],"collection":[{"href":"https:\/\/www.ifun.de\/apiv2\/wp\/v2\/posts"}],"about":[{"href":"https:\/\/www.ifun.de\/apiv2\/wp\/v2\/types\/post"}],"author":[{"embeddable":true,"href":"https:\/\/www.ifun.de\/apiv2\/wp\/v2\/users\/1"}],"replies":[{"embeddable":true,"href":"https:\/\/www.ifun.de\/apiv2\/wp\/v2\/comments?post=116124"}],"version-history":[{"count":2,"href":"https:\/\/www.ifun.de\/apiv2\/wp\/v2\/posts\/116124\/revisions"}],"predecessor-version":[{"id":116128,"href":"https:\/\/www.ifun.de\/apiv2\/wp\/v2\/posts\/116124\/revisions\/116128"}],"wp:featuredmedia":[{"embeddable":true,"href":"https:\/\/www.ifun.de\/apiv2\/wp\/v2\/media\/116127"}],"wp:attachment":[{"href":"https:\/\/www.ifun.de\/apiv2\/wp\/v2\/media?parent=116124"}],"wp:term":[{"taxonomy":"category","embeddable":true,"href":"https:\/\/www.ifun.de\/apiv2\/wp\/v2\/categories?post=116124"},{"taxonomy":"post_tag","embeddable":true,"href":"https:\/\/www.ifun.de\/apiv2\/wp\/v2\/tags?post=116124"}],"curies":[{"name":"wp","href":"https:\/\/api.w.org\/{rel}","templated":true}]}}