{"id":115772,"date":"2017-11-27T18:09:11","date_gmt":"2017-11-27T17:09:11","guid":{"rendered":"https:\/\/www.ifun.de\/?p=115772"},"modified":"2017-11-27T18:09:11","modified_gmt":"2017-11-27T17:09:11","slug":"imac-pro-firmware-enthaelt-hinweise-auf-integrierte-sim-karte","status":"publish","type":"post","link":"https:\/\/www.ifun.de\/imac-pro-firmware-enthaelt-hinweise-auf-integrierte-sim-karte-115772\/","title":{"rendered":"iMac Pro: Firmware enth\u00e4lt Hinweise auf integrierte SIM-Karte"},"content":{"rendered":"<p>Am Freitag starten wir in den Dezember und damit wird die Zeit reif f\u00fcr Apples <a href=\"https:\/\/www.apple.com\/de\/imac-pro\/\">iMac Pro<\/a>. Mit den Worten \u201eder leistungsst\u00e4rkste Mac aller Zeiten kommt diesen Dezember\u201c hat Apple den Rechner im Sommer angek\u00fcndigt, sich allerdings nicht auf ein konkretes Datum festgelegt. Auch die Informationen zum Preis des in Space Grau gehaltenen Rechners sind bislang d\u00fcrftig. \u201eAb 4999 Dollar\u201c war alles, was Apple hier bislang verlauten lie\u00df. In der Top-Konfiguration k\u00f6nnten wir hier am Ende durchaus bei einem f\u00fcnfstelligen Euro-Betrag landen.<\/p>\n<p><a href=\"https:\/\/images.ifun.de\/wp-content\/uploads\/2017\/11\/imac-pro-1.jpg\"><img loading=\"lazy\" decoding=\"async\" src=\"https:\/\/images.ifun.de\/wp-content\/uploads\/2017\/11\/imac-pro-1.jpg\" alt=\"Imac Pro\" width=\"500\" height=\"422\" class=\"alignnone size-full wp-image-115776\" srcset=\"https:\/\/images.ifun.de\/wp-content\/uploads\/2017\/11\/imac-pro-1.jpg 500w, https:\/\/images.ifun.de\/wp-content\/uploads\/2017\/11\/imac-pro-1-300x253.jpg 300w\" sizes=\"auto, (max-width: 500px) 100vw, 500px\" \/><\/a><\/p>\n<p>Das Mac-Blog <a href=\"https:\/\/pikeralpha.wordpress.com\/2017\/11\/20\/imac-pro-theft-protection\/\">Pike&#39;s Universum<\/a> verk\u00fcrzt uns die Wartezeit auf den Rechner mit interessanten, wenngleich etwas abwegig klingenden Spekulationen. In der Firmware f\u00fcr den Rechner sollen sich Hinweise darauf finden, dass sich der Rechner optional mit einer SIM-Karte ausstatten l\u00e4sst.<\/p>\n<p>Was will man im iMac mit einer SIM-Karte? Einen Rechner mit integrierter Telefonfunktion erwartet zumindest von Apple wohl niemand. Dementsprechend wird auch dar\u00fcber spekuliert, ob es sich hierbei um eine erweiterte \u201eFind my Mac\u201c-Funktion handeln k\u00f6nne, bei der der Mac eigenst\u00e4ndig seine GPS-Position verschicken kann. Quasi als erweiterter Diebstahlschutz f\u00fcr den bei seinem Erscheinen dann wohl teuersten Rechner im Apple-Angebot.<\/p>\n<p>Wenn ihr uns fragt, klingt beides wenig realistisch. Wir tendieren zu der dritten, in einem Nebensatz des Blog-Eintrags erw\u00e4hnten Option, dass man bei Apple durch schlampiges Copy &amp; Paste hier einfach einen Schnipsel falschen Code von einem iOS-Ger\u00e4t mit \u00fcbernommen hat. Aber nat\u00fcrlich lassen wir uns gerne in eine andere Richtung \u00fcberraschen.<\/p>\n","protected":false},"excerpt":{"rendered":"<a href=\"https:\/\/www.ifun.de\/imac-pro-firmware-enthaelt-hinweise-auf-integrierte-sim-karte-115772\/\"><img width=\"150\" height=\"150\" src=\"https:\/\/images.ifun.de\/wp-content\/uploads\/2017\/11\/imac-pro-header-150x150.jpg\" class=\"alignright tfe wp-post-image\" alt=\"Imac Pro Header\" decoding=\"async\" loading=\"lazy\" \/><\/a><p>Am Freitag starten wir in den Dezember und damit wird die Zeit reif f\u00fcr Apples iMac Pro. Mit den Worten \u201eder leistungsst\u00e4rkste Mac aller Zeiten kommt diesen Dezember\u201c hat Apple den Rechner im Sommer angek\u00fcndigt, sich allerdings nicht auf ein konkretes Datum festgelegt. Auch die Informationen zum Preis des in Space Grau gehaltenen Rechners sind [&hellip;]<\/p>\n","protected":false},"author":2,"featured_media":115775,"comment_status":"open","ping_status":"closed","sticky":false,"template":"","format":"standard","meta":{"_acf_changed":false,"footnotes":""},"categories":[16],"tags":[333,3718,1072],"class_list":["post-115772","post","type-post","status-publish","format-standard","has-post-thumbnail","hentry","category-mac","tag-gps","tag-imac-pro","tag-sim-karte"],"acf":[],"aioseo_notices":[],"subheadline":["Neuer Diebstahlschutz?"],"featured_image":["https:\/\/images.ifun.de\/wp-content\/uploads\/2017\/11\/imac-pro-header.jpg"],"rest_api_enabler":{"subheadline":"Neuer Diebstahlschutz?","featured_image":"https:\/\/images.ifun.de\/wp-content\/uploads\/2017\/11\/imac-pro-header.jpg"},"_links":{"self":[{"href":"https:\/\/www.ifun.de\/apiv2\/wp\/v2\/posts\/115772","targetHints":{"allow":["GET"]}}],"collection":[{"href":"https:\/\/www.ifun.de\/apiv2\/wp\/v2\/posts"}],"about":[{"href":"https:\/\/www.ifun.de\/apiv2\/wp\/v2\/types\/post"}],"author":[{"embeddable":true,"href":"https:\/\/www.ifun.de\/apiv2\/wp\/v2\/users\/2"}],"replies":[{"embeddable":true,"href":"https:\/\/www.ifun.de\/apiv2\/wp\/v2\/comments?post=115772"}],"version-history":[{"count":3,"href":"https:\/\/www.ifun.de\/apiv2\/wp\/v2\/posts\/115772\/revisions"}],"predecessor-version":[{"id":115777,"href":"https:\/\/www.ifun.de\/apiv2\/wp\/v2\/posts\/115772\/revisions\/115777"}],"wp:featuredmedia":[{"embeddable":true,"href":"https:\/\/www.ifun.de\/apiv2\/wp\/v2\/media\/115775"}],"wp:attachment":[{"href":"https:\/\/www.ifun.de\/apiv2\/wp\/v2\/media?parent=115772"}],"wp:term":[{"taxonomy":"category","embeddable":true,"href":"https:\/\/www.ifun.de\/apiv2\/wp\/v2\/categories?post=115772"},{"taxonomy":"post_tag","embeddable":true,"href":"https:\/\/www.ifun.de\/apiv2\/wp\/v2\/tags?post=115772"}],"curies":[{"name":"wp","href":"https:\/\/api.w.org\/{rel}","templated":true}]}}