{"id":115546,"date":"2017-11-21T18:45:16","date_gmt":"2017-11-21T17:45:16","guid":{"rendered":"https:\/\/www.ifun.de\/?p=115546"},"modified":"2017-11-21T18:48:29","modified_gmt":"2017-11-21T17:48:29","slug":"apples-homepod-seit-fuenf-jahren-in-der-entwicklung","status":"publish","type":"post","link":"https:\/\/www.ifun.de\/apples-homepod-seit-fuenf-jahren-in-der-entwicklung-115546\/","title":{"rendered":"Apples HomePod seit f\u00fcnf Jahren in der Entwicklung"},"content":{"rendered":"<p>Warum hat Apple den <a href=\"https:\/\/www.apple.com\/homepod\/\">HomePod<\/a> so fr\u00fch angek\u00fcndigt? Eine Frage, auf die wir vermutlich nie Antwort erhalten werden. In der Chefetage des Unternehmens d\u00fcrfte sich die Begeisterung dar\u00fcber, dass der urspr\u00fcnglich noch f\u00fcr dieses Jahr angesetzte Verkaufsstart des Ger\u00e4ts nun nach hinten <a href=\"https:\/\/www.ifun.de\/apple-homepod-startet-erst-2018-115440\/\">verschoben<\/a> werden musste, jedenfalls in Grenzen halten. Ein hausgemachtes Problem, denn w\u00e4re das Unternehmen im Sommer nicht mit der Neuentwicklung hausieren gegangen, h\u00e4tte es nun auch keinen R\u00fcckzieher machen m\u00fcssen.<\/p>\n<p>Fr\u00fche und teils auch verfr\u00fchte Produktank\u00fcndigungen geh\u00f6ren in der \u00c4ra Tim Cook mittlerweile ins gewohnte Bild. Die Zeiten, zu denen uns Apple mit einer aus dem Hut gezauberten Hardware-\u00dcberraschung verz\u00fccken konnte, sind wohl f\u00fcr immer vorbei. Diesen Spa\u00dfverlust kann man allerdings nicht vollumf\u00e4nglich der neuen Apple-F\u00fchrung anlasten. Es scheint schlicht und einfach auch nicht mehr m\u00f6glich, mit den Details zu kommenden Apple-Produkten erfolgreich hinterm Berg zu halten. Apple ist zu gro\u00df geworden, und schon die an der fr\u00fchen Entwicklung neuer Produkte beteiligte Zahl interner und externer Mitarbeiter un\u00fcberschaubar.<\/p>\n<p>So gab es auch im Vorfeld der HomePod-Ank\u00fcndigung ja l\u00e4ngst Ger\u00fcchte dahingehend, dass Apple an einem \u201eSmart Speaker\u201c als Konkurrenzprodukt zu Amazons Echo-Ger\u00e4ten oder Google Home arbeitet. Interessant ist hierzu nun ein Bericht des Wirtschaftsmagazins <a href=\"https:\/\/www.bloomberg.com\/news\/articles\/2017-11-21\/why-apple-s-homepod-is-three-years-behind-amazon-s-echo\" title=\"Bloomberg\">Bloomberg<\/a>, dem zufolge Apple das Projekt bereits seit gut f\u00fcnf Jahren verfolgt.<\/p>\n<p><a href=\"https:\/\/images.ifun.de\/wp-content\/uploads\/2017\/11\/homepod-innen.jpg\"><img loading=\"lazy\" decoding=\"async\" src=\"https:\/\/images.ifun.de\/wp-content\/uploads\/2017\/11\/homepod-innen.jpg\" alt=\"Homepod Innen\" width=\"700\" height=\"474\" class=\"alignnone size-full wp-image-115550\" srcset=\"https:\/\/images.ifun.de\/wp-content\/uploads\/2017\/11\/homepod-innen.jpg 700w, https:\/\/images.ifun.de\/wp-content\/uploads\/2017\/11\/homepod-innen-300x203.jpg 300w\" sizes=\"auto, (max-width: 700px) 100vw, 700px\" \/><\/a><\/p>\n<p>Urspr\u00fcnglich h\u00e4tte sich demnach bei Apple ein Team von Audiospezialisten zusammengesetzt, um einen besseren Lautsprecher als die Produkte von Bose, JBL&nbsp;oder Harman Kardon zu entwickeln. Das Projekt ging dem Bericht zufolge dann durch allerlei H\u00f6hen und Tiefen und erarbeitete verschiedene Prototypen wie etwa einen knapp einen Meter hohen HomePod-Vorl\u00e4ufer, auch von einem Versuchsger\u00e4t in Flachpanel-Bauweise ist die Rede.<\/p>\n<p>Im Laufe ihrer Arbeit h\u00e4tten sich die Apple-Techniker auch direkt nach dessen Erscheinen einen Amazon Echo geschnappt und zerlegt, nur um diesen aufgrund seiner f\u00fcr sie unbefriedigenden Klangeigenschaften wieder beiseite zu legen. \u00dcber die Jahre hinweg sei das Projekt zudem auch mehrfach kurz vor dem Aus gestanden, bis Apple den HiFi-Lautsprecher mit Siri-Integration dann diesen Sommer offiziell angek\u00fcndigt hat.<\/p>\n<p>Nun warten wir mit Spannung darauf, wann und wie sich Apple konkret der stetig wachsenden Konkurrenz stellt. Auch mit Blick auf die Klangeigenschaften muss sich der Echo k\u00fcnftig nicht mehr mit dem Amazon Echo, sondern etwa mit dem kommenden <a href=\"https:\/\/www.ifun.de\/google-home-mini-google-home-max-und-neue-funktionen-fuer-den-google-assistant-113701\/\" title=\"Google Home Mini, Google Home Max und neue Funktionen f\u00fcr den Google Assistant\">Google Home Max<\/a> oder auch den mittlerweile mit Alexa-Integration verf\u00fcgbaren Sonos-Lautsprechern messen. Eine Zauberformel f\u00fcr den Erfolg des HomePod d\u00fcrfte zudem seine Kompatibilit\u00e4t sein. So wird es sich Apple wohl nicht leisten k\u00f6nnen, auf eine \u00d6ffnung gegen\u00fcber Apple-Music-Konkurrenten wie Spotify dauerhaft zu verzichten.<\/p>\n<p>Der HomePod wartet weiter auf ein konkretes Startdatum. Die <a href=\"https:\/\/www.apple.com\/homepod\/\">Webseite<\/a> zum Produkt wurde mittlerweile an die neuen Gegebenheiten angepasst und spricht nun von einer Verf\u00fcgbarkeit \u201eAnfang 2018\u201c. Dies gilt allerdings nur f\u00fcr die USA, Gro\u00dfbritannien und Australien. Wann das Ger\u00e4t auch hierzulande erh\u00e4ltlich ist, bleibt bislang v\u00f6llig offen.<img loading=\"lazy\" decoding=\"async\" src=\"http:\/\/vg01.met.vgwort.de\/na\/8124071aba914f3ebb77f8103975080b\" width=\"1\" height=\"1\" class=\"tracking\"><\/p>\n","protected":false},"excerpt":{"rendered":"<a href=\"https:\/\/www.ifun.de\/apples-homepod-seit-fuenf-jahren-in-der-entwicklung-115546\/\"><img width=\"150\" height=\"150\" src=\"https:\/\/images.ifun.de\/wp-content\/uploads\/2017\/11\/homepod-siri-header-150x150.jpg\" class=\"alignright tfe wp-post-image\" alt=\"Homepod Siri Header\" decoding=\"async\" loading=\"lazy\" \/><\/a><p>Warum hat Apple den HomePod so fr\u00fch angek\u00fcndigt? Eine Frage, auf die wir vermutlich nie Antwort erhalten werden. In der Chefetage des Unternehmens d\u00fcrfte sich die Begeisterung dar\u00fcber, dass der urspr\u00fcnglich noch f\u00fcr dieses Jahr angesetzte Verkaufsstart des Ger\u00e4ts nun nach hinten verschoben werden musste, jedenfalls in Grenzen halten. Ein hausgemachtes Problem, denn w\u00e4re das [&hellip;]<\/p>\n","protected":false},"author":2,"featured_media":115552,"comment_status":"open","ping_status":"closed","sticky":false,"template":"","format":"standard","meta":{"_acf_changed":false,"footnotes":""},"categories":[1],"tags":[4736,3714],"class_list":["post-115546","post","type-post","status-publish","format-standard","has-post-thumbnail","hentry","category-news","tag-apple","tag-homepod"],"acf":[],"aioseo_notices":[],"subheadline":["Ingenieure wollten \"besseren Lautsprecher\""],"featured_image":["https:\/\/images.ifun.de\/wp-content\/uploads\/2017\/11\/homepod-header-1.jpg","https:\/\/images.ifun.de\/wp-content\/uploads\/2017\/11\/homepod-header-1.jpg"],"rest_api_enabler":{"subheadline":"Ingenieure wollten \"besseren Lautsprecher\"","featured_image":["https:\/\/images.ifun.de\/wp-content\/uploads\/2017\/11\/homepod-header-1.jpg","https:\/\/images.ifun.de\/wp-content\/uploads\/2017\/11\/homepod-header-1.jpg"]},"_links":{"self":[{"href":"https:\/\/www.ifun.de\/apiv2\/wp\/v2\/posts\/115546","targetHints":{"allow":["GET"]}}],"collection":[{"href":"https:\/\/www.ifun.de\/apiv2\/wp\/v2\/posts"}],"about":[{"href":"https:\/\/www.ifun.de\/apiv2\/wp\/v2\/types\/post"}],"author":[{"embeddable":true,"href":"https:\/\/www.ifun.de\/apiv2\/wp\/v2\/users\/2"}],"replies":[{"embeddable":true,"href":"https:\/\/www.ifun.de\/apiv2\/wp\/v2\/comments?post=115546"}],"version-history":[{"count":8,"href":"https:\/\/www.ifun.de\/apiv2\/wp\/v2\/posts\/115546\/revisions"}],"predecessor-version":[{"id":115557,"href":"https:\/\/www.ifun.de\/apiv2\/wp\/v2\/posts\/115546\/revisions\/115557"}],"wp:featuredmedia":[{"embeddable":true,"href":"https:\/\/www.ifun.de\/apiv2\/wp\/v2\/media\/115552"}],"wp:attachment":[{"href":"https:\/\/www.ifun.de\/apiv2\/wp\/v2\/media?parent=115546"}],"wp:term":[{"taxonomy":"category","embeddable":true,"href":"https:\/\/www.ifun.de\/apiv2\/wp\/v2\/categories?post=115546"},{"taxonomy":"post_tag","embeddable":true,"href":"https:\/\/www.ifun.de\/apiv2\/wp\/v2\/tags?post=115546"}],"curies":[{"name":"wp","href":"https:\/\/api.w.org\/{rel}","templated":true}]}}