{"id":115048,"date":"2017-11-09T16:56:44","date_gmt":"2017-11-09T15:56:44","guid":{"rendered":"https:\/\/www.ifun.de\/?p=115048"},"modified":"2017-11-09T16:57:28","modified_gmt":"2017-11-09T15:57:28","slug":"apples-neues-besucherzentrum-oeffnet-am-17-november","status":"publish","type":"post","link":"https:\/\/www.ifun.de\/apples-neues-besucherzentrum-oeffnet-am-17-november-115048\/","title":{"rendered":"Apples neues Besucherzentrum \u00f6ffnet am 17. November"},"content":{"rendered":"<p>N\u00e4chsten Freitag \u00f6ffnet im kalifornischen Cupertino der neue \u201eCompany Store\u201c im Besucherzentrum der neuen Apple-Firmenzentrale \u201e<a href=\"https:\/\/www.apple.com\/de\/newsroom\/2017\/02\/apple-park-opens-to-employees-in-april\/\">Apple Park<\/a>\u201c seine Tore. Apple hat den Termin auf einem <a href=\"https:\/\/twitter.com\/iGrahamC\/status\/928367381319098368\" title=\"shared\">Schild<\/a> im Eingangsbereich des noch nicht f\u00fcr die \u00d6ffentlichkeit zug\u00e4nglichen Besucherzentrums angek\u00fcndigt. F\u00fcr den Tag davor hat Apple Anwohner aus den anliegenden Wohngebieten zu einem exklusiven Besuch <a href=\"https:\/\/twitter.com\/AbbiV\/status\/928088602717782016\">eingeladen<\/a>.<\/p>\n<p><a href=\"http:\/\/images.ifun.de\/wp-content\/uploads\/2015\/07\/50026.jpg\"><img loading=\"lazy\" decoding=\"async\" src=\"http:\/\/images.ifun.de\/wp-content\/uploads\/2015\/07\/50026.jpg\" alt=\"500\" width=\"500\" height=\"295\" class=\"alignnone size-full wp-image-79996\" srcset=\"https:\/\/images.ifun.de\/wp-content\/uploads\/2015\/07\/50026.jpg 500w, https:\/\/images.ifun.de\/wp-content\/uploads\/2015\/07\/50026-300x177.jpg 300w\" sizes=\"auto, (max-width: 500px) 100vw, 500px\" \/><\/a><\/p>\n<p>Der alte Apple Company Store befindet sich noch in der bisherigen Firmenzentrale <a href=\"https:\/\/www.apple.com\/retail\/infiniteloop\/\">Infinite Loop<\/a> und ist bislang der einzige Apple Store weltweit, der \u00fcber das regul\u00e4re Produktangebot hinaus auch Werbe- und Fan-Artikel anbietet. Ihr k\u00f6nnt dort vom Kaffeebecher bis zur Windjacke verschiedenste Produkte mit Apple-Logo kaufen, besonders beliebt sind die regelm\u00e4\u00dfig in neuen Editionen erh\u00e4ltlichen T-Shirts mit Spr\u00fcchen wie \u201eI visited the Apple Campus, but that\u2019s all I\u2019m allowed to say\u201c oder dem Klassiker \u201eI visited the Mothership\u201c.<\/p>\n<p>Der Apple Store im Besucherzentrum der neuen Firmenzentrale d\u00fcrfte den alten Company Store auf kurz oder lang abl\u00f6sen. Zus\u00e4tzlich findet sich dort ein f\u00fcr alle Besucher ge\u00f6ffnetes Caf\u00e9 sowie eine Aussichtsplattform mit Blick auf das neue Firmengel\u00e4nde.<\/p>\n","protected":false},"excerpt":{"rendered":"<a href=\"https:\/\/www.ifun.de\/apples-neues-besucherzentrum-oeffnet-am-17-november-115048\/\"><img decoding=\"async\" width=\"150\" src=\"http:\/\/images.ifun.de\/wp-content\/uploads\/2015\/07\/50026.jpg\" class=\"alignright wp-post-image tfe\" alt=\"500\" title=\"\" \/><\/a><p>N\u00e4chsten Freitag \u00f6ffnet im kalifornischen Cupertino der neue \u201eCompany Store\u201c im Besucherzentrum der neuen Apple-Firmenzentrale \u201eApple Park\u201c seine Tore. Apple hat den Termin auf einem Schild im Eingangsbereich des noch nicht f\u00fcr die \u00d6ffentlichkeit zug\u00e4nglichen Besucherzentrums angek\u00fcndigt. F\u00fcr den Tag davor hat Apple Anwohner aus den anliegenden Wohngebieten zu einem exklusiven Besuch eingeladen. Der alte [&hellip;]<\/p>\n","protected":false},"author":2,"featured_media":0,"comment_status":"open","ping_status":"closed","sticky":false,"template":"","format":"standard","meta":{"_acf_changed":false,"footnotes":""},"categories":[3],"tags":[3620,49,462],"class_list":["post-115048","post","type-post","status-publish","format-standard","hentry","category-apple","tag-apple-park","tag-apple-store","tag-cupertino"],"acf":[],"aioseo_notices":[],"subheadline":["Neuer \"Company Store\""],"featured_image":["http:\/\/images.ifun.de\/wp-content\/uploads\/2015\/07\/header25.jpg"],"rest_api_enabler":{"subheadline":"Neuer \"Company Store\"","featured_image":"http:\/\/images.ifun.de\/wp-content\/uploads\/2015\/07\/header25.jpg"},"_links":{"self":[{"href":"https:\/\/www.ifun.de\/apiv2\/wp\/v2\/posts\/115048","targetHints":{"allow":["GET"]}}],"collection":[{"href":"https:\/\/www.ifun.de\/apiv2\/wp\/v2\/posts"}],"about":[{"href":"https:\/\/www.ifun.de\/apiv2\/wp\/v2\/types\/post"}],"author":[{"embeddable":true,"href":"https:\/\/www.ifun.de\/apiv2\/wp\/v2\/users\/2"}],"replies":[{"embeddable":true,"href":"https:\/\/www.ifun.de\/apiv2\/wp\/v2\/comments?post=115048"}],"version-history":[{"count":3,"href":"https:\/\/www.ifun.de\/apiv2\/wp\/v2\/posts\/115048\/revisions"}],"predecessor-version":[{"id":115051,"href":"https:\/\/www.ifun.de\/apiv2\/wp\/v2\/posts\/115048\/revisions\/115051"}],"wp:attachment":[{"href":"https:\/\/www.ifun.de\/apiv2\/wp\/v2\/media?parent=115048"}],"wp:term":[{"taxonomy":"category","embeddable":true,"href":"https:\/\/www.ifun.de\/apiv2\/wp\/v2\/categories?post=115048"},{"taxonomy":"post_tag","embeddable":true,"href":"https:\/\/www.ifun.de\/apiv2\/wp\/v2\/tags?post=115048"}],"curies":[{"name":"wp","href":"https:\/\/api.w.org\/{rel}","templated":true}]}}