{"id":114402,"date":"2017-10-24T08:10:32","date_gmt":"2017-10-24T06:10:32","guid":{"rendered":"https:\/\/www.ifun.de\/?p=114402"},"modified":"2017-10-24T08:10:32","modified_gmt":"2017-10-24T06:10:32","slug":"7000-unknackbare-mobilgeraete-fbi-kritisiert-verschluesselung","status":"publish","type":"post","link":"https:\/\/www.ifun.de\/7000-unknackbare-mobilgeraete-fbi-kritisiert-verschluesselung-114402\/","title":{"rendered":"7000 unknackbare Mobilger\u00e4te: FBI kritisiert Verschl\u00fcsselung"},"content":{"rendered":"<p>Die Hardware-Verschl\u00fcsselung von iPhone, iPad, MacBook und Co. macht den Strafverfolgungsbeh\u00f6rden zu schaffen. Dies hat der amtierende Direktor der amerikanischen Bundespolizei, Christopher Wray, jetzt noch mal gegen\u00fcber der <a href=\"https:\/\/apnews.com\/04791dfbe30a4d3596e8d187b16d837e\">Nachrichtenagentur AP<\/a> unterstrichen und heizt die seit Februar 2016 schwelende Auseinandersetzung zwischen Apple und dem FBI damit erneut an.<\/p>\n<p><a href=\"https:\/\/images.ifun.de\/wp-content\/uploads\/2017\/10\/break-1.jpg\"><img loading=\"lazy\" decoding=\"async\" class=\"aligncenter size-full wp-image-114403\" src=\"https:\/\/images.ifun.de\/wp-content\/uploads\/2017\/10\/break-1.jpg\" alt=\"Break 1\" width=\"500\" height=\"337\" srcset=\"https:\/\/images.ifun.de\/wp-content\/uploads\/2017\/10\/break-1.jpg 500w, https:\/\/images.ifun.de\/wp-content\/uploads\/2017\/10\/break-1-300x202.jpg 300w\" sizes=\"auto, (max-width: 500px) 100vw, 500px\" \/><\/a><\/p>\n<p>Laut Wray, der am Samstag auf einer Polizei-Konferenz in Philadelphia auftrat, h\u00e4tten sich allein in den letzten 11 Monaten knapp 7000 Mobilger\u00e4te in den Asservatenkammern des FBI angesammelt, deren Inhalte die Beh\u00f6rde nicht durchsuchen k\u00f6nnte. Wray konstatierte:<\/p>\n<blockquote><p>Um es milde auszudr\u00fccken: Dies ist ein riesengro\u00dfes Problem. Die Verschl\u00fcsselung beeinflusst unsere Ermittlungen auf ganzer Linie &#8211; Bet\u00e4ubungsmittel, Menschenhandel, Terrorismusbek\u00e4mpfung, Spionageabwehr, Banden, organisiertes Verbrechen, Ausbeutung von Kindern.<\/p><\/blockquote>\n<h2>Apple vs. FBI: Konflikt schwelt seit 2016<\/h2>\n<p>Am 2. Dezember 2015 starben im kalifornischen San Bernardino 14 Menschen bei einem terroristischen Angriff. Die Tatsache, dass einer der beiden Attent\u00e4ter ein iPhone 5c mit sich f\u00fchrte, macht das Ganze damals zum Politikum f\u00fcr Apple.<\/p>\n<p>Ein amerikanischer Richter ordnete an, dass Apple die Beh\u00f6rden dabei unterst\u00fctzen m\u00fcsste, Zugriff auf die verschl\u00fcsselten Daten des iPhones zu erlangen. Apple protestiere daraufhin \u00f6ffentlich gegen die Entscheidung und entschloss sich daf\u00fcr, gegen das FBI vor Gericht zu ziehen.<\/p>\n<p>Um sich der Auseinandersetzung vor Gericht und einem m\u00f6glicherweise wegweisenden Urteil zu entziehen, scheuten die amerikanischen Strafverfolgungsbeh\u00f6rden damals den Schlagabtausch mit Apple und kauften auf dem grauen Markt ein Hacker-Tool f\u00fcr gut 1,3 Millionen US-Dollar ein, dass die Entsperrung des fraglichen iPhone 5C erm\u00f6glichte. Apple schloss die ausgenutzte Sicherheitsl\u00fccke daraufhin mit einem Software-Update.<\/p>\n<p>Zum Nachlesen:<\/p>\n<ul>\n<li><a title=\"iPhone-Hack: Beh\u00f6rden-Entsperrung kostete US-Steuerzahler $900.000\" href=\"https:\/\/www.iphone-ticker.de\/iphone-hack-behoerden-hack-kostete-us-steuerzahler-900-000-111402\/\">iPhone-Hack: Beh\u00f6rden-Entsperrung kostete US-Steuerzahler $900.000<\/a><\/li>\n<li><a title=\"Apple verweigert FBI erneut Unterst\u00fctzung beim iPhone-Knacken\" href=\"https:\/\/www.iphone-ticker.de\/apple-verweigert-fbi-erneut-unterstuetzung-beim-iphone-knacken-95575\/\">Apple verweigert FBI erneut Unterst\u00fctzung beim iPhone-Knacken<\/a><\/li>\n<li><a title=\"Wahrheitsgehalt ungewiss: FBI legt das iPhone zu den Akten\" href=\"https:\/\/www.iphone-ticker.de\/wahrheitsgehalt-ungewiss-fbi-liegt-das-iphone-zu-den-akten-95157\/\">Wahrheitsgehalt ungewiss: FBI legt das iPhone zu den Akten<\/a><\/li>\n<li><a title=\"Apple vs. FBI: Vorl\u00e4ufiges Ende der Kontroverse \u2013 FBI hat iPhone offenbar selbst \u201egeknackt\u201c\" href=\"https:\/\/www.iphone-ticker.de\/apple-vs-fbi-vorlaeufiges-ende-der-kontroverse-fbi-hat-iphone-offenbar-selbst-geknackt-94668\/\">Apple vs. FBI: Vorl\u00e4ufiges Ende der Kontroverse \u2013 FBI hat iPhone offenbar selbst \u201egeknackt\u201c<\/a><\/li>\n<li><a title=\"Apple vs. FBI: Anh\u00f6rung verschoben, FBI will das iPhone selbst knacken\" href=\"https:\/\/www.iphone-ticker.de\/apple-vs-fbi-anhoerung-verschoben-fbi-will-das-iphone-selbst-knacken-94469\/\">Apple vs. FBI: Anh\u00f6rung verschoben, FBI will das iPhone selbst knacken<\/a><\/li>\n<li><a title=\"iPhone-Entsperrung: Vereinte Nationen an Apples Seite\" href=\"https:\/\/www.iphone-ticker.de\/iphone-entsperrung-vereinte-nationen-an-apples-seite-93812\/\">iPhone-Entsperrung: Vereinte Nationen an Apples Seite<\/a><\/li>\n<li><a title=\"Craig Federighi: \u00abiOS 7 sei doch sicher genug. FBI wollte die Uhr zur\u00fcckdrehen.\u00bb\" href=\"https:\/\/www.iphone-ticker.de\/craig-federighi-ios-7-sei-doch-sicher-genug-fbi-wollte-die-uhr-zurueckdrehen-93773\/\">Craig Federighi: \u00abiOS 7 sei doch sicher genug. FBI wollte die Uhr zur\u00fcckdrehen.\u00bb<\/a><\/li>\n<li><a title=\"FBI Fall: Apple legt Unterst\u00fctzer-Briefe vor\" href=\"https:\/\/www.iphone-ticker.de\/fbi-fall-apple-legt-unterstuetzer-briefe-vor-93649\/\">FBI Fall: Apple legt Unterst\u00fctzer-Briefe vor<\/a><\/li>\n<li><a title=\"Urteil mit Signalwirkung: Apple muss nicht entschl\u00fcsseln\" href=\"https:\/\/www.iphone-ticker.de\/urteil-mit-signalwirkung-apple-muss-nicht-entschluesseln-93493\/\">Urteil mit Signalwirkung: Apple muss nicht entschl\u00fcsseln<\/a><\/li>\n<\/ul>\n","protected":false},"excerpt":{"rendered":"<a href=\"https:\/\/www.ifun.de\/7000-unknackbare-mobilgeraete-fbi-kritisiert-verschluesselung-114402\/\"><img width=\"150\" height=\"150\" src=\"https:\/\/images.ifun.de\/wp-content\/uploads\/2017\/10\/fbi-150x150.jpg\" class=\"alignright tfe wp-post-image\" alt=\"Fbi\" decoding=\"async\" loading=\"lazy\" \/><\/a><p>Die Hardware-Verschl\u00fcsselung von iPhone, iPad, MacBook und Co. macht den Strafverfolgungsbeh\u00f6rden zu schaffen. Dies hat der amtierende Direktor der amerikanischen Bundespolizei, Christopher Wray, jetzt noch mal gegen\u00fcber der Nachrichtenagentur AP unterstrichen und heizt die seit Februar 2016 schwelende Auseinandersetzung zwischen Apple und dem FBI damit erneut an. Laut Wray, der am Samstag auf einer Polizei-Konferenz [&hellip;]<\/p>\n","protected":false},"author":1,"featured_media":114404,"comment_status":"open","ping_status":"closed","sticky":false,"template":"","format":"standard","meta":{"_acf_changed":false,"footnotes":""},"categories":[3],"tags":[4736,2962,553,1382],"class_list":["post-114402","post","type-post","status-publish","format-standard","has-post-thumbnail","hentry","category-apple","tag-apple","tag-fbi","tag-recht","tag-verschlusselung"],"acf":[],"aioseo_notices":[],"featured_image":["https:\/\/images.ifun.de\/wp-content\/uploads\/2017\/10\/fbi.jpg"],"subheadline":["Konflikt schwelt seit 2016"],"rest_api_enabler":{"featured_image":"https:\/\/images.ifun.de\/wp-content\/uploads\/2017\/10\/fbi.jpg","subheadline":"Konflikt schwelt seit 2016"},"_links":{"self":[{"href":"https:\/\/www.ifun.de\/apiv2\/wp\/v2\/posts\/114402","targetHints":{"allow":["GET"]}}],"collection":[{"href":"https:\/\/www.ifun.de\/apiv2\/wp\/v2\/posts"}],"about":[{"href":"https:\/\/www.ifun.de\/apiv2\/wp\/v2\/types\/post"}],"author":[{"embeddable":true,"href":"https:\/\/www.ifun.de\/apiv2\/wp\/v2\/users\/1"}],"replies":[{"embeddable":true,"href":"https:\/\/www.ifun.de\/apiv2\/wp\/v2\/comments?post=114402"}],"version-history":[{"count":1,"href":"https:\/\/www.ifun.de\/apiv2\/wp\/v2\/posts\/114402\/revisions"}],"predecessor-version":[{"id":114405,"href":"https:\/\/www.ifun.de\/apiv2\/wp\/v2\/posts\/114402\/revisions\/114405"}],"wp:featuredmedia":[{"embeddable":true,"href":"https:\/\/www.ifun.de\/apiv2\/wp\/v2\/media\/114404"}],"wp:attachment":[{"href":"https:\/\/www.ifun.de\/apiv2\/wp\/v2\/media?parent=114402"}],"wp:term":[{"taxonomy":"category","embeddable":true,"href":"https:\/\/www.ifun.de\/apiv2\/wp\/v2\/categories?post=114402"},{"taxonomy":"post_tag","embeddable":true,"href":"https:\/\/www.ifun.de\/apiv2\/wp\/v2\/tags?post=114402"}],"curies":[{"name":"wp","href":"https:\/\/api.w.org\/{rel}","templated":true}]}}