{"id":114086,"date":"2017-10-14T09:18:44","date_gmt":"2017-10-14T07:18:44","guid":{"rendered":"https:\/\/www.ifun.de\/?p=114086"},"modified":"2017-10-17T13:41:49","modified_gmt":"2017-10-17T11:41:49","slug":"macbook-pro-retina-2012-und-2013-weiterhin-engpaesse-beim-akkutausch","status":"publish","type":"post","link":"https:\/\/www.ifun.de\/macbook-pro-retina-2012-und-2013-weiterhin-engpaesse-beim-akkutausch-114086\/","title":{"rendered":"MacBook Pro Retina 15&#8243; 2012 und 2013: Weiterhin Engp\u00e4sse beim Akku-Tausch"},"content":{"rendered":"<p>Apple k\u00e4mpft offenbar weiterhin mit Lieferengp\u00e4ssen bei Ersatzteilen f\u00fcr \u00e4ltere, in den Jahren 2012 und 2013 gefertigte MacBook-Pro-Modelle mit 15&#8243; Retina-Bildschirm. <a href=\"https:\/\/www.macrumors.com\/2017\/10\/13\/apple-free-battery-repair-memo\/\">Berichten aus den USA<\/a> hat dies zur Folge, dass Nutzern, die sich bereit erkl\u00e4ren etwas zu warten, eine kostenlose Reparatur angeboten wird.<\/p>\n<p>Knackpunkt ist offenbar die Tatsache, dass bei der Reparatur das Aluminiumgeh\u00e4use der Ger\u00e4te ersetzt werden muss und Apple Schwierigkeiten dabei hat, diese Bauteile in ausreichender Menge als Nachschub zu erhalten. Wie in <a href=\"https:\/\/www.ifixit.com\/Guide\/MacBook+Pro+15-Inch+Retina+Display+Mid+2012+Battery+Replacement\/89197\">dieser Reparaturanleitung<\/a> zu sehen ist, verklebt Apple den Akku auf dem Boden der Ger\u00e4te und tauscht daher das komplette Aluminiumgeh\u00e4use. <\/p>\n<p><a href=\"https:\/\/images.ifun.de\/wp-content\/uploads\/2017\/10\/macbook-pro-akkutausch.jpg\"><img loading=\"lazy\" decoding=\"async\" src=\"https:\/\/images.ifun.de\/wp-content\/uploads\/2017\/10\/macbook-pro-akkutausch.jpg\" alt=\"Macbook Pro Akkutausch\" width=\"700\" height=\"432\" class=\"alignnone size-full wp-image-114089\" srcset=\"https:\/\/images.ifun.de\/wp-content\/uploads\/2017\/10\/macbook-pro-akkutausch.jpg 700w, https:\/\/images.ifun.de\/wp-content\/uploads\/2017\/10\/macbook-pro-akkutausch-300x185.jpg 300w\" sizes=\"auto, (max-width: 700px) 100vw, 700px\" \/><\/a><\/p>\n<h6>Bilder: <a href=\"https:\/\/www.ifixit.com\/Guide\/MacBook+Pro+15-Inch+Retina+Display+Mid+2012+Battery+Replacement\/89197\">ifixit<\/a><\/h6>\n<p>F\u00fcr den Austausch der Akkus der betreffenden Modelle berechnet Apple normalerweise 209 Euro. Diesen Betrag bekommen zumindest in den USA teilweise Kunden erlassen, wenn sie sich mit einem Aufschub bis mindestens Mitte November einverstanden erkl\u00e4ren. Das Unternehmen habe die Mitarbeiter in der Reparaturannahme der Apple Stores dazu angewiesen, Kunden diesen Vorschlag zu unterbreiten. Voraussetzung sei allerdings, dass eine erforderliche Reparatur \u00fcber die Systemmeldung \u201eBatterie warten\u201c in der Men\u00fcleiste angezeigt wird.<\/p>\n<p>Aus dem gleichen Grund wurde Kunden zuvor teilweise sogar der <a href=\"https:\/\/www.ifun.de\/apple-ersetzt-201213er-macbook-pro-modelle-teils-durch-neurere-geraete-110933\/\">Austausch gegen ein Neuger\u00e4t<\/a> angeboten. Diese Aktion wurde allerdings bereits im Sommer wieder eingestellt.<\/p>\n","protected":false},"excerpt":{"rendered":"<a href=\"https:\/\/www.ifun.de\/macbook-pro-retina-2012-und-2013-weiterhin-engpaesse-beim-akkutausch-114086\/\"><img width=\"150\" height=\"150\" src=\"https:\/\/images.ifun.de\/wp-content\/uploads\/2017\/10\/macbook-pro-akkutausch-150x150.jpg\" class=\"alignright tfe wp-post-image\" alt=\"Macbook Pro Akkutausch\" decoding=\"async\" loading=\"lazy\" \/><\/a><p>Apple k\u00e4mpft offenbar weiterhin mit Lieferengp\u00e4ssen bei Ersatzteilen f\u00fcr \u00e4ltere, in den Jahren 2012 und 2013 gefertigte MacBook-Pro-Modelle mit 15&#8243; Retina-Bildschirm. Berichten aus den USA hat dies zur Folge, dass Nutzern, die sich bereit erkl\u00e4ren etwas zu warten, eine kostenlose Reparatur angeboten wird. Knackpunkt ist offenbar die Tatsache, dass bei der Reparatur das Aluminiumgeh\u00e4use der [&hellip;]<\/p>\n","protected":false},"author":2,"featured_media":114089,"comment_status":"open","ping_status":"closed","sticky":false,"template":"","format":"standard","meta":{"_acf_changed":false,"footnotes":""},"categories":[16,1783],"tags":[137,224,123,524],"class_list":["post-114086","post","type-post","status-publish","format-standard","has-post-thumbnail","hentry","category-mac","category-feature","tag-akku","tag-macbook-pro","tag-reparatur","tag-retina"],"acf":[],"aioseo_notices":[],"subheadline":["Teils lange Wartezeit"],"featured_image":["https:\/\/images.ifun.de\/wp-content\/uploads\/2017\/10\/macbook-pro-akku.jpg"],"rest_api_enabler":{"subheadline":"Teils lange Wartezeit","featured_image":"https:\/\/images.ifun.de\/wp-content\/uploads\/2017\/10\/macbook-pro-akku.jpg"},"_links":{"self":[{"href":"https:\/\/www.ifun.de\/apiv2\/wp\/v2\/posts\/114086","targetHints":{"allow":["GET"]}}],"collection":[{"href":"https:\/\/www.ifun.de\/apiv2\/wp\/v2\/posts"}],"about":[{"href":"https:\/\/www.ifun.de\/apiv2\/wp\/v2\/types\/post"}],"author":[{"embeddable":true,"href":"https:\/\/www.ifun.de\/apiv2\/wp\/v2\/users\/2"}],"replies":[{"embeddable":true,"href":"https:\/\/www.ifun.de\/apiv2\/wp\/v2\/comments?post=114086"}],"version-history":[{"count":7,"href":"https:\/\/www.ifun.de\/apiv2\/wp\/v2\/posts\/114086\/revisions"}],"predecessor-version":[{"id":114097,"href":"https:\/\/www.ifun.de\/apiv2\/wp\/v2\/posts\/114086\/revisions\/114097"}],"wp:featuredmedia":[{"embeddable":true,"href":"https:\/\/www.ifun.de\/apiv2\/wp\/v2\/media\/114089"}],"wp:attachment":[{"href":"https:\/\/www.ifun.de\/apiv2\/wp\/v2\/media?parent=114086"}],"wp:term":[{"taxonomy":"category","embeddable":true,"href":"https:\/\/www.ifun.de\/apiv2\/wp\/v2\/categories?post=114086"},{"taxonomy":"post_tag","embeddable":true,"href":"https:\/\/www.ifun.de\/apiv2\/wp\/v2\/tags?post=114086"}],"curies":[{"name":"wp","href":"https:\/\/api.w.org\/{rel}","templated":true}]}}